{"id":656150,"date":"2026-08-30T07:58:15","date_gmt":"2026-08-30T07:58:15","guid":{"rendered":"https:\/\/www.europesays.com\/it\/656150\/"},"modified":"2026-08-30T07:58:15","modified_gmt":"2026-08-30T07:58:15","slug":"la-repubblica-toro-fermo-a-quota-zero-abate-deluso-faccia-a-faccia-con-cairo","status":"publish","type":"post","link":"https:\/\/www.europesays.com\/it\/656150\/","title":{"rendered":"La Repubblica: \u201cToro, fermo a quota zero. Abate deluso, faccia a faccia con Cairo\u201d"},"content":{"rendered":"<p>\n\u201cBerardi gela il Toro, fermo a quota zero\u201d. L\u2019edizione odierna de <strong>La Repubblica<\/strong> fotografa il momento no del Torino dopo la seconda sconfitta consecutiva. A decidere il match al Mapei Stadium \u00e8 stato ancora una volta Domenico Berardi: \u201cQuando vede il Toro, Berardi incorna spesso: il settimo dardo ai granata fa male e affloscia la squadra per la seconda volta in sei giorni, costringendola a guardare la classifica dal basso. Contro il Milan si erano visti aspetti positivi, stavolta la truppa registra un evidente passo indietro\u201d. Il quotidiano evidenzia l&#8217;amarezza di Giovanni Simeone e le grandi manovre sul mercato: &#8220;\u00c8 una sconfitta che fa molto male&#8221; ammette il Cholito. Lo stesso veleno di un popolo granata che prende ormai atto del prossimo addio di Njie, vicino alla Fiorentina per 16 milioni pi\u00f9 4 di bonus. I soldi dello svedese e di Pedersen spalancano le porte a Bragan\u00e7a, ma non baster\u00e0\u201d. A fine gara c&#8217;\u00e8 stato anche un lungo confronto tra mister Ignazio Abate ed il presidente Urbano Cairo per porre le basi per non sprofondare. Infine, il giornale pone l&#8217;accento sulle prestazioni opache dei senatori della rosa: \u201cAbate non trova il miglior apporto dagli uomini di spessore: big come Vlasic, Simeone e Adams stanno rendendo al di sotto dei propri parametri\u201d. Un momentaccio vissuto al Mapei Stadium davanti a pochissimi sostenitori: \u201cAl seguito del Toro ci sono solo circa duecento persone, frutto del divieto di trasferta fino al 3 novembre decretato dopo i disordini del derby\u201d. Ora la squadra cerca il riscatto immediato in Coppa Italia contro il Monza.\n<\/p>\n<p>        <img src=\"https:\/\/www.europesays.com\/it\/wp-content\/uploads\/2026\/08\/WhatsApp-Image-2026-06-07-at-21.10.38-8063bead530c-1200x676.jpeg\"   width=\"2048\" height=\"1154\" alt=\"repubblica\" title=\"repubblica rassegna\" loading=\"eager\" fetchpriority=\"high\" decoding=\"sync\" class=\"w-full h-auto aspect-3\/2 object-cover object-top rounded-lg\"\/><\/p>\n<p data-path-to-node=\"8\">Maggiori dettagli nell&#8217;edizione odierna de La Repubblica.<\/p>\n<p data-path-to-node=\"8\"><strong><a href=\"https:\/\/www.toronews.net\/mondo-granata\/aggiungete-toro-news-alle-vostre-fonti-preferite-su-google-ecco-come-fare\/?refresh_ce\" rel=\"nofollow noopener\" target=\"_blank\">Aggiungete Toro News alle vostre fonti preferite su Google! Ecco come fare<\/a><\/strong><\/p>\n","protected":false},"excerpt":{"rendered":"\u201cBerardi gela il Toro, fermo a quota zero\u201d. L\u2019edizione odierna de La Repubblica fotografa il momento no del&hellip;\n","protected":false},"author":3,"featured_media":607624,"comment_status":"","ping_status":"","sticky":false,"template":"","format":"standard","meta":{"footnotes":"","_share_on_mastodon":"0"},"categories":[176],"tags":[63862,7545,7775,277,335113,2239,152239,215673,541,362028,362029,5197,1537,90,89,50653,199464,19548,347265,347266,9609,981,245,244,5517],"class_list":["post-656150","post","type-post","status-publish","format-standard","has-post-thumbnail","category-sport","tag-abate","tag-berardi","tag-cairo","tag-de","tag-de-repubblica","tag-edizione","tag-edizione-odierna","tag-edizione-odierna-de","tag-fermo","tag-fermo-quota","tag-fermo-quota-zero","tag-granata","tag-it","tag-italia","tag-italy","tag-mapei","tag-mapei-stadium","tag-odierna","tag-odierna-de","tag-odierna-de-repubblica","tag-quota","tag-repubblica","tag-sport","tag-sports","tag-toro"],"share_on_mastodon":{"url":"https:\/\/pubeurope.com\/@it\/117183402940900177","error":""},"_links":{"self":[{"href":"https:\/\/www.europesays.com\/it\/wp-json\/wp\/v2\/posts\/656150","targetHints":{"allow":["GET"]}}],"collection":[{"href":"https:\/\/www.europesays.com\/it\/wp-json\/wp\/v2\/posts"}],"about":[{"href":"https:\/\/www.europesays.com\/it\/wp-json\/wp\/v2\/types\/post"}],"author":[{"embeddable":true,"href":"https:\/\/www.europesays.com\/it\/wp-json\/wp\/v2\/users\/3"}],"replies":[{"embeddable":true,"href":"https:\/\/www.europesays.com\/it\/wp-json\/wp\/v2\/comments?post=656150"}],"version-history":[{"count":0,"href":"https:\/\/www.europesays.com\/it\/wp-json\/wp\/v2\/posts\/656150\/revisions"}],"wp:featuredmedia":[{"embeddable":true,"href":"https:\/\/www.europesays.com\/it\/wp-json\/wp\/v2\/media\/607624"}],"wp:attachment":[{"href":"https:\/\/www.europesays.com\/it\/wp-json\/wp\/v2\/media?parent=656150"}],"wp:term":[{"taxonomy":"category","embeddable":true,"href":"https:\/\/www.europesays.com\/it\/wp-json\/wp\/v2\/categories?post=656150"},{"taxonomy":"post_tag","embeddable":true,"href":"https:\/\/www.europesays.com\/it\/wp-json\/wp\/v2\/tags?post=656150"}],"curies":[{"name":"wp","href":"https:\/\/api.w.org\/{rel}","templated":true}]}}