{"id":656168,"date":"2026-08-30T08:14:23","date_gmt":"2026-08-30T08:14:23","guid":{"rendered":"https:\/\/www.europesays.com\/it\/656168\/"},"modified":"2026-08-30T08:14:23","modified_gmt":"2026-08-30T08:14:23","slug":"come-sta-pogacar-diagnosi-operazione-e-cosa-succede-adesso","status":"publish","type":"post","link":"https:\/\/www.europesays.com\/it\/656168\/","title":{"rendered":"Come sta Pogacar: diagnosi, operazione e cosa succede adesso"},"content":{"rendered":"<p>                                Il fenomeno sloveno posta una foto dall&#8217;ospedale a Barcellona<\/p>\n<p>            <a class=\"image is-50x50\" href=\"https:\/\/www.gazzetta.it\/redazione\/ciro-scognamiglio\/\" rel=\"nofollow noopener\" target=\"_blank\"><br \/>\n                <img decoding=\"async\" class=\"is-rounded\" src=\"https:\/\/www.europesays.com\/it\/wp-content\/uploads\/2025\/10\/ciro_scognamiglio_avatar.png\" alt=\"Ciro Scognamiglio\"\/><br \/>\n            <\/a><\/p>\n<p>Giornalista<\/p>\n<p>                    30 agosto &#8211; 09:22  &#8211; MILANO<\/p>\n<p class=\"paragraph\" spellcheck=\"true\">Non c\u2019\u00e8 verso di farsene una ragione. Di accettare ci\u00f2 che \u00e8 impossibile da accettare anche a tarda sera, una volta finito di guardare le immagini per l\u2019ennesima volta. Fa male, malissimo ripensare a Tadej Pogacar insanguinato, dolorante, al limite delle lacrime, salire in ambulanza e lasciare nel corso dell\u2019ottava tappa una Vuelta che stava dominando, in maglia rossa dal primo giorno. Aveva 3\u201950\u201d di vantaggio su Mas, secondo, con 3 successi. Un dramma sportivo. La diagnosi ufficiale arriva alle 20.49, dal medico del team Uae Adrian Rotunno: &#8220;Commozione cerebrale, frattura scomposta della clavicola sinistra, frattura stabile della vertebra cervicale C7 e numerose escoriazioni. Sar\u00e0 necessario un intervento chirurgico alla clavicola, che verr\u00e0 posticipato per precauzioni legate alla commozione cerebrale&#8221;. E adesso? Addio alla tripla corona dopo i 5 Tour e il Giro d\u2019Italia 2024. Gli altri appuntamenti erano il Mondiale del 27 settembre, l\u2019Europeo del 4 ottobre in Slovenia, il Lombardia del 10. La diagnosi   \u00e8 pesante: stagione finita, molto probabilmente. Soprattutto, il Mondiale (27 settembre) allo stato \u00e8 escluso. Chi conosce Pogi &#8211; che oggi ha postato una sua foto dall&#8217;ospedale con il sottofondo musicale di Stay Alive &#8211; non esclude che possa tentare un recupero per ottobre: ma \u00e8 estremamente  difficile.  Come \u00e8 ovvio che sia, finiscono in coda il successo di Bryan Coquard in volata a Xeraco (dopo un\u2019altra maxi-caduta nel finale), e il fatto che ora al comando ci sia Mas, con una classifica generale  pi\u00f9 aperta.\u00a0<\/p>\n<p>    ricostruzione\u2014 \u00a0<\/p>\n<p class=\"paragraph is-inline\" spellcheck=\"true\">Poco meno di 33 km al traguardo: pianura, strada larga (la CV\u2014675), velocit\u00e0 sostenuta. Pogacar sulla parte sinistra della carreggiata, nella parte iniziale del gruppo. Nulla pu\u00f2 mai lasciar presagire ci\u00f2 che sta per accadere: il campione del mondo centra qualcosa. Ma che cosa? Un sasso, ha riferito Pogi al dottore della squadra, anche se delle immagini hanno mostrato un altro oggetto, che sembrava essere la batteria della telecamera per le riprese di una moto tv. Tadej scarta dalla traiettoria ideale, quasi finisce contro Ben Tulett, poi cade rovinosamente sull\u2019asfalto: sembra quasi un tuffo. Il casco lo salva da conseguenze peggiori. L\u2019istinto dell\u2019agonista formidabile che \u00e8 lo porta a tentare di risalire subito in bicicletta, ma non \u00e8 possibile. La maglia rossa \u00e8 lacerata, lo zigomo colpito, la guancia abrasa. Il direttore sportivo Matxin gli tiene il braccio. Arrivano i soccorsi: lo sloveno \u00e8 sofferente ed \u00e8 costretto ad andare in ospedale a Gand\u00eca, la sua Vuelta  finisce cos\u00ec. Fonti della squadra hanno poi confermato alla Gazzetta che l\u2019iridato \u00e8 stato trasferito nella notte, via terra,  a una struttura sanitaria di Barcellona, da dove ha postato una foto in mattinata: con la commozione cerebrale, impossibile prendere l\u2019aereo. Sar\u00e0 dunque operato a Barcellona, quando verr\u00e0 il momento. Per far capire l\u2019eccezionalit\u00e0 dell\u2019evento: Pogi non si ritirava dalla Liegi del 23 aprile 2023, quando si era rotto  lo scafoide, l\u2019unico altro incidente di rilievo subito. Ma c\u2019\u00e8 di pi\u00f9: non aveva mai lasciato anzitempo una corsa a tappe in tutta la carriera, categorie giovanili comprese, dunque  a partire dal 2015.\u00a0<\/p>\n<p>        <img decoding=\"async\" loading=\"lazy\" alt=\"Il fermo immagine, tratto da un video di Eurosport, mostra la caduta di Vincenzo Nibali a pochi chilometri dal traguardo dell'Alpe d'Huez durante il Tour, 19 luglio 2018.&#13;&#10;ANSA\/FERMO IMMAGINE EUROSPORT&#13;&#10;+++EDITORIAL USE ONLY - NO SALES+++\" src=\"https:\/\/dimages2.gazzettaobjects.it\/files\/image_527_789_h\/uploads\/2026\/08\/30\/6a93d5aa2a819.jpeg\" data-full-src=\"https:\/\/www.europesays.com\/it\/wp-content\/uploads\/2026\/08\/6a93d5aa2a819.jpeg\"\/><\/p>\n<p>    impatto\u2014 \u00a0<\/p>\n<p class=\"paragraph is-inline\" spellcheck=\"true\">I sette compagni della Uae-XRG rimasti in corsa \u2013 Vine, Oliveira, Almeida, Torres, Novak, Sivakov, Vermaerke \u2013 arrivano  tutti insieme, a 11\u201933\u201d. Le telecamere li avevano  inquadrati spesso: comprensibilmente spaesati e sconvolti come e pi\u00f9 di tutti gli altri, privi del fuoriclasse che anno dopo anno si \u00e8 trasformato in un leader carismatico e amato. Paradossale  che il patatrac sia successo in una stagione finora sensazionale per Pogi: ai limiti della perfezione. Aveva vinto quasi tutto, dove il quasi sta per la Parigi-Roubaix, persa in volata da Wout Van Aert. Per il resto: quarta Strade Bianche, prima Sanremo, terzo Fiandre, quarta Liegi, Giro di Romandia, Giro di Svizzera, il quinto Tour de France. E adesso sembra quasi un cattivo presagio quanto successo gioved\u00ec verso Castell\u00f2, quella sbandata in discesa verso il traguardo con escursione fuori strada: Pogi era riuscito a sganciare il piede senza cadere con abilit\u00e0 sopraffina, si era riportato su Mas, aveva vinto.<\/p>\n<p><a class=\"is-partner-link\" href=\"https:\/\/gazzaplay.gazzetta.it\/?intcmp=cta_articolo\" rel=\"nofollow noopener\" target=\"_blank\">Quanto ne sai di sport? Metti alla prova la tua abilit\u00e0 e gioca su GazzaPlay<\/a><\/p>\n<p>        <img decoding=\"async\" loading=\"lazy\" alt=\"\" src=\"https:\/\/dimages2.gazzettaobjects.it\/files\/image_527_789_h\/uploads\/2026\/08\/30\/6a93d5a76bcdc.jpeg\" data-full-src=\"https:\/\/www.europesays.com\/it\/wp-content\/uploads\/2026\/08\/6a93d5a76bcdc.jpeg\"\/><\/p>\n<p>    scenario\u2014 \u00a0<\/p>\n<p class=\"paragraph is-inline\" spellcheck=\"true\">Ieri, l\u2019opposto: un grande giro concluso in ambulanza come a luglio era capitato al suo rivale per eccellenza Jonas Vingegaard, fuori dal Tour de France (era secondo, alle spalle di Pogi), dopo avere vinto il Giro d\u2019Italia, con la clavicola \u2013 destra \u2013 ko. E cos\u00ec tocca riflettere sul fatto che tutto, davvero, pu\u00f2 cambiare in un istante. Che niente \u00e8 gi\u00e0 scritto. Che Tadej Pogacar ha finito per perdere la Vuelta nell\u2019unico modo in cui poteva perderla.<\/p>\n<p class=\"is-copyright\">\u00a9 RIPRODUZIONE RISERVATA<\/p>\n","protected":false},"excerpt":{"rendered":"Il fenomeno sloveno posta una foto dall&#8217;ospedale a Barcellona Giornalista 30 agosto &#8211; 09:22 &#8211; MILANO Non c\u2019\u00e8&hellip;\n","protected":false},"author":3,"featured_media":656169,"comment_status":"","ping_status":"","sticky":false,"template":"","format":"standard","meta":{"footnotes":"","_share_on_mastodon":"0"},"categories":[1456],"tags":[6576,2802,13074,351,2770,1887,1824,483,34983,28709,254982,1276,1825,277,2237,3635,3224,5299,228,362038,2240,5830,3369,32871,12272,5235,327,1537,90,89,30377,2219,52421,45433,1353,362039,812,893,1931,3553,65526,362040,14384,7759,407,315,9126,245,2284,244,1857,577,3726,1886,11340,3555,2200,14374],"class_list":["post-656168","post","type-post","status-publish","format-standard","has-post-thumbnail","category-ciclismo","tag-accettare","tag-ambulanza","tag-arrivano","tag-barcellona","tag-caduta","tag-cerebrale","tag-ciclismo","tag-cio","tag-clavicola","tag-commozione","tag-commozione-cerebrale","tag-corsa","tag-cycling","tag-de","tag-de-france","tag-diagnosi","tag-finisce","tag-finito","tag-foto","tag-foto-ospedale","tag-france","tag-frattura","tag-giro","tag-giro-italia","tag-immagini","tag-impossibile","tag-intervento","tag-it","tag-italia","tag-italy","tag-liegi","tag-maglia","tag-maglia-rossa","tag-mas","tag-mondiale","tag-mondiale-settembre","tag-ospedale","tag-ottobre","tag-pogacar","tag-pogi","tag-postato","tag-postato-foto","tag-quarta","tag-rossa","tag-settembre","tag-sinistra","tag-sloveno","tag-sport","tag-sportivo","tag-sports","tag-squadra","tag-stagione","tag-strada","tag-successo","tag-tadej","tag-tour","tag-vinto","tag-vuelta"],"share_on_mastodon":{"url":"","error":"Validation failed: Text character limit of 500 exceeded"},"_links":{"self":[{"href":"https:\/\/www.europesays.com\/it\/wp-json\/wp\/v2\/posts\/656168","targetHints":{"allow":["GET"]}}],"collection":[{"href":"https:\/\/www.europesays.com\/it\/wp-json\/wp\/v2\/posts"}],"about":[{"href":"https:\/\/www.europesays.com\/it\/wp-json\/wp\/v2\/types\/post"}],"author":[{"embeddable":true,"href":"https:\/\/www.europesays.com\/it\/wp-json\/wp\/v2\/users\/3"}],"replies":[{"embeddable":true,"href":"https:\/\/www.europesays.com\/it\/wp-json\/wp\/v2\/comments?post=656168"}],"version-history":[{"count":0,"href":"https:\/\/www.europesays.com\/it\/wp-json\/wp\/v2\/posts\/656168\/revisions"}],"wp:featuredmedia":[{"embeddable":true,"href":"https:\/\/www.europesays.com\/it\/wp-json\/wp\/v2\/media\/656169"}],"wp:attachment":[{"href":"https:\/\/www.europesays.com\/it\/wp-json\/wp\/v2\/media?parent=656168"}],"wp:term":[{"taxonomy":"category","embeddable":true,"href":"https:\/\/www.europesays.com\/it\/wp-json\/wp\/v2\/categories?post=656168"},{"taxonomy":"post_tag","embeddable":true,"href":"https:\/\/www.europesays.com\/it\/wp-json\/wp\/v2\/tags?post=656168"}],"curies":[{"name":"wp","href":"https:\/\/api.w.org\/{rel}","templated":true}]}}