{"id":656185,"date":"2026-08-30T08:27:14","date_gmt":"2026-08-30T08:27:14","guid":{"rendered":"https:\/\/www.europesays.com\/it\/656185\/"},"modified":"2026-08-30T08:27:14","modified_gmt":"2026-08-30T08:27:14","slug":"chiara-ferragni-si-mostra-con-la-maschera-per-lossigeno-in-vacanza-come-sta","status":"publish","type":"post","link":"https:\/\/www.europesays.com\/it\/656185\/","title":{"rendered":"Chiara Ferragni si mostra con la maschera per l\u2019ossigeno in vacanza: come sta"},"content":{"rendered":"<p><strong>Chiara Ferragni<\/strong> continua il suo viaggio in Per\u00f9 godendosi panorami mozzafiato, escursioni e nuove esperienze. Ma una delle ultime immagini condivise con i follower ha fatto <strong>scattare qualche preoccupazione<\/strong>. Nelle sue storie Instagram, infatti, l\u2019imprenditrice digitale si \u00e8 mostrata accanto a Jos\u00e9 Hernandez mentre indossava <strong>una maschera per l\u2019ossigeno<\/strong>. Un\u2019immagine che, inevitabilmente, ha fatto pensare che qualcosa non andasse.<\/p>\n<p>A chiarire cosa fosse successo ci ha pensato la stessa Ferragni, che qualche ora dopo \u00e8 tornata sui social per raccontare ai suoi follower il piccolo <strong>spavento vissuto durante la vacanza<\/strong>.<\/p>\n<p><strong>Chiara Ferragni, bombola d\u2019ossigeno durante il viaggio in Per\u00f9<\/strong><\/p>\n<p>La vacanza di <a href=\"https:\/\/dilei.it\/star-e-vip\/chiara-ferragni\/\" rel=\"nofollow noopener\" target=\"_blank\">Chiara Ferragni<\/a> e Jos\u00e9 Hernandez li ha portati fino a <strong>Cusco<\/strong>, una delle tappe pi\u00f9 suggestive del loro viaggio in Per\u00f9 e anche una citt\u00e0 che si trova a un\u2019altitudine importante. Dopo aver condiviso foto e video delle esperienze vissute insieme, l\u2019influencer ha raccontato di aver affrontato anche un\u2019escursione alla Rainbow Mountain, la celebre montagna che si trova a circa <strong>5.000 metri di altitudine.<\/strong><\/p>\n<p>Un\u2019altezza non proprio banale, soprattutto per chi non \u00e8 abituato a trovarsi cos\u00ec in alto. Almeno inizialmente, Chiara e <a href=\"https:\/\/dilei.it\/vip\/chiara-ferragni-fidanzato-jose-hernandez\/2203927\/\" rel=\"nofollow noopener\" target=\"_blank\">Jos\u00e9<\/a> non sembravano aver avuto particolari problemi. \u201cQuando siamo tornati abbiamo fatto una doccia e abbiamo fatto un giro\u201d, ha raccontato Chiara nelle sue storie dopo aver ricevuto diversi messaggi di apprensione.<\/p>\n<p>L\u2019influencer ha spiegato di aver parlato proprio con Jos\u00e9 del fatto che entrambi non avessero apparentemente sofferto l\u2019altitudine. \u201c<strong>Non abbiamo preso le pillole che aiutano<\/strong>\u201d, ha aggiunto. Poi, per\u00f2, qualcosa \u00e8 cambiato all\u2019improvviso.<\/p>\n<p>Dopo essere usciti per fare un giro, i due sono andati a mangiare una pizza. \u00c8 stato poco dopo, proprio mentre si trovavano a tavola, che <strong>Chiara ha iniziato a sentirsi male<\/strong>. \u201cHo sentito una botta di calore e che <strong>il corpo non rispondeva bene<\/strong>\u201d, ha spiegato.<\/p>\n<p>La sensazione l\u2019ha spaventata parecchio: \u201cSono andata in panico perch\u00e9 <strong>mi sembrava di non respirare bene<\/strong> n\u00e9 che le mie braccia mi rispondessero\u201d, ha raccontato, facendo capire ai follower quanto improvviso sia stato quel momento.<\/p>\n<p>A quel punto la coppia \u00e8 rientrata in hotel, dove Chiara <strong>ha potuto ricevere ossigeno<\/strong> e tenere sotto controllo la situazione. Ed \u00e8 proprio l\u2019<strong>immagine con la maschera<\/strong> che, poco dopo, ha fatto il giro delle sue storie, <strong>facendo preoccupare chi la segue<\/strong>.<\/p>\n<p><strong>Chiara Ferragni, come sta<\/strong><\/p>\n<p>Lo spavento, per fortuna, \u00e8 durato poco. Una volta tornata in hotel, <strong>Chiara ha infatti utilizzato l\u2019ossigeno<\/strong> e nel giro di qualche minuto ha iniziato a stare meglio.<\/p>\n<p>\u201cTutti gli hotel <strong>sono attrezzati con la bombola<\/strong> dell\u2019ossigeno. L\u2019ho tenuta un quarto d\u2019ora poi sono stata bene\u201d, ha poi spiegato nelle sue storie.<\/p>\n<p>Il malessere sarebbe quindi<strong> legato all\u2019altitudine,<\/strong> che in questa parte del viaggio ha raggiunto livelli decisamente diversi da quelli a cui il corpo \u00e8 abituato. Dopo aver trascorso del tempo a circa 5.000 metri per l\u2019escursione alla Rainbow Mountain, Chiara ha probabilmente pagato anche il fatto di aver continuato la giornata come se nulla fosse,<strong> arrivando poi a sentirsi male.<\/strong><\/p>\n<p>Lei stessa ha comunque cercato di ridimensionare la preoccupazione, raccontando l\u2019accaduto con ironia. \u201cOgni volta che dico che sono stata bene, succede qualcosa\u201d, ha scritto, prendendo un po\u2019 in giro se stessa dopo lo spavento.<\/p>\n<p>E alla fine \u00e8 arrivata anche la sua personale morale della giornata: \u201c<strong>Lezione del giorno: mai sentirsi una figa<\/strong>\u201d ha scritto, ammettendo di aver imparato a<strong> non vantarsi troppo<\/strong> quando si tratta di sfidare le alte quote.<\/p>\n<p>\t\t\t\tScopri i personaggi in trend, le storie del momento e molto altro.<br \/>Dove? Sul <a href=\"https:\/\/whatsapp.com\/channel\/0029Vb68mVyHVvTWezDm7d0R\" target=\"_blank\" rel=\"noopener nofollow\">canale WhatsApp di DiLei!<\/a><\/p>\n<p>\t\t\t<a class=\"buttonCall\" href=\"https:\/\/whatsapp.com\/channel\/0029Vb68mVyHVvTWezDm7d0R\" target=\"_blank\" rel=\"noopener nofollow\" title=\"Seguici su WhatsApp\"><br \/>\n\t\t\t\tSeguici su WhatsApp<br \/>\n\t\t\t<\/a><\/p>\n","protected":false},"excerpt":{"rendered":"Chiara Ferragni continua il suo viaggio in Per\u00f9 godendosi panorami mozzafiato, escursioni e nuove esperienze. Ma una delle&hellip;\n","protected":false},"author":3,"featured_media":656186,"comment_status":"","ping_status":"","sticky":false,"template":"","format":"standard","meta":{"footnotes":"","_share_on_mastodon":"0"},"categories":[174],"tags":[1774,203,204,1537,90,89,2644,86],"class_list":["post-656185","post","type-post","status-publish","format-standard","has-post-thumbnail","category-intrattenimento","tag-chiara-ferragni","tag-entertainment","tag-intrattenimento","tag-it","tag-italia","tag-italy","tag-vacanze","tag-vip"],"share_on_mastodon":{"url":"","error":""},"_links":{"self":[{"href":"https:\/\/www.europesays.com\/it\/wp-json\/wp\/v2\/posts\/656185","targetHints":{"allow":["GET"]}}],"collection":[{"href":"https:\/\/www.europesays.com\/it\/wp-json\/wp\/v2\/posts"}],"about":[{"href":"https:\/\/www.europesays.com\/it\/wp-json\/wp\/v2\/types\/post"}],"author":[{"embeddable":true,"href":"https:\/\/www.europesays.com\/it\/wp-json\/wp\/v2\/users\/3"}],"replies":[{"embeddable":true,"href":"https:\/\/www.europesays.com\/it\/wp-json\/wp\/v2\/comments?post=656185"}],"version-history":[{"count":0,"href":"https:\/\/www.europesays.com\/it\/wp-json\/wp\/v2\/posts\/656185\/revisions"}],"wp:featuredmedia":[{"embeddable":true,"href":"https:\/\/www.europesays.com\/it\/wp-json\/wp\/v2\/media\/656186"}],"wp:attachment":[{"href":"https:\/\/www.europesays.com\/it\/wp-json\/wp\/v2\/media?parent=656185"}],"wp:term":[{"taxonomy":"category","embeddable":true,"href":"https:\/\/www.europesays.com\/it\/wp-json\/wp\/v2\/categories?post=656185"},{"taxonomy":"post_tag","embeddable":true,"href":"https:\/\/www.europesays.com\/it\/wp-json\/wp\/v2\/tags?post=656185"}],"curies":[{"name":"wp","href":"https:\/\/api.w.org\/{rel}","templated":true}]}}