{"id":656214,"date":"2026-08-30T08:51:21","date_gmt":"2026-08-30T08:51:21","guid":{"rendered":"https:\/\/www.europesays.com\/it\/656214\/"},"modified":"2026-08-30T08:51:21","modified_gmt":"2026-08-30T08:51:21","slug":"the-last-sunrise-lestate-perfetta-nasconde-la-paura-del-futuro-recensione","status":"publish","type":"post","link":"https:\/\/www.europesays.com\/it\/656214\/","title":{"rendered":"The Last Sunrise, l\u2019estate perfetta nasconde la paura del futuro. Recensione"},"content":{"rendered":"<p>Dietro la storia d\u2019amore e i paesaggi da cartolina, il film lascia spazio anche a uno sguardo sul rapporto tra Maiorca e il turismo. A rappresentare questa tensione \u00e8 Juli\u00e1n, giovane pescatore legato al mare e al territorio, che guarda con diffidenza ai nuovi progetti immobiliari e a un modello di sviluppo che rischia di cambiare il volto dell\u2019isola. Per lui il mare non \u00e8 una scenografia da vacanza, ma il luogo in cui vive e lavora.<\/p>\n<p>Il film sfiora cos\u00ec il tema della gentrificazione, cio\u00e8 quel processo per cui l\u2019arrivo di turismo e nuovi investimenti fa crescere i costi e pu\u00f2 rendere pi\u00f9 difficile per gli abitanti restare nei luoghi in cui sono nati. Anche il fastidio di Juli\u00e1n per le magliette \u201cI Love Mallorca\u201d racconta, con leggerezza, la distanza tra l\u2019isola vissuta ogni giorno e quella trasformata in semplice souvenir. \u00c8 una riflessione appena accennata, ma interessante, perch\u00e9 aggiunge al romance una piccola domanda su chi abbia davvero diritto a chiamare casa un luogo.<\/p>\n<p>Il tema trova un curioso eco anche nella colonna sonora, con Otro Atardecer di <a data-intcmp=\"skytg24_schede_interlink_text\" href=\"https:\/\/tg24.sky.it\/argomenti\/bad-bunny\" rel=\"nofollow noopener\" target=\"_blank\">Bad Bunny<\/a>, artista che ha raccontato spesso nelle sue canzoni le trasformazioni di Puerto Rico e il rapporto problematico con turismo e speculazione. Il titolo, traducibile come \u201cun altro tramonto\u201d, del resto, dialoga con quello del film.\u00a0<\/p>\n<p>Anche se ambientato a Maiorca, il film finisce cos\u00ec per intercettare sensibilit\u00e0 comuni a molte isole turistiche: il desiderio di preservare un\u2019identit\u00e0 mentre il mondo continua a trasformarle in destinazioni da sogno.<\/p>\n<p>\t\t\t\t\t\t<img decoding=\"async\" class=\"c-extended-card__image j-lazyload\" src=\"https:\/\/www.europesays.com\/it\/wp-content\/uploads\/2026\/08\/04-Webphoto_The_Last_Sunrise_-_078118_13.jpg\" loading=\"lazy\" alt=\"\"\/><\/p>\n<p>  \u00a9Webphoto<\/p>\n","protected":false},"excerpt":{"rendered":"Dietro la storia d\u2019amore e i paesaggi da cartolina, il film lascia spazio anche a uno sguardo sul&hellip;\n","protected":false},"author":3,"featured_media":656215,"comment_status":"","ping_status":"","sticky":false,"template":"","format":"standard","meta":{"footnotes":"","_share_on_mastodon":"0"},"categories":[1442],"tags":[7073,5205,203,454,204,1537,90,89,1521],"class_list":["post-656214","post","type-post","status-publish","format-standard","has-post-thumbnail","category-film","tag-amazon-prime","tag-commedia","tag-entertainment","tag-film","tag-intrattenimento","tag-it","tag-italia","tag-italy","tag-movies"],"share_on_mastodon":{"url":"https:\/\/pubeurope.com\/@it\/117183611059568927","error":""},"_links":{"self":[{"href":"https:\/\/www.europesays.com\/it\/wp-json\/wp\/v2\/posts\/656214","targetHints":{"allow":["GET"]}}],"collection":[{"href":"https:\/\/www.europesays.com\/it\/wp-json\/wp\/v2\/posts"}],"about":[{"href":"https:\/\/www.europesays.com\/it\/wp-json\/wp\/v2\/types\/post"}],"author":[{"embeddable":true,"href":"https:\/\/www.europesays.com\/it\/wp-json\/wp\/v2\/users\/3"}],"replies":[{"embeddable":true,"href":"https:\/\/www.europesays.com\/it\/wp-json\/wp\/v2\/comments?post=656214"}],"version-history":[{"count":0,"href":"https:\/\/www.europesays.com\/it\/wp-json\/wp\/v2\/posts\/656214\/revisions"}],"wp:featuredmedia":[{"embeddable":true,"href":"https:\/\/www.europesays.com\/it\/wp-json\/wp\/v2\/media\/656215"}],"wp:attachment":[{"href":"https:\/\/www.europesays.com\/it\/wp-json\/wp\/v2\/media?parent=656214"}],"wp:term":[{"taxonomy":"category","embeddable":true,"href":"https:\/\/www.europesays.com\/it\/wp-json\/wp\/v2\/categories?post=656214"},{"taxonomy":"post_tag","embeddable":true,"href":"https:\/\/www.europesays.com\/it\/wp-json\/wp\/v2\/tags?post=656214"}],"curies":[{"name":"wp","href":"https:\/\/api.w.org\/{rel}","templated":true}]}}