{"id":656236,"date":"2026-08-30T09:08:14","date_gmt":"2026-08-30T09:08:14","guid":{"rendered":"https:\/\/www.europesays.com\/it\/656236\/"},"modified":"2026-08-30T09:08:14","modified_gmt":"2026-08-30T09:08:14","slug":"ciclisti-e-codice-della-strada-targhe-regole-e-controlli","status":"publish","type":"post","link":"https:\/\/www.europesays.com\/it\/656236\/","title":{"rendered":"Ciclisti e Codice della strada: targhe, regole e controlli"},"content":{"rendered":"<p>Gentile Redazione\u2026 Il lettore che segnalava la discrepanza di sanzioni tra ciclisti, inclusi quelli che usano bici con \u201cpedalata assistita\u201d, e automobilisti e\/o motociclisti \u00e8 fondatissima. Non mi limiterei a passaggi vietati ma anche ciclisti che percorrono contromano o tagliano la strada senza dare precedenza dove dovrebbero. Procedere contromano pedalando sul marciapiede chiedendo strada. Traversare sulle strisce senza scendere di sella e magari tra i pedoni. Quando sento invero servizi in cui questi ciclisti hanno le vittime le loro associazioni millantano comportamenti ortodossi e rispettosi del cds.<br \/>grazie per l\u2019ospitalit\u00e0<br \/>VS<\/p>\n<p>Gentile Redazione,<br \/>Leggo continuamente di odio fra \u201cmezzi della strada\u201d, io vado in bici, non sono una professionista, per\u00f2 i miei 70 km quando ho tempo, e giretti pi\u00f9 corti quando tempo non c\u2019\u00e8, li faccio. Guido l\u2019auto tutti i giorni e da sempre cammino tanto, direi molto. Per la strada ho trovato pedoni che si buttano per attraversare, senza guardare se arriva qualcuno, automobili che fanno il filo ai ciclisti o che superano a manetta senza pensare alla sicurezza di entrambe le categorie e ciclisti che passano con il rosso o restano affiancati occupando tutta la carreggiata. Tutti, senza escludere nessuno, ti mandano a quel paese perch\u00e9 pensano di avere ragione. Per cui, mi viene da dire che non \u00e8 il mezzo che si \u201cguida\u201dma, purtroppo, la persona che con qualsiasi mezzo non sa stare sulla strada, perch\u00e9 maleducata, menefreghista, disattenta e incurante delle regole e della sicurezza!<br \/>Bisogna avere pi\u00f9 educazione!<br \/>Grazie<br \/>Linda<\/p>\n<p>Gentile Direttore, in merito ai vari articoli pubblicati recentemente sul comportamento \u201c ineducato\u201d per cos\u00ec dire degli automobilisti nei confronti dei poveri ed indifesi ciclisti, mi permetto di far notare che, sicuramente non per colpa di questi ultimi, se la legge obbligasse i ciclisti ad avere retrovisori, assicurazioni e soprattutto TARGHE che attualmente li rendono irriconoscibili, molti di questi \u201cleoni del pedale\u201d sicuramente sarebbero pi\u00f9 attenti a non effettuare manovre pericolose tipo viaggiare affiancati in curva ed altre amenit\u00e0 che , chi frequenta le strade extra urbane conosce bene. La saluto cordialmente.<br \/>F.S<\/p>\n<p>Ho letto quanto scritto da questo lettore, vorrei aggiungere alcune riflessioni in merito, se pur vero che vi sono regole diverse in merito alle varie tipologie e pericolosit\u00e0 dei mezzi, quello che non riesco a comprendere \u00e8 perch\u00e9 la maggior parte dei ciclisti non rispettano il codice della strada come per tutti coloro che circolano qualunque sia il loro mezzo soldi trasporto.<\/p>\n<p>Nonostante vi siano norme bene chiare a tutti non \u00e8 affatto raro vedere gruppi di ciclisti che viaggiano affiancati, che non rispettano stop, passano con semaforo rosso, viaggiano contromano etc.<\/p>\n<p>Sembra che le normali regole di buon senso per i ciclisti non valgano, e quel che \u00e8 peggio che tali comportamenti vengono per lo pi\u00f9 sopportati dagli enti preposti ai controlli ed alla sicurezza stradale.<\/p>\n<p>Forse sarebbe il caso di sensibilizzare maggiormente sia i ciclisti a comportarsi come il codice della strada impone, sia la polizia municipale e stradale a fare rispettare le norme vigenti, cos\u00ec si eviter\u00e0 di fare la solita retorica quando vengono investiti.<\/p>\n<p>Gianni Antonio Vacca<\/p>\n<p>Molti convinti delle targhe come soluzione, onestamente pi\u00f9 passano le settimane e pi\u00f9 ho la conferma che non aiuterebbero, al di l\u00e0 di <a href=\"https:\/\/cyclinside.it\/tag\/targa\/\" rel=\"nofollow noopener\" target=\"_blank\">quanto gi\u00e0 detto<\/a>, a limitare il cattivo uso dei veicoli. Lo vediamo con i monopattini dove, peraltro, la targa cos\u00ec piccola richiederebbe comunque uno stop al veicolo per identificarla, ma anche con i veicoli a motore regolarmente targati.<br \/>\nL\u2019esortazione \u00e8 certamente alla maggiore educazione per tutti: aiuta a convivere serenamente.<br \/>\nLa \u201csolita retorica\u201d riguarda la massa dei veicoli coinvolti che, in caso di incidente, portano a danni gravi a senso unico.<\/p>\n","protected":false},"excerpt":{"rendered":"Gentile Redazione\u2026 Il lettore che segnalava la discrepanza di sanzioni tra ciclisti, inclusi quelli che usano bici con&hellip;\n","protected":false},"author":3,"featured_media":656237,"comment_status":"","ping_status":"","sticky":false,"template":"","format":"standard","meta":{"footnotes":"","_share_on_mastodon":"0"},"categories":[1456],"tags":[1824,1825,208510,1537,90,89,245,244,24315,82031],"class_list":["post-656236","post","type-post","status-publish","format-standard","has-post-thumbnail","category-ciclismo","tag-ciclismo","tag-cycling","tag-educazione-stradale","tag-it","tag-italia","tag-italy","tag-sport","tag-sports","tag-targa","tag-targhe"],"share_on_mastodon":{"url":"https:\/\/pubeurope.com\/@it\/117183676763440856","error":""},"_links":{"self":[{"href":"https:\/\/www.europesays.com\/it\/wp-json\/wp\/v2\/posts\/656236","targetHints":{"allow":["GET"]}}],"collection":[{"href":"https:\/\/www.europesays.com\/it\/wp-json\/wp\/v2\/posts"}],"about":[{"href":"https:\/\/www.europesays.com\/it\/wp-json\/wp\/v2\/types\/post"}],"author":[{"embeddable":true,"href":"https:\/\/www.europesays.com\/it\/wp-json\/wp\/v2\/users\/3"}],"replies":[{"embeddable":true,"href":"https:\/\/www.europesays.com\/it\/wp-json\/wp\/v2\/comments?post=656236"}],"version-history":[{"count":0,"href":"https:\/\/www.europesays.com\/it\/wp-json\/wp\/v2\/posts\/656236\/revisions"}],"wp:featuredmedia":[{"embeddable":true,"href":"https:\/\/www.europesays.com\/it\/wp-json\/wp\/v2\/media\/656237"}],"wp:attachment":[{"href":"https:\/\/www.europesays.com\/it\/wp-json\/wp\/v2\/media?parent=656236"}],"wp:term":[{"taxonomy":"category","embeddable":true,"href":"https:\/\/www.europesays.com\/it\/wp-json\/wp\/v2\/categories?post=656236"},{"taxonomy":"post_tag","embeddable":true,"href":"https:\/\/www.europesays.com\/it\/wp-json\/wp\/v2\/tags?post=656236"}],"curies":[{"name":"wp","href":"https:\/\/api.w.org\/{rel}","templated":true}]}}