{"id":656279,"date":"2026-08-30T09:45:23","date_gmt":"2026-08-30T09:45:23","guid":{"rendered":"https:\/\/www.europesays.com\/it\/656279\/"},"modified":"2026-08-30T09:45:23","modified_gmt":"2026-08-30T09:45:23","slug":"prima-della-guerra-cosi-tommaso-usberti-porta-piadena-al-festival-di-venezia","status":"publish","type":"post","link":"https:\/\/www.europesays.com\/it\/656279\/","title":{"rendered":"&#8220;Prima della Guerra&#8221;, cos\u00ec Tommaso Usberti porta Piadena al Festival di Venezia"},"content":{"rendered":"<p>                    Leggi anche:<\/p>\n<p>  <a href=\"https:\/\/www.oglioponews.it\/2024\/09\/23\/guido-kalb-la-fiera-come-set-e-le-riprese-proseguono\/\" title=\"Guido Kalb, la Fiera come set&#013;&#010;E le riprese proseguono\" rel=\"nofollow noopener\" target=\"_blank\"><\/p>\n<p>              <img decoding=\"async\" src=\"https:\/\/www.europesays.com\/it\/wp-content\/uploads\/2026\/08\/riprese-guido-kalb-150x150.png\" loading=\"lazy\"\/><\/p>\n<p>  <\/a><\/p>\n<p>  <a href=\"https:\/\/www.oglioponews.it\/2024\/07\/22\/piadena-e-la-sua-fiera-set-per-il-primo-film-di-usberti\/\" title=\"Piadena e la sua fiera set &#013;&#010;per il primo film di Usberti\" rel=\"nofollow noopener\" target=\"_blank\"><\/p>\n<p>              <img decoding=\"async\" src=\"https:\/\/www.europesays.com\/it\/wp-content\/uploads\/2026\/08\/film-usberti-piadena-150x150.jpg\" loading=\"lazy\"\/><\/p>\n<p>  <\/a><\/p>\n<p class=\"PDq2pG_selectionAnchorContainer\" data-start=\"281\" data-end=\"710\">Da <strong data-start=\"284\" data-end=\"324\">\u201cI giorni pi\u00f9 intensi di Guido Kalb\u201d<\/strong> a <strong data-start=\"327\" data-end=\"351\">\u201cPrima della Guerra\u201d<\/strong>, ma soprattutto dalle campagne di Piadena Drizzona alla Mostra del Cinema di Venezia. Il film di <strong data-start=\"449\" data-end=\"468\">Tommaso Usberti<\/strong>, 37 anni, regista originario proprio del comune casalasco, ha raggiunto un traguardo di grande prestigio: sar\u00e0 infatti l\u2019unica pellicola italiana selezionata alla <strong data-start=\"632\" data-end=\"674\">Settimana Internazionale della Critica<\/strong> della Mostra del Cinema di Venezia.<\/p>\n<p data-start=\"712\" data-end=\"1036\">Un risultato particolarmente significativo per l\u2019opera prima del giovane regista, anche perch\u00e9 il film porta con s\u00e9 un forte legame con Piadena Drizzona, dove sono state girate alcune scene. E sullo schermo c\u2019\u00e8 anche un altro volto familiare: <strong data-start=\"955\" data-end=\"972\">Piero Usberti<\/strong>, fratello di Tommaso, interpreta infatti il protagonista Guido.<\/p>\n<p data-start=\"1038\" data-end=\"1286\">Un progetto nato anche dal desiderio del regista di tornare alle proprie radici. Lo aveva raccontato due anni fa, quando il film era ancora in fase di preparazione e le riprese erano state presentate proprio durante la Fiera Settembrina di Piadena.<\/p>\n<p data-start=\"1288\" data-end=\"1506\">\u00abMia nonna abitava a Piadena, io ho passato tutte le mie estati a Piadena da bambino, fino all\u2019adolescenza \u2013 raccontava Usberti \u2013. \u00c8 un posto in cui ho ancora la maggior parte della mia famiglia da parte di mio padre\u00bb.<\/p>\n<p data-start=\"1508\" data-end=\"1924\">Il film \u00e8 una <strong data-start=\"1522\" data-end=\"1554\">coproduzione franco-italiana<\/strong>, sostenuta dai Ministeri della Cultura dei due Paesi, e nasce anche da una dimensione profondamente personale. \u00ab\u00c8 una cosa affettiva, un modo di riconnettersi con l\u2019infanzia \u2013 spiegava il regista \u2013. Il cinema \u00e8, un po\u2019 come tutte le arti, anche un gioco. E quindi il giocare qui da bambino si trasforma adesso nel giocare in modo pi\u00f9 serio con lo strumento del cinema\u00bb.<\/p>\n<p data-start=\"1926\" data-end=\"2310\">Al centro della pellicola c\u2019\u00e8 una storia d\u2019amore tormentata. Guido, un ragazzo del territorio, incontra una giovane donna immigrata e il rapporto con lei mette in discussione i valori e le certezze con cui \u00e8 cresciuto. Un incontro capace di destabilizzare il protagonista e di costringerlo a confrontarsi con ci\u00f2 che fino a quel momento aveva considerato parte della propria identit\u00e0.<\/p>\n<p data-start=\"2312\" data-end=\"2522\">Ora quella storia arriva sul palcoscenico internazionale di Venezia, nel cinquantesimo anniversario di <strong data-start=\"2415\" data-end=\"2430\">\u201cNovecento\u201d<\/strong>, il capolavoro di Bernardo Bertolucci che ha raccontato anche queste terre e la loro gente. Per Usberti e per Piadena Drizzona \u00e8 una vetrina di enorme prestigio. E, per <strong data-start=\"2601\" data-end=\"2625\">\u201cPrima della Guerra\u201d<\/strong>, Venezia rappresenta gi\u00e0 un ottimo punto di partenza.<\/p>\n<p>\n                \u00a9 Riproduzione riservata\n              <\/p>\n","protected":false},"excerpt":{"rendered":"Leggi anche: Da \u201cI giorni pi\u00f9 intensi di Guido Kalb\u201d a \u201cPrima della Guerra\u201d, ma soprattutto dalle campagne&hellip;\n","protected":false},"author":3,"featured_media":656280,"comment_status":"","ping_status":"","sticky":false,"template":"","format":"standard","meta":{"footnotes":"","_share_on_mastodon":"0"},"categories":[1442],"tags":[640,203,4631,454,204,1537,90,89,1521,230533,362099,362100,222],"class_list":["post-656279","post","type-post","status-publish","format-standard","has-post-thumbnail","category-film","tag-cinema","tag-entertainment","tag-festival","tag-film","tag-intrattenimento","tag-it","tag-italia","tag-italy","tag-movies","tag-piadena-drizzona","tag-prima-della-guerra","tag-usberti","tag-venezia"],"share_on_mastodon":{"url":"https:\/\/pubeurope.com\/@it\/117183823548017351","error":""},"_links":{"self":[{"href":"https:\/\/www.europesays.com\/it\/wp-json\/wp\/v2\/posts\/656279","targetHints":{"allow":["GET"]}}],"collection":[{"href":"https:\/\/www.europesays.com\/it\/wp-json\/wp\/v2\/posts"}],"about":[{"href":"https:\/\/www.europesays.com\/it\/wp-json\/wp\/v2\/types\/post"}],"author":[{"embeddable":true,"href":"https:\/\/www.europesays.com\/it\/wp-json\/wp\/v2\/users\/3"}],"replies":[{"embeddable":true,"href":"https:\/\/www.europesays.com\/it\/wp-json\/wp\/v2\/comments?post=656279"}],"version-history":[{"count":0,"href":"https:\/\/www.europesays.com\/it\/wp-json\/wp\/v2\/posts\/656279\/revisions"}],"wp:featuredmedia":[{"embeddable":true,"href":"https:\/\/www.europesays.com\/it\/wp-json\/wp\/v2\/media\/656280"}],"wp:attachment":[{"href":"https:\/\/www.europesays.com\/it\/wp-json\/wp\/v2\/media?parent=656279"}],"wp:term":[{"taxonomy":"category","embeddable":true,"href":"https:\/\/www.europesays.com\/it\/wp-json\/wp\/v2\/categories?post=656279"},{"taxonomy":"post_tag","embeddable":true,"href":"https:\/\/www.europesays.com\/it\/wp-json\/wp\/v2\/tags?post=656279"}],"curies":[{"name":"wp","href":"https:\/\/api.w.org\/{rel}","templated":true}]}}