{"id":656301,"date":"2026-08-30T10:07:19","date_gmt":"2026-08-30T10:07:19","guid":{"rendered":"https:\/\/www.europesays.com\/it\/656301\/"},"modified":"2026-08-30T10:07:19","modified_gmt":"2026-08-30T10:07:19","slug":"angelina-jolie-mia-madre-vide-mio-padre-con-unaltra-donna","status":"publish","type":"post","link":"https:\/\/www.europesays.com\/it\/656301\/","title":{"rendered":"Angelina Jolie &#8220;Mia madre vide mio padre con un&#8217;altra donna&#8221;"},"content":{"rendered":"<p data-journey-content=\"true\" data-node-id=\"3\" class=\"css-1ood0zq emevuu60\"><strong data-node-id=\"3.0\">Nel corso degli ultimi decenni, Angelina Jolie si \u00e8 affermata come una delle figure pi\u00f9 celebri e rispettate dell&#8217;industria hollywoodiana<\/strong>. La sua carriera decoll\u00f2 alla fine degli anni Novanta, quando recit\u00f2 in film come Il collezionista di ossa (1999), di Phillip Noyce, dove condivise la scena con Denzel Washington, e Ragazze interrotte (1999), di James Mangold, che le valse l&#8217;Oscar come migliore attrice non protagonista.<\/p>\n<p><img draggable=\"true\" alt=\"angelina jolie maria callas\" title=\"angelina jolie maria callas\" loading=\"lazy\" width=\"3840\" height=\"2160\" decoding=\"async\" data-nimg=\"1\" style=\"color:transparent;width:100%;height:auto;\"   src=\"https:\/\/www.europesays.com\/it\/wp-content\/uploads\/2026\/08\/maria-callas-angelina-jolie-67a29d832277f.jpg\" class=\"css-0 e1ddfba50\"\/><\/p>\n<p>Diamond Films<\/p>\n<p data-journey-content=\"true\" data-node-id=\"11\" class=\"css-1ood0zq emevuu60\">All&#8217;inizio del nuovo millennio, Jolie divenne anche una star del cinema d&#8217;azione grazie a Lara Croft: Tomb Raider (2001), diretto da Simon West e tratto dal celebre videogioco. Negli anni successivi continu\u00f2 ad alternare grandi produzioni a drammi pi\u00f9 impegnativi, come Alexander (2004), di Oliver Stone, Mr. &amp; Mrs. Smith (2005), di Doug Liman, <a href=\"https:\/\/www.marieclaire.it\/attualita\/gossip\/a44444485\/brad-pitt-da-piccolo\/\" target=\"_blank\" data-vars-ga-outbound-link=\"https:\/\/www.marieclaire.it\/attualita\/gossip\/a44444485\/brad-pitt-da-piccolo\/\" data-vars-ga-ux-element=\"Hyperlink\" data-vars-ga-call-to-action=\"sul cui set conobbe Brad Pitt, con il quale avrebbe dato vita a una delle relazioni pi\u00f9 mediatiche della storia recente di Hollywood\" data-node-id=\"11.7\" class=\"body-link css-17yqdwx emevuu60\" rel=\"nofollow noopener\">sul cui set conobbe Brad Pitt, con il quale avrebbe dato vita a una delle relazioni pi\u00f9 mediatiche della storia recente di Hollywood<\/a>, The Good Shepherd &#8211; L&#8217;ombra del potere (2006), di Robert De Niro, e Changeling (2008), di Clint Eastwood, che le valse una candidatura all&#8217;Oscar come migliore attrice protagonista.<\/p>\n<p><img draggable=\"true\" alt=\"sr y sra smith angelina jolie brad pitt\" title=\"sr y sra smith angelina jolie brad pitt\" loading=\"lazy\" width=\"2048\" height=\"1360\" decoding=\"async\" data-nimg=\"1\" style=\"color:transparent;width:100%;height:auto;\"   src=\"https:\/\/www.europesays.com\/it\/wp-content\/uploads\/2026\/08\/sr-y-sra-smith-angelina-jolie-brad-pitt-1550156773.jpg\" class=\"css-0 e1ddfba50\"\/><\/p>\n<p>Getty Images<\/p>\n<p data-journey-content=\"true\" data-node-id=\"16\" class=\"css-1ood0zq emevuu60\"><strong data-node-id=\"16.0\">Il suo legame con il mondo del cinema non fu casuale: Angelina Jolie \u00e8 infatti figlia dell&#8217;attore Jon Voight,<\/strong> diventato celebre grazie a Un uomo da marciapiede (1969), di John Schlesinger, e in seguito protagonista di film come Un tranquillo weekend di paura (1972), di John Boorman, Tornando a casa (1978), di Hal Ashby, che gli valse l&#8217;Oscar come migliore attore protagonista, Heat &#8211; La sfida (1995), di Michael Mann, e Mission: Impossible (1996), di Brian De Palma.<\/p>\n<p data-journey-content=\"true\" data-node-id=\"21\" class=\"css-1ood0zq emevuu60\">Anche sua madre, Marcheline Bertrand, fu attrice, sebbene la sua carriera si limitasse a piccoli ruoli, come quello in Lookin&#8217; to Get Out (1982), di Hal Ashby. <a href=\"https:\/\/www.marieclaire.it\/bellezza\/viso-corpo\/a40233021\/gravidanza-quando-dirlo\/\" target=\"_blank\" data-vars-ga-outbound-link=\"https:\/\/www.marieclaire.it\/bellezza\/viso-corpo\/a40233021\/gravidanza-quando-dirlo\/\" data-vars-ga-ux-element=\"Hyperlink\" data-vars-ga-call-to-action=\"Bertrand abbandon\u00f2 presto le proprie ambizioni artistiche dopo essere rimasta incinta prematuramente del primogenito James Haven\" data-node-id=\"21.3\" class=\"body-link css-17yqdwx emevuu60\" rel=\"nofollow noopener\">Bertrand abbandon\u00f2 presto le proprie ambizioni artistiche dopo essere rimasta incinta prematuramente del primogenito James Haven<\/a>, scegliendo di dedicarsi completamente alla crescita dei figli e rinunciando alla carriera per occuparsi di loro.<\/p>\n<p><img draggable=\"true\" alt=\"angelina jolie\" title=\"angelina jolie\" loading=\"lazy\" width=\"2500\" height=\"2668\" decoding=\"async\" data-nimg=\"1\" style=\"color:transparent;width:100%;height:auto;\"   src=\"https:\/\/www.europesays.com\/it\/wp-content\/uploads\/2026\/08\/padres-angelina-jolie-68499c92a4904.jpg\" class=\"css-0 e1ddfba50\"\/><\/p>\n<p>Getty Images<\/p>\n<p data-journey-content=\"true\" data-node-id=\"26\" class=\"css-1ood0zq emevuu60\">Il matrimonio tra Jon Voight e Marcheline Bertrand fin\u00ec nel 1976, quando Angelina aveva appena un anno. Da quel momento il rapporto dei figli con il padre fu sporadico e distante. Bertrand si assunse da sola la responsabilit\u00e0 della loro educazione e sia Angelina sia il fratello maggiore James Haven svilupparono con lei un legame profondissimo. Questo affetto emerse in modo particolarmente toccante quando Angelina Jolie vinse l&#8217;Oscar come migliore attrice non protagonista per Ragazze interrotte (1999). <a href=\"https:\/\/www.marieclaire.it\/bellezza\/viso-corpo\/a61760582\/mamma-figli-madre-maternita\/\" target=\"_blank\" data-vars-ga-outbound-link=\"https:\/\/www.marieclaire.it\/bellezza\/viso-corpo\/a61760582\/mamma-figli-madre-maternita\/\" data-vars-ga-ux-element=\"Hyperlink\" data-vars-ga-call-to-action=\"Dopo il discorso di ringraziamento, l&#039;attrice decise di consegnare la statuetta alla madre, in segno di gratitudine per tutti i sacrifici compiuti nel corso degli anni per crescere lei e il fratello\" data-node-id=\"26.3\" class=\"body-link css-17yqdwx emevuu60\" rel=\"nofollow noopener\">Dopo il discorso di ringraziamento, l&#8217;attrice decise di consegnare la statuetta alla madre, in segno di gratitudine per tutti i sacrifici compiuti nel corso degli anni per crescere lei e il fratello<\/a>. Nel 2007, Bertrand mor\u00ec a soli 56 anni dopo una lunga battaglia contro un tumore alle ovaie, una perdita che segn\u00f2 profondamente Jolie.<\/p>\n<p><img draggable=\"true\" alt=\"angelina jolie\" title=\"angelina jolie\" loading=\"lazy\" width=\"2000\" height=\"3051\" decoding=\"async\" data-nimg=\"1\" style=\"color:transparent;width:100%;height:auto;\"   src=\"https:\/\/www.europesays.com\/it\/wp-content\/uploads\/2026\/08\/angelina-jolie-padres-68499c9298134.jpg\" class=\"css-0 e1ddfba50\"\/><\/p>\n<p>Getty Images<\/p>\n<p data-journey-content=\"true\" data-node-id=\"31\" class=\"css-1ood0zq emevuu60\">In una recente intervista, l&#8217;attrice ha parlato apertamente della sua infanzia, della figura della madre e del significato che quel momento ebbe nella sua carriera:<\/p>\n<p data-journey-content=\"true\" data-node-id=\"35\" class=\"css-1ood0zq emevuu60\">\u00abQuando ero piccola, i miei genitori divorziarono. Mia madre si ritrov\u00f2 da sola in casa con due bambini piccoli. Il suo sogno era diventare attrice. Aveva appena vent&#8217;anni quando mi ebbe, era giovanissima. Era divorziata. <strong data-node-id=\"35.1\">Mia madre vide mio padre accompagnato da un&#8217;altra donna mentre lui vinceva l&#8217;Oscar, mentre lei era in un appartamento con i suoi due bambini<\/strong>. E ricordo di aver pensato che lei c&#8217;era sempre stata per me e per mio fratello: era stata questa la sua scelta. Ho riflettuto spesso su come dovesse essersi sentita quella sera. \u00c8 un pensiero che non mi ha mai abbandonata. Per questo, quando \u00e8 arrivato il momento di salire su quel palco, ho voluto chiamarla e dirle: &#8220;\u00c8 tuo&#8221;. E poi le ho consegnato l&#8217;Oscar. \u00c8 stato uno dei momenti pi\u00f9 belli della mia vita\u00bb.<\/p>\n","protected":false},"excerpt":{"rendered":"Nel corso degli ultimi decenni, Angelina Jolie si \u00e8 affermata come una delle figure pi\u00f9 celebri e rispettate&hellip;\n","protected":false},"author":3,"featured_media":607284,"comment_status":"","ping_status":"","sticky":false,"template":"","format":"standard","meta":{"footnotes":"","_share_on_mastodon":"0"},"categories":[1451],"tags":[1621,1620,1616,203,204,1537,90,89],"class_list":["post-656301","post","type-post","status-publish","format-standard","has-post-thumbnail","category-celebrita","tag-celebrita","tag-celebrities","tag-discover","tag-entertainment","tag-intrattenimento","tag-it","tag-italia","tag-italy"],"share_on_mastodon":{"url":"https:\/\/pubeurope.com\/@it\/117183910049189894","error":""},"_links":{"self":[{"href":"https:\/\/www.europesays.com\/it\/wp-json\/wp\/v2\/posts\/656301","targetHints":{"allow":["GET"]}}],"collection":[{"href":"https:\/\/www.europesays.com\/it\/wp-json\/wp\/v2\/posts"}],"about":[{"href":"https:\/\/www.europesays.com\/it\/wp-json\/wp\/v2\/types\/post"}],"author":[{"embeddable":true,"href":"https:\/\/www.europesays.com\/it\/wp-json\/wp\/v2\/users\/3"}],"replies":[{"embeddable":true,"href":"https:\/\/www.europesays.com\/it\/wp-json\/wp\/v2\/comments?post=656301"}],"version-history":[{"count":0,"href":"https:\/\/www.europesays.com\/it\/wp-json\/wp\/v2\/posts\/656301\/revisions"}],"wp:featuredmedia":[{"embeddable":true,"href":"https:\/\/www.europesays.com\/it\/wp-json\/wp\/v2\/media\/607284"}],"wp:attachment":[{"href":"https:\/\/www.europesays.com\/it\/wp-json\/wp\/v2\/media?parent=656301"}],"wp:term":[{"taxonomy":"category","embeddable":true,"href":"https:\/\/www.europesays.com\/it\/wp-json\/wp\/v2\/categories?post=656301"},{"taxonomy":"post_tag","embeddable":true,"href":"https:\/\/www.europesays.com\/it\/wp-json\/wp\/v2\/tags?post=656301"}],"curies":[{"name":"wp","href":"https:\/\/api.w.org\/{rel}","templated":true}]}}