{"id":656339,"date":"2026-08-30T10:37:16","date_gmt":"2026-08-30T10:37:16","guid":{"rendered":"https:\/\/www.europesays.com\/it\/656339\/"},"modified":"2026-08-30T10:37:16","modified_gmt":"2026-08-30T10:37:16","slug":"la-promessa-anticipazioni-delle-puntate-30-agosto-5-settembre-2026","status":"publish","type":"post","link":"https:\/\/www.europesays.com\/it\/656339\/","title":{"rendered":"La Promessa anticipazioni delle puntate 30 agosto 5 settembre 2026"},"content":{"rendered":"<p class=\"paragraph\" spellcheck=\"true\"><b>La Promessa <\/b>\u00e8 una delle telenovele attualmente in onda in tv pi\u00f9 amate dal pubblico, capace di ottenere ottimi ascolti sia negli appuntamenti quotidiani alle 19.45 circa, che quando \u00e8 in onda in prima serata il sabato. Arrivata alla quinta stagione in Spagna, attualmente in onda con la quarta in Italia, la serie tv \u00e8 uno dei punti fermi del palinsesto di Rete 4.\u00a0<\/p>\n<p class=\"paragraph\" spellcheck=\"true\">Prima di scoprire quello che ci aspetta nelle prossime puntate tra il<b> 30 agosto e il 5 settembre<\/b>, vediamo dove eravamo rimasti a <b>La Promessa<\/b>. Petra si \u00e8 ripresa e ha tutta l&#8217;intenzione di tornare a lavorare nonostante le difficolt\u00e0. Cristobal le ha concesso cinque giorni per dimostrare il suo valore. Curro ha deciso di allontanarsi da Angela, che ha deciso di sposare Beltran. Leocadia ha ribadito che dal suo punto di vista la lettera di Catalina \u00e8 falsa alimentando la tensione tra Martina e Jacobo.<\/p>\n","protected":false},"excerpt":{"rendered":"La Promessa \u00e8 una delle telenovele attualmente in onda in tv pi\u00f9 amate dal pubblico, capace di ottenere&hellip;\n","protected":false},"author":3,"featured_media":656340,"comment_status":"","ping_status":"","sticky":false,"template":"","format":"standard","meta":{"footnotes":"","_share_on_mastodon":"0"},"categories":[1444],"tags":[2983,2699,10639,1518,11536,29532,475,362124,35689,277,99729,99733,280264,203,16276,204,1537,90,89,9060,16277,9167,26358,26364,5240,26359,26360,8202,2518,26366,26367,407,252,16278,16279,253],"class_list":["post-656339","post","type-post","status-publish","format-standard","has-post-thumbnail","category-tv","tag-addio","tag-agosto","tag-angela","tag-anticipazioni","tag-anticipazioni-puntata","tag-beltran","tag-chiede","tag-cocotte","tag-curro","tag-de","tag-de-promessa","tag-de-promessa-onda","tag-enora","tag-entertainment","tag-infinity","tag-intrattenimento","tag-it","tag-italia","tag-italy","tag-mediaset","tag-mediaset-infinity","tag-onda","tag-onda-rete","tag-onda-rete-streaming","tag-promessa","tag-promessa-onda","tag-promessa-onda-rete","tag-puntata","tag-rete","tag-rete-streaming","tag-rete-streaming-mediaset","tag-settembre","tag-streaming","tag-streaming-mediaset","tag-streaming-mediaset-infinity","tag-tv"],"share_on_mastodon":{"url":"","error":"Validation failed: Text character limit of 500 exceeded"},"_links":{"self":[{"href":"https:\/\/www.europesays.com\/it\/wp-json\/wp\/v2\/posts\/656339","targetHints":{"allow":["GET"]}}],"collection":[{"href":"https:\/\/www.europesays.com\/it\/wp-json\/wp\/v2\/posts"}],"about":[{"href":"https:\/\/www.europesays.com\/it\/wp-json\/wp\/v2\/types\/post"}],"author":[{"embeddable":true,"href":"https:\/\/www.europesays.com\/it\/wp-json\/wp\/v2\/users\/3"}],"replies":[{"embeddable":true,"href":"https:\/\/www.europesays.com\/it\/wp-json\/wp\/v2\/comments?post=656339"}],"version-history":[{"count":0,"href":"https:\/\/www.europesays.com\/it\/wp-json\/wp\/v2\/posts\/656339\/revisions"}],"wp:featuredmedia":[{"embeddable":true,"href":"https:\/\/www.europesays.com\/it\/wp-json\/wp\/v2\/media\/656340"}],"wp:attachment":[{"href":"https:\/\/www.europesays.com\/it\/wp-json\/wp\/v2\/media?parent=656339"}],"wp:term":[{"taxonomy":"category","embeddable":true,"href":"https:\/\/www.europesays.com\/it\/wp-json\/wp\/v2\/categories?post=656339"},{"taxonomy":"post_tag","embeddable":true,"href":"https:\/\/www.europesays.com\/it\/wp-json\/wp\/v2\/tags?post=656339"}],"curies":[{"name":"wp","href":"https:\/\/api.w.org\/{rel}","templated":true}]}}