{"id":656370,"date":"2026-08-30T11:02:16","date_gmt":"2026-08-30T11:02:16","guid":{"rendered":"https:\/\/www.europesays.com\/it\/656370\/"},"modified":"2026-08-30T11:02:16","modified_gmt":"2026-08-30T11:02:16","slug":"pittura-e-fotografia-ununica-voce-per-raccontare-le-donne","status":"publish","type":"post","link":"https:\/\/www.europesays.com\/it\/656370\/","title":{"rendered":"Pittura e fotografia, un\u2019unica voce per raccontare le donne"},"content":{"rendered":"<p>Un dialogo visivo profondo e ravvicinato, in cui la pittura e la fotografia si incontrano e, in alcuni momenti, si fondono per dare vita a una sola voce. La citt\u00e0 di Fossano si prepara ad accogliere <strong>l&#8217;esposizione &#8220;4 variazioni. Un&#8217;unica voce per le donne&#8221; venerd\u00ec 4, sabato 5 e domenica 6 settembre.<\/strong>\u00a0Una mostra che pone al centro dell&#8217;attenzione l&#8217;universo femminile, esplorando la complessit\u00e0 delle sue storie attraverso l&#8217;accostamento di linguaggi espressivi differenti.<\/p>\n<p>Il dialogo tra le arti e il focus sul sociale<\/p>\n<p>La particolarit\u00e0 del progetto consiste nell&#8217;interazione dinamica tra le due discipline creative, la pittura e la fotografia, che dialogano tra loro e arrivano talvolta a integrarsi reciprocamente. Questo percorso visivo affronta temi di profonda rilevanza e forte contrasto. Da un lato, le immagini mettono in luce la drammatica realt\u00e0 della violenza contro le donne; dall&#8217;altro, celebrano ed esaltano la bellezza e l&#8217;eleganza del mondo femminile.<\/p>\n<p>Sono quattro gli <strong>artisti<\/strong> che esporranno le loro opere: <strong>Antonella Lingua, Francesca Piccardoni, Emanuele delle Fave e Monica Sepe.<\/strong><\/p>\n<p>Le tappe del viaggio artistico fino all&#8217;ex Chiesa del Salice<\/p>\n<p>L&#8217;esposizione rappresenta la conclusione di un cammino culturale itinerante che ha gi\u00e0 toccato altre localit\u00e0 della provincia. Il percorso \u00e8 iniziato alla Biblioteca Anna Frank di Borgo San Dalmazzo, per poi fare tappa a Cuneo nella Fondazione Peano, dove ha visto la presentazione a cura di Cesare Botto. La mostra giunge ora alla sua tappa conclusiva a Fossano, dove verr\u00e0 allestita nella cornice dell&#8217;<strong>ex Chiesa del Salice<\/strong>.<\/p>\n<p><strong>L&#8217;inaugurazione<\/strong> sar\u00e0 venerd\u00ec 4 settembre alle 16 all&#8217;ex chiesa del Salice.<\/p>\n<p>La mostra, ad ingresso gratuito, sar\u00e0\u00a0<strong>visitabile<\/strong> venerd\u00ec 4, sabato 5 e domenica 6 settembre dalle 10 alle 12 e dalle 16 alle 19.<\/p>\n","protected":false},"excerpt":{"rendered":"Un dialogo visivo profondo e ravvicinato, in cui la pittura e la fotografia si incontrano e, in alcuni&hellip;\n","protected":false},"author":3,"featured_media":656371,"comment_status":"","ping_status":"","sticky":false,"template":"","format":"standard","meta":{"footnotes":"","_share_on_mastodon":"0"},"categories":[1446],"tags":[1615,1613,1614,1611,1610,1612,2429,203,362141,19692,204,1537,90,89,632,108518],"class_list":["post-656370","post","type-post","status-publish","format-standard","has-post-thumbnail","category-arte-e-design","tag-arte","tag-arte-e-design","tag-arteedesign","tag-arts","tag-arts-and-design","tag-design","tag-donne","tag-entertainment","tag-ex-chiesa-del-salice","tag-fossano","tag-intrattenimento","tag-it","tag-italia","tag-italy","tag-mostra","tag-violenza-contro-le-donne"],"share_on_mastodon":{"url":"https:\/\/pubeurope.com\/@it\/117184125111728438","error":""},"_links":{"self":[{"href":"https:\/\/www.europesays.com\/it\/wp-json\/wp\/v2\/posts\/656370","targetHints":{"allow":["GET"]}}],"collection":[{"href":"https:\/\/www.europesays.com\/it\/wp-json\/wp\/v2\/posts"}],"about":[{"href":"https:\/\/www.europesays.com\/it\/wp-json\/wp\/v2\/types\/post"}],"author":[{"embeddable":true,"href":"https:\/\/www.europesays.com\/it\/wp-json\/wp\/v2\/users\/3"}],"replies":[{"embeddable":true,"href":"https:\/\/www.europesays.com\/it\/wp-json\/wp\/v2\/comments?post=656370"}],"version-history":[{"count":0,"href":"https:\/\/www.europesays.com\/it\/wp-json\/wp\/v2\/posts\/656370\/revisions"}],"wp:featuredmedia":[{"embeddable":true,"href":"https:\/\/www.europesays.com\/it\/wp-json\/wp\/v2\/media\/656371"}],"wp:attachment":[{"href":"https:\/\/www.europesays.com\/it\/wp-json\/wp\/v2\/media?parent=656370"}],"wp:term":[{"taxonomy":"category","embeddable":true,"href":"https:\/\/www.europesays.com\/it\/wp-json\/wp\/v2\/categories?post=656370"},{"taxonomy":"post_tag","embeddable":true,"href":"https:\/\/www.europesays.com\/it\/wp-json\/wp\/v2\/tags?post=656370"}],"curies":[{"name":"wp","href":"https:\/\/api.w.org\/{rel}","templated":true}]}}