{"id":656372,"date":"2026-08-30T11:04:15","date_gmt":"2026-08-30T11:04:15","guid":{"rendered":"https:\/\/www.europesays.com\/it\/656372\/"},"modified":"2026-08-30T11:04:15","modified_gmt":"2026-08-30T11:04:15","slug":"tutto-in-otto-giorni-lsms-di-sigfrido-e-il-blitz-di-tavares-e-giallo-sulle-auto-il-giornale","status":"publish","type":"post","link":"https:\/\/www.europesays.com\/it\/656372\/","title":{"rendered":"Tutto in otto giorni. L\u2019sms di Sigfrido e il blitz di Tavares. \u00c8 giallo sulle auto \u2013 il Giornale"},"content":{"rendered":"<p class=\"c-paragraph\">Il cerchio si stringe. Al pm Edoardo De Santis, gioved\u00ec 27 agosto, i bombaroli hanno chiarito anche i tempi di preparazione dell\u2019attentato contro Sigfrido Ranucci. Incrociando le chat e il racconto degli esecutori c\u2019\u00e8 un aspetto che emerge: Ranucci invia il messaggio al mandante reo confesso Lavitola sull\u2019indicazione delle due auto (poi colpite dalla bomba) 8 giorni prima che Valter e il factotum Clesio Tavares effettuassero il sopralluogo in via Po (dove c\u2019\u00e8 la sua abitazione). Ma solo a inizio a ottobre Tavares arruola la banda: dopo il messaggio di Ranucci e il sopralluogo con Lavitola. La testimonianza che Pellegrino D\u2019Avino rende nel corso dell\u2019interrogatorio chiarisce l\u2019inizio del loro \u00abmandato\u00bb: \u00abA inizio ottobre avevo bisogno di lavorare. Incrocio Tavares e gli chiedo un aiuto. Lui mi propone di mettere una bomba a Roma. Ma vuole parlare prima con mio padre (Antonio Passariello ndr)\u00bb. Il racconto di D\u2019Avino segna un momento decisivo: a inizio ottobre il camerunense aggancia la banda proponendo l\u2019esecuzione di un\u2019azione criminale la cui organizzazione sembrava gi\u00e0 definita e solo da ultimare. Alla luce di questa sequenza temporale ben scandita, e delle loro dichiarazioni, bisogna tornare al 7 settembre, il giorno in cui avviene lo scambio di messaggi tra Lavitola e Ranucci. Quest\u2019ultimo scrive: \u00abVia Po 91, Torvaglianica. Trovi villetta bianca con auto posteggiate. Due auto\u00bb. Le due auto che esploderanno ma che Lavitola, in sede di interrogatorio, ha definito un errore: \u00abL\u2019obiettivo non erano le auto\u00bb. Tornando alle date: il 7 settembre Ranucci indica a Lavitola le macchine, che evidentemente il faccendiere non aveva mai potuto vedere visto che lui girava con l\u2019auto della scorta.<\/p>\n<p class=\"c-paragraph\">Il 9 settembre, due giorni dopo, Lavitola e Ranucci (mandante e vittima) si vedono nuovamente. Il 15 settembre \u00e8 un giorno chiave: Tavares arriva a Roma. Fa tappa prima al Bistrot di Monteverde, poi con Lavitola viene intercettato (grazie alle celle telefoniche) nella zona di casa Ranucci. Per gli inquirenti \u00e8 il giorno dell\u2019unico sopralluogo del faccendiere e del primo del camerunense. A quel punto Tavares fa ritorno a Napoli e inizia a sondare i possibili autori. E cos\u00ec i primi di ottobre (il 2 o il 3) Clesio aggancia D\u2019Avino. L\u2019accordo \u00e8 fatto.<\/p>\n<p class=\"c-paragraph\">Il 10 ottobre, 6 giorni prima della bomba, avviene la spedizione decisiva a Pomezia: con Clesio ci saranno D\u2019Avino, la compagna Marika De Filippis e Saverio Mutone. L\u00ec c\u2019\u00e8 il colpo di scena: le auto non ci sono. L\u2019ordine \u00e8 solo di piazzare una bomba sotto casa. Si tratta della prima volta che gli esecutori materiali vedono casa Ranucci.<\/p>\n<p class=\"c-paragraph\">Ma l\u2019assenza delle auto che poi esploderanno (una Ford Ka e una Opel Adam) non \u00e8 un dettaglio, perch\u00e9 la notte del 16 ottobre la bomba sar\u00e0 piazzata sulla parte anteriore della Opel. Chi ha segnalato le due auto ai bombaroli? Quelle auto non compaiono in nessuna intercettazione inserita nell\u2019ordinanza, se non per il messaggio di Ranucci a Lavitola la sera del 7 settembre. E, ricostruendo le prime dichiarazioni, Ranucci davanti ai carabinieri dice di aver pensato fin da subito, fin da quando era ancora dentro l\u2019appartamento, che fosse un\u2019azione contro di lui e che riguardasse proprio l\u2019auto: \u00abConsapevole che si fosse trattato di un\u2019esplosione che potesse riguardare la bombola del gas dell\u2019auto, mi recavo all\u2019esterno per verificare quanto accaduto\u00bb. Un fiuto incredibile.<\/p>\n","protected":false},"excerpt":{"rendered":"Il cerchio si stringe. Al pm Edoardo De Santis, gioved\u00ec 27 agosto, i bombaroli hanno chiarito anche i&hellip;\n","protected":false},"author":3,"featured_media":656373,"comment_status":"","ping_status":"","sticky":false,"template":"","format":"standard","meta":{"footnotes":"","_share_on_mastodon":"0"},"categories":[1444],"tags":[14041,203,204,1537,90,89,22952,253,315934],"class_list":["post-656372","post","type-post","status-publish","format-standard","has-post-thumbnail","category-tv","tag-attentato","tag-entertainment","tag-intrattenimento","tag-it","tag-italia","tag-italy","tag-sigfrido-ranucci","tag-tv","tag-valter-lavitola"],"share_on_mastodon":{"url":"https:\/\/pubeurope.com\/@it\/117184132852421392","error":""},"_links":{"self":[{"href":"https:\/\/www.europesays.com\/it\/wp-json\/wp\/v2\/posts\/656372","targetHints":{"allow":["GET"]}}],"collection":[{"href":"https:\/\/www.europesays.com\/it\/wp-json\/wp\/v2\/posts"}],"about":[{"href":"https:\/\/www.europesays.com\/it\/wp-json\/wp\/v2\/types\/post"}],"author":[{"embeddable":true,"href":"https:\/\/www.europesays.com\/it\/wp-json\/wp\/v2\/users\/3"}],"replies":[{"embeddable":true,"href":"https:\/\/www.europesays.com\/it\/wp-json\/wp\/v2\/comments?post=656372"}],"version-history":[{"count":0,"href":"https:\/\/www.europesays.com\/it\/wp-json\/wp\/v2\/posts\/656372\/revisions"}],"wp:featuredmedia":[{"embeddable":true,"href":"https:\/\/www.europesays.com\/it\/wp-json\/wp\/v2\/media\/656373"}],"wp:attachment":[{"href":"https:\/\/www.europesays.com\/it\/wp-json\/wp\/v2\/media?parent=656372"}],"wp:term":[{"taxonomy":"category","embeddable":true,"href":"https:\/\/www.europesays.com\/it\/wp-json\/wp\/v2\/categories?post=656372"},{"taxonomy":"post_tag","embeddable":true,"href":"https:\/\/www.europesays.com\/it\/wp-json\/wp\/v2\/tags?post=656372"}],"curies":[{"name":"wp","href":"https:\/\/api.w.org\/{rel}","templated":true}]}}