{"id":656410,"date":"2026-08-30T11:34:14","date_gmt":"2026-08-30T11:34:14","guid":{"rendered":"https:\/\/www.europesays.com\/it\/656410\/"},"modified":"2026-08-30T11:34:14","modified_gmt":"2026-08-30T11:34:14","slug":"gimenez-dal-milan-al-porto-le-cifre-e-i-dettagli-di-mercato","status":"publish","type":"post","link":"https:\/\/www.europesays.com\/it\/656410\/","title":{"rendered":"Gimenez dal Milan al Porto: le cifre e i dettagli di mercato"},"content":{"rendered":"<p>                                Il Bebote \u00e8 stato negativo nel suo anno e mezzo in rossonero: non segna dal 23 settembre. Il prestito con obbligo di riscatto condizionato pu\u00f2 sistemare il bilancio del club<\/p>\n<p class=\"paragraph\" spellcheck=\"true\">Santi Gimenez \u00e8 vicino a lasciare Milano. C\u2019\u00e8 un accordo sulla parola con il Porto per il trasferimento del messicano, anche se mancano ancora alcuni dettagli da definire. Appena ci sar\u00e0 l\u2019ok, voler\u00e0 in Portogallo. Sar\u00e0 un prestito con diritto di riscatto \u2013 intorno ai 18-20 milioni \u2013 che diventer\u00e0 obbligo al verificarsi di determinate condizioni. In un anno e mezzo di Milan: 37 partite, 7 gol, diversi infortuni e la sensazione di un ambientamento mai realmente avvenuto. A breve l\u2019Italia sar\u00e0 soltanto un ricordo amaro per lui.<\/p>\n<p>        lA STORIA DI SANTI AL MILAN\u2014 \u00a0<\/p>\n<p class=\"paragraph\" spellcheck=\"true\">Gimenez \u00e8 arrivato al Milan nel gennaio 2025 per 30,2 milioni, firmando un contratto di quattro anni e mezzo. A bilancio \u00e8 ancora valutato intorno ai 20 milioni, per questo la cessione al Porto dovrebbe attestarsi su quella cifra, cos\u00ec da evitare una minusvalenza. Al Diavolo \u00e8 arrivato nel momento peggiore, nella stagione del cambio di allenatore, conclusa con un ottavo posto, una finale di Coppa Italia persa e la mancata qualificazione alle coppe europee. Fino al 2024 Gimenez aveva estimatori in tutta Europa: al Feyenoord aveva segnato 16 gol in mezza stagione, dopo l\u2019exploit del 2023-24, chiuso con 26 reti. Al Milan, invece, \u00e8 stato un lampo. Sei dei suoi sette gol sono arrivati nei primi sei mesi dell\u2019avventura rossonera, compreso quello nei playoff di Champions contro la sua ex squadra. L\u2019ultimo risale al 23 settembre scorso, in Milan-Lecce di Coppa Italia. Poi l\u2019operazione alla caviglia in inverno, che lo ha inserito sempre pi\u00f9 nell\u2019album dei ricordi. Al Milan si \u00e8 fatto male, ma ha giocato peggio nelle 16 presenze in Serie A con Allegri. Max lo stimava per spirito di sacrificio e aiuto alla squadra in fase di non possesso, ma davanti alla porta non \u00e8 mai riuscito a incidere. Nel 2026 il loro rapporto si \u00e8 sciolto. Durante la sosta per le nazionali, Gimenez ha rimediato una distorsione proprio a quella caviglia destra operata. E tanti saluti. Neanche il Mondiale ha aiutato il \u201cBebote\u201d a ritrovare se stesso e, soprattutto, il Milan. Una storia durata poco, diventata presto triste e che ora \u00e8 arrivata al capolinea. Per tutti, meglio separarsi. Win-win.<\/p>\n","protected":false},"excerpt":{"rendered":"Il Bebote \u00e8 stato negativo nel suo anno e mezzo in rossonero: non segna dal 23 settembre. Il&hellip;\n","protected":false},"author":3,"featured_media":656411,"comment_status":"","ping_status":"","sticky":false,"template":"","format":"standard","meta":{"footnotes":"","_share_on_mastodon":"0"},"categories":[176],"tags":[579,362155,362156,3077,294340,1033,22232,4297,5006,25117,1976,1537,90,89,553,6696,2755,6840,7175,2327,407,245,244,1857,577,1567,212547],"class_list":["post-656410","post","type-post","status-publish","format-standard","has-post-thumbnail","category-sport","tag-accordo","tag-accordo-parola","tag-accordo-parola-porto","tag-arrivato","tag-bebote","tag-bilancio","tag-caviglia","tag-coppa","tag-coppa-italia","tag-gimenez","tag-gol","tag-it","tag-italia","tag-italy","tag-milan","tag-obbligo","tag-porto","tag-prestito","tag-riscatto","tag-santi","tag-settembre","tag-sport","tag-sports","tag-squadra","tag-stagione","tag-storia","tag-win"],"share_on_mastodon":{"url":"https:\/\/pubeurope.com\/@it\/117184250816813634","error":""},"_links":{"self":[{"href":"https:\/\/www.europesays.com\/it\/wp-json\/wp\/v2\/posts\/656410","targetHints":{"allow":["GET"]}}],"collection":[{"href":"https:\/\/www.europesays.com\/it\/wp-json\/wp\/v2\/posts"}],"about":[{"href":"https:\/\/www.europesays.com\/it\/wp-json\/wp\/v2\/types\/post"}],"author":[{"embeddable":true,"href":"https:\/\/www.europesays.com\/it\/wp-json\/wp\/v2\/users\/3"}],"replies":[{"embeddable":true,"href":"https:\/\/www.europesays.com\/it\/wp-json\/wp\/v2\/comments?post=656410"}],"version-history":[{"count":0,"href":"https:\/\/www.europesays.com\/it\/wp-json\/wp\/v2\/posts\/656410\/revisions"}],"wp:featuredmedia":[{"embeddable":true,"href":"https:\/\/www.europesays.com\/it\/wp-json\/wp\/v2\/media\/656411"}],"wp:attachment":[{"href":"https:\/\/www.europesays.com\/it\/wp-json\/wp\/v2\/media?parent=656410"}],"wp:term":[{"taxonomy":"category","embeddable":true,"href":"https:\/\/www.europesays.com\/it\/wp-json\/wp\/v2\/categories?post=656410"},{"taxonomy":"post_tag","embeddable":true,"href":"https:\/\/www.europesays.com\/it\/wp-json\/wp\/v2\/tags?post=656410"}],"curies":[{"name":"wp","href":"https:\/\/api.w.org\/{rel}","templated":true}]}}