{"id":656455,"date":"2026-08-30T12:07:17","date_gmt":"2026-08-30T12:07:17","guid":{"rendered":"https:\/\/www.europesays.com\/it\/656455\/"},"modified":"2026-08-30T12:07:17","modified_gmt":"2026-08-30T12:07:17","slug":"gabriele-muore-tra-le-onde-a-bali-mentre-fa-surf-drammatico-incidente-lo-choc-degli-amici-sei-un-pezzo-di-noi-lo-sarai-per-sempre","status":"publish","type":"post","link":"https:\/\/www.europesays.com\/it\/656455\/","title":{"rendered":"Gabriele muore tra le onde a Bali mentre fa surf: drammatico incidente. Lo choc degli amici: \u201cSei un pezzo di noi, lo sarai per sempre\u201d"},"content":{"rendered":"<p>Empoli, 30 agosto 2026 \u2013\u00a0Una disgrazia che la lasciato senza fiato l\u2019intera frazione di <strong>Spicchio-Sovigliana,\u00a0<\/strong>una manciata di chilometri da<strong> Vinci, <\/strong>nell\u2019<strong>Empolese in provincia di Firenze.\u00a0\u00a0<\/strong><\/p>\n<p><strong>Gabriele Bellucci, <\/strong>nato e cresciuto a<strong> Spicchio-Sovigliana <\/strong>\u00e8<strong> morto a 39 anni\u00a0<\/strong>a<strong> Bali <\/strong>in un drammatico incidente mentre praticava <strong>surf<\/strong>, la sua grande passione che da anni lo portava a giro per il mondo per inseguire l\u2019onda perfetta. Da circa due anni viveva in Indonesia<strong>. <\/strong>La sua\u00a0morte ha fatto piombare nello sgomento amici e conoscenti.\u00a0<strong>Il 39enne \u00e8 stato trovato morto su una spiaggia a Bali<\/strong>. Ancora da chiarire se il decesso si la conseguenza di un incidente in mare o di un malore.\u00a0Secondo quanto ricostruito, il 39enne sarebbe stato sorpreso da un\u2019onda e non sarebbe riuscito a tornare a riva.<\/p>\n<p>Sorpreso da un\u2019onda, non sarebbe riuscito a tornare a riva<\/p>\n<p>La salma di Bellucci \u00e8 gi\u00e0 rientrata in Italia ed \u00e8 stata esposta nelle cappelle del commiato dell&#8217;ospedale San Giuseppe di Empoli. I\u00a0funerali si terranno luned\u00ec 31 agosto alle 10.30, nella chiesa di San Bartolomeo a Sovigliana.\u00a0 \u00a0<\/p>\n<p> <img alt=\"Gabriele Bellucci\" loading=\"lazy\" width=\"1600\" height=\"900\" decoding=\"async\" data-nimg=\"1\" style=\"color:transparent;max-width:100%;height:auto\"   src=\"https:\/\/www.europesays.com\/it\/wp-content\/uploads\/2026\/08\/gabriele-bellucci.webp\"\/><\/p>\n<p>Gabriele Bellucci<\/p>\n<p>\u201cCi sar\u00e0 sempre in ogni spogliatoio, fra le note prima di una partita, nelle grida che incitano a bordo campo, nella azioni belle, nelle risate, nella voglia di giocare, il tuo sorriso, il tuo prendere a cuore tutto, il tuo instancabile desiderio di scoperta\u201d,\u00a0scrive in un post su Instagram\u00a0la <strong>Spicchiese<\/strong>,\u00a0squadra di calcio al campionato di calcio di Amatori Uisp Empoli terza categoria.<\/p>\n<p> <img alt=\"Gabriele Bellucci\" loading=\"lazy\" width=\"1600\" height=\"1600\" decoding=\"async\" data-nimg=\"1\" style=\"color:transparent;max-width:100%;height:auto\"   src=\"https:\/\/www.europesays.com\/it\/wp-content\/uploads\/2026\/08\/1788091637_819_gabriele-bellucci.webp\"\/><\/p>\n<p>Gabriele Bellucci<\/p>\n<p>\u201cUn giorno ci riabbracceremo \u2013\u00a0continua il post, come facevamo nei momenti belli, come ogni volta che segnavamo un goal, ogni volta che esultavamo per una vittoria o semplicemente per un centimetro di campo guadagnato; ma anche nei momenti brutti, quando un abbraccio significava amicizia, spogliatoio, supporto, squadra.\u00a0Sei un pezzo di noi, lo sarai per sempre. See you in space cowboy, dal cuore rossoblu\u201d.<\/p>\n<p>Numerosi i commenti sotto il messaggio della Spicchiese:\u00a0\u201cCerte notizie ti fanno rimanere a bocca aperta\u201d, e ancora: \u201cNon ci credo e non ci creder\u00f2 mai.\u00a0Perch\u00e9 so che ci sei e per sempre ci sarai! Ti vedo ancora correre e lottare in campo e sulla panchina. Ciao Gabri, gli immortali non ci lasciano mai\u201d.<\/p>\n","protected":false},"excerpt":{"rendered":"Empoli, 30 agosto 2026 \u2013\u00a0Una disgrazia che la lasciato senza fiato l\u2019intera frazione di Spicchio-Sovigliana,\u00a0una manciata di chilometri&hellip;\n","protected":false},"author":3,"featured_media":656456,"comment_status":"","ping_status":"","sticky":false,"template":"","format":"standard","meta":{"footnotes":"","_share_on_mastodon":"0"},"categories":[79],"tags":[1266,17786,23006,14,93,94,31668,1482,298,1537,90,89,13293,7,15,19710,13758,168366,11,84,91,12,85,92],"class_list":["post-656455","post","type-post","status-publish","format-standard","has-post-thumbnail","category-italia","tag-amici","tag-bali","tag-choc","tag-cronaca","tag-cronaca-italiana","tag-cronacaitaliana","tag-drammatico","tag-gabriele","tag-incidente","tag-it","tag-italia","tag-italy","tag-muore","tag-news","tag-notizie","tag-onde","tag-pezzo","tag-sarai","tag-ultime-notizie","tag-ultime-notizie-e-news-di-oggi","tag-ultime-notizie-italia","tag-ultimenotizie","tag-ultimenotizieenewsdioggi","tag-ultimenotizieitalia"],"share_on_mastodon":{"url":"https:\/\/pubeurope.com\/@it\/117184381366313279","error":""},"_links":{"self":[{"href":"https:\/\/www.europesays.com\/it\/wp-json\/wp\/v2\/posts\/656455","targetHints":{"allow":["GET"]}}],"collection":[{"href":"https:\/\/www.europesays.com\/it\/wp-json\/wp\/v2\/posts"}],"about":[{"href":"https:\/\/www.europesays.com\/it\/wp-json\/wp\/v2\/types\/post"}],"author":[{"embeddable":true,"href":"https:\/\/www.europesays.com\/it\/wp-json\/wp\/v2\/users\/3"}],"replies":[{"embeddable":true,"href":"https:\/\/www.europesays.com\/it\/wp-json\/wp\/v2\/comments?post=656455"}],"version-history":[{"count":0,"href":"https:\/\/www.europesays.com\/it\/wp-json\/wp\/v2\/posts\/656455\/revisions"}],"wp:featuredmedia":[{"embeddable":true,"href":"https:\/\/www.europesays.com\/it\/wp-json\/wp\/v2\/media\/656456"}],"wp:attachment":[{"href":"https:\/\/www.europesays.com\/it\/wp-json\/wp\/v2\/media?parent=656455"}],"wp:term":[{"taxonomy":"category","embeddable":true,"href":"https:\/\/www.europesays.com\/it\/wp-json\/wp\/v2\/categories?post=656455"},{"taxonomy":"post_tag","embeddable":true,"href":"https:\/\/www.europesays.com\/it\/wp-json\/wp\/v2\/tags?post=656455"}],"curies":[{"name":"wp","href":"https:\/\/api.w.org\/{rel}","templated":true}]}}