{"id":656468,"date":"2026-08-30T12:21:15","date_gmt":"2026-08-30T12:21:15","guid":{"rendered":"https:\/\/www.europesays.com\/it\/656468\/"},"modified":"2026-08-30T12:21:15","modified_gmt":"2026-08-30T12:21:15","slug":"juve-adzic-e-lassist-di-tacco-a-volpato-in-sassuolo-torino-sarebbe-servito-a-spalletti","status":"publish","type":"post","link":"https:\/\/www.europesays.com\/it\/656468\/","title":{"rendered":"Juve, Adzic e l&#8217;assist di tacco a Volpato in Sassuolo-Torino: sarebbe servito a Spalletti?"},"content":{"rendered":"<p>                                Aquilani sta valorizzando il talento montenegrino che ha gi\u00e0 fatto in tre partite quanto aveva fatto con Spalletti in tutta la scorsa stagione<\/p>\n<p>            <a class=\"image is-50x50\" href=\"https:\/\/www.gazzetta.it\/redazione\/fabio-russo\/\" rel=\"nofollow noopener\" target=\"_blank\"><br \/>\n                <img decoding=\"async\" class=\"is-rounded\" src=\"https:\/\/www.europesays.com\/it\/wp-content\/uploads\/2025\/11\/fabio_russo_avatar.png\" alt=\"Fabio Russo\"\/><br \/>\n            <\/a><\/p>\n<p>Giornalista<\/p>\n<p>                    30 agosto &#8211; 12:13  &#8211; MILANO<\/p>\n<p class=\"paragraph\" spellcheck=\"true\">Un gol in Coppa Italia, uno splendido assist di tacco a Volpato e un minutaggio che nelle prime tre uscite stagionali col Sassuolo \u00e8 quasi equivalente (196&#8242;) a quello di tutta l&#8217;annata scorsa sotto la gestione Spalletti (203&#8242;). Eppure, nell&#8217;emergenza totale che sta colpendo il centrocampo della Juve (Kessie sfumato e Sarr in arrivo, ma Thuram a rischio operazione) qualche tifoso bianconero la domanda se l&#8217;\u00e8 posta: alla Continassa il montenegrino non avrebbe potuto fare ancora comodo?<\/p>\n<p>    adzic e un anno ai margini alla juve\u2014 \u00a0<\/p>\n<p class=\"paragraph is-inline\" spellcheck=\"true\">Poco meno di un anno fa, Adzic stava per vivere il momento di gloria pi\u00f9 alto della sua giovanissima carriera: il gol decisivo nel 4-3 all&#8217;Inter, al 91&#8242;, con una conclusione da 30 metri, dopo essere entrato in campo da nemmeno 20 minuti. Una sliding door che cambiargli il destino in bianconero, ma cos\u00ec non \u00e8 stato. Piuttosto, una splendida cometa, rimasta l&#8217;unico lampo in una stagione ai margini. Eppure, Spalletti non gli ha mai risparmiato elogi: &#8220;Ha capacit\u00e0 straordinarie, come i calciatori top. Per me non si tocca, perch\u00e9 ritengo sia un tesoro nascosto&#8221;, aveva detto il tecnico juventino durante il mercato di gennaio, quando gi\u00e0 si parlava della possibilit\u00e0 di mandare il fantasista montenegrino a fare un&#8217;esperienza formativa in prestito. Gi\u00e0, perch\u00e9 nonostante il grande potenziale, Adzic aveva bisogno di mettere a posto tante cose.<\/p>\n<p><a class=\"is-partner-link\" href=\"https:\/\/ad.doubleclick.net\/ddm\/trackclk\/N1792338.340088CAIRORCSMEDIAS.P.\/B28038690.452531709;dc_trk_aid=646241311;dc_trk_cid=173665161;dc_lat=;dc_rdid=;tag_for_child_directed_treatment=;tfua=;gdpr=%24%7BGDPR%7D;gdpr_consent=%24%7BGDPR_CONSENT_755%7D;ltd=;dc_tdv=1\" rel=\"nofollow noopener\" target=\"_blank\">Guarda tutte le partite di Serie A Enilive in esclusiva nei locali Sky! Trova il locale pi\u00f9 vicino a te.<\/a><\/p>\n<p>    sassuolo, adzic e un inizio al top\u2014 \u00a0<\/p>\n<p class=\"paragraph is-inline\" spellcheck=\"true\">A spiegarle era stato proprio lo stesso Spalletti: &#8220;Gli vedo un grande piede, un grande motore, una scocca importante, ma vorrei trasferirgli pi\u00f9 serenit\u00e0 nelle scelte nei vari momenti della partita &#8211; aveva spiegato l&#8217;ex ct della Nazionale -.  A volte si trova in delle zone di campo dove non pu\u00f2 permettersi di perdere il pallone o gestirlo in maniera tranquilla, invece fa un po&#8217; di confusione. In altri posti, dove pu\u00f2 farci vedere il suo pensiero, fa come se fosse in una zona a rischio&#8221;. E le pressioni di un top club come la Juve, tra l&#8217;altro impegnata in una delicatissima corsa al quarto posto, certo non permettevano esperimenti. Quindi, per tornare al quesito iniziale, Adzic ora avrebbe fatto comodo alla Juve? Forse numericamente s\u00ec, ma un altro anno a Torino non avrebbe probabilmente fatto il suo bene. In un ambiente pi\u00f9 tranquillo come quello del Sassuolo pu\u00f2 giocare con continuit\u00e0, svariare da mezz&#8217;ala a trequartista nel ruolo ibrido che gli ritagliato Aquilani, completarsi e divertirsi. E, a 20 anni, ha certamente tutto il tempo per tornare alla Juve e giocarsi davvero un posto tra i grandi.<\/p>\n<p class=\"is-copyright\">\u00a9 RIPRODUZIONE RISERVATA<\/p>\n","protected":false},"excerpt":{"rendered":"Aquilani sta valorizzando il talento montenegrino che ha gi\u00e0 fatto in tre partite quanto aveva fatto con Spalletti&hellip;\n","protected":false},"author":3,"featured_media":656469,"comment_status":"","ping_status":"","sticky":false,"template":"","format":"standard","meta":{"footnotes":"","_share_on_mastodon":"0"},"categories":[1452],"tags":[54487,362167,362168,362169,362170,362171,33029,8235,362165,10575,721,921,1364,1740,1976,1537,90,89,565,13113,75141,2441,138,6299,362166,4519,1739,24806,245,244,577,38758,3413,1899],"class_list":["post-656468","post","type-post","status-publish","format-standard","has-post-thumbnail","category-calcio","tag-adzic","tag-adzic-bisogno","tag-adzic-bisogno-mettere","tag-adzic-comodo","tag-adzic-comodo-juve","tag-adzic-inizio","tag-aquilani","tag-assist","tag-assist-tacco","tag-bianconero","tag-calcio","tag-campo","tag-comodo","tag-football","tag-gol","tag-it","tag-italia","tag-italy","tag-juve","tag-margini","tag-montenegrino","tag-rischio","tag-ruolo","tag-sassuolo","tag-sassuolo-adzic","tag-scorsa","tag-soccer","tag-spalletti","tag-sport","tag-sports","tag-stagione","tag-tacco","tag-top","tag-tornare"],"share_on_mastodon":{"url":"https:\/\/pubeurope.com\/@it\/117184436736129838","error":""},"_links":{"self":[{"href":"https:\/\/www.europesays.com\/it\/wp-json\/wp\/v2\/posts\/656468","targetHints":{"allow":["GET"]}}],"collection":[{"href":"https:\/\/www.europesays.com\/it\/wp-json\/wp\/v2\/posts"}],"about":[{"href":"https:\/\/www.europesays.com\/it\/wp-json\/wp\/v2\/types\/post"}],"author":[{"embeddable":true,"href":"https:\/\/www.europesays.com\/it\/wp-json\/wp\/v2\/users\/3"}],"replies":[{"embeddable":true,"href":"https:\/\/www.europesays.com\/it\/wp-json\/wp\/v2\/comments?post=656468"}],"version-history":[{"count":0,"href":"https:\/\/www.europesays.com\/it\/wp-json\/wp\/v2\/posts\/656468\/revisions"}],"wp:featuredmedia":[{"embeddable":true,"href":"https:\/\/www.europesays.com\/it\/wp-json\/wp\/v2\/media\/656469"}],"wp:attachment":[{"href":"https:\/\/www.europesays.com\/it\/wp-json\/wp\/v2\/media?parent=656468"}],"wp:term":[{"taxonomy":"category","embeddable":true,"href":"https:\/\/www.europesays.com\/it\/wp-json\/wp\/v2\/categories?post=656468"},{"taxonomy":"post_tag","embeddable":true,"href":"https:\/\/www.europesays.com\/it\/wp-json\/wp\/v2\/tags?post=656468"}],"curies":[{"name":"wp","href":"https:\/\/api.w.org\/{rel}","templated":true}]}}