{"id":656477,"date":"2026-08-30T12:28:16","date_gmt":"2026-08-30T12:28:16","guid":{"rendered":"https:\/\/www.europesays.com\/it\/656477\/"},"modified":"2026-08-30T12:28:16","modified_gmt":"2026-08-30T12:28:16","slug":"mercato-juve-nico-gonzalez-e-koopmeiners-restano-a-torino-le-ultime","status":"publish","type":"post","link":"https:\/\/www.europesays.com\/it\/656477\/","title":{"rendered":"Mercato Juve, Nico Gonzalez e Koopmeiners restano a Torino? Le ultime"},"content":{"rendered":"<p>                                Il canadese, all&#8217;ennesima bocciatura di tecnico e pubblico, \u00e8 destinato ancor di pi\u00f9 a lasciare spazio a un nuovo attaccante. L&#8217;argentino e l&#8217;olandese, invece, che sembravano in uscita, si sono conquistati la conferma<\/p>\n<p>                    30 agosto &#8211; 13:16  &#8211; TORINO<\/p>\n<p class=\"paragraph\" spellcheck=\"true\">Due calciatori ritrovati, una deludente conferma e trentatr\u00e9 minuti per cambiare il destino del finale di mercato. I gol di Nico Gonzalez e Koopmeiners non hanno soltanto permesso alla Juve di vincere la partita contro il Parma e di rimanere a punteggio pieno in campionato, ma hanno dato anche indicazioni chiare su quello che potrebbe succedere nelle ultime, frenetiche, ore di trattative.\u00a0<\/p>\n<p>    juve, david fischiato e verso l&#8217;addio\u2014 \u00a0<\/p>\n<p class=\"paragraph is-inline\" spellcheck=\"true\">La prima sicurezza \u00e8 che, dopo l&#8217;esperimento fallito pure da trequartista e la bocciatura dell&#8217;Allianz Stadium in blocco, l&#8217;avventura di Jonathan David alla Juve \u00e8 vicina ai titoli di coda. La gara contro i giallobl\u00f9 ha confermato che non c&#8217;\u00e8 rilancio possibile per il canadese e che non pu\u00f2 essere lui la prima alternativa a Kolo Muani per tutta la stagione. Per permettere a Carnevali e Massara l&#8217;assalto a Zirkzee, per\u00f2, c&#8217;\u00e8 bisogno che l&#8217;Atletico Madrid affondi sull&#8217;ex Lilla, liberando la Juve, anche solo per una stagione, della zavorra di un ingaggio da 6 milioni di euro netti pi\u00f9 bonus. E chiss\u00e0 che i fischi pesantissimi dei tifosi non convincano proprio lo stesso David a spingere per cambiare aria.\u00a0<\/p>\n<p>    nico gonzalez, l&#8217;acquisto a sorpresa\u2014 \u00a0<\/p>\n<p class=\"paragraph is-inline\" spellcheck=\"true\">Per un&#8217;uscita necessaria, c&#8217;\u00e8 invece un &#8220;acquisto&#8221; totalmente inatteso: Nico Gonzalez, che da due mesi sembrava destinato a trasferirsi all&#8217;Atletico Madrid, complice l&#8217;infortunio di Yildiz diventa a questo punto un calciatore quasi indispensabile per Spalletti. L&#8217;allenatore toscano lo apprezza fin da quando allenava il Napoli, non solo per le sue doti tecniche, ma pure per il carattere e l&#8217;esperienza: l&#8217;ingresso in campo con determinazione e &#8220;garra&#8221;, oltre al gol realizzato, non hanno fatto altro che confermare il pensiero dell&#8217;ex ct. Che ha svelato pure un curioso retroscena: &#8220;Nel mio colloquio con lui gli ho detto: &#8216;Tu hai un valore e noi quel valore dobbiamo portarlo a casa. Altrimenti resti&#8217;. E da quando \u00e8 arrivato si \u00e8 allenato da solo quando noi eravamo a riposo&#8221;. Ad uscire, a questo punto, sar\u00e0 Edon Zhegrova, richiesto dall&#8217;Al Ittihad e, forse non a caso, neanche convocato da Spalletti per la sfida di ieri sera. Gli arabi non avrebbero problemi a coprire il costo residuo a bilancio del kosovaro (circa 11,5 milioni), regalando pure a Carnevali e Massara risorse preziose.<\/p>\n<p><a class=\"is-partner-link\" href=\"https:\/\/ad.doubleclick.net\/ddm\/trackclk\/N1792338.340088CAIRORCSMEDIAS.P.\/B28038690.452531709;dc_trk_aid=646241311;dc_trk_cid=173665161;dc_lat=;dc_rdid=;tag_for_child_directed_treatment=;tfua=;gdpr=%24%7BGDPR%7D;gdpr_consent=%24%7BGDPR_CONSENT_755%7D;ltd=;dc_tdv=1\" rel=\"nofollow noopener\" target=\"_blank\">Guarda tutte le partite di Serie A Enilive in esclusiva nei locali Sky! Trova il locale pi\u00f9 vicino a te.<\/a><\/p>\n<p>    koop, si vede la fine del tunnel?\u2014 \u00a0<\/p>\n<p class=\"paragraph is-inline\" spellcheck=\"true\">Come per Gonzalez, la partita contro il Parma segna probabilmente la chiusura alla possibile partenza pure per Teun Koopmeiners. Al di l\u00e0 del gol segnato nel finale di gara, il primo dopo una stagione, la scorsa, completamente a secco, l&#8217;olandese risulta numericamente indispensabile dopo le complicazioni dell&#8217;infortunio di Khephren Thuram. Al netto dell&#8217;arrivo di un sostituto del francese (<a href=\"https:\/\/www.gazzetta.it\/Calcio\/Calciomercato\/Juventus\/30-08-2026\/juve-pape-sarr-tottenham-essugo-bissouma.shtml?intcmp=hyperlink-articolo-gazit\" title=\"Dopo la beffa Kessie, Juve a caccia di un centrocampista: chiesto Pape Sarr al Tottenham. La trattativa\" target=\"_blank\" rel=\"nofollow noopener\">Sarr del Tottenham il favorito<\/a>), se l&#8217;ex Atalanta lasciasse Torino il reparto di Spalletti si ridurrebbe all&#8217;osso, con tre uomini per due posti, pi\u00f9 il jolly McKennie: troppo poco per affrontare due competizioni. Trentatr\u00e9 minuti e due cambi: tanto \u00e8 bastato per stravolgere, forse, il destino del mercato della Juve.<\/p>\n<p class=\"is-copyright\">\u00a9 RIPRODUZIONE RISERVATA<\/p>\n","protected":false},"excerpt":{"rendered":"Il canadese, all&#8217;ennesima bocciatura di tecnico e pubblico, \u00e8 destinato ancor di pi\u00f9 a lasciare spazio a un&hellip;\n","protected":false},"author":3,"featured_media":656478,"comment_status":"","ping_status":"","sticky":false,"template":"","format":"standard","meta":{"footnotes":"","_share_on_mastodon":"0"},"categories":[176],"tags":[2842,5358,5022,2552,2554,20221,6963,317156,4385,12418,12683,397,1426,629,1976,17151,50152,2885,1537,90,89,565,34668,27732,5382,5291,1412,362179,3479,4978,28215,6049,6301,24806,245,244,577],"class_list":["post-656477","post","type-post","status-publish","format-standard","has-post-thumbnail","category-sport","tag-acquisto","tag-atletico","tag-atletico-madrid","tag-bocciatura","tag-cambiare","tag-canadese","tag-carnevali","tag-carnevali-massara","tag-conferma","tag-david","tag-destinato","tag-destino","tag-finale","tag-gara","tag-gol","tag-gonzalez","tag-indispensabile","tag-infortunio","tag-it","tag-italia","tag-italy","tag-juve","tag-koop","tag-koopmeiners","tag-madrid","tag-massara","tag-mercato","tag-mercato-juve","tag-minuti","tag-nico","tag-nico-gonzalez","tag-olandese","tag-parma","tag-spalletti","tag-sport","tag-sports","tag-stagione"],"share_on_mastodon":{"url":"https:\/\/pubeurope.com\/@it\/117184463512470048","error":""},"_links":{"self":[{"href":"https:\/\/www.europesays.com\/it\/wp-json\/wp\/v2\/posts\/656477","targetHints":{"allow":["GET"]}}],"collection":[{"href":"https:\/\/www.europesays.com\/it\/wp-json\/wp\/v2\/posts"}],"about":[{"href":"https:\/\/www.europesays.com\/it\/wp-json\/wp\/v2\/types\/post"}],"author":[{"embeddable":true,"href":"https:\/\/www.europesays.com\/it\/wp-json\/wp\/v2\/users\/3"}],"replies":[{"embeddable":true,"href":"https:\/\/www.europesays.com\/it\/wp-json\/wp\/v2\/comments?post=656477"}],"version-history":[{"count":0,"href":"https:\/\/www.europesays.com\/it\/wp-json\/wp\/v2\/posts\/656477\/revisions"}],"wp:featuredmedia":[{"embeddable":true,"href":"https:\/\/www.europesays.com\/it\/wp-json\/wp\/v2\/media\/656478"}],"wp:attachment":[{"href":"https:\/\/www.europesays.com\/it\/wp-json\/wp\/v2\/media?parent=656477"}],"wp:term":[{"taxonomy":"category","embeddable":true,"href":"https:\/\/www.europesays.com\/it\/wp-json\/wp\/v2\/categories?post=656477"},{"taxonomy":"post_tag","embeddable":true,"href":"https:\/\/www.europesays.com\/it\/wp-json\/wp\/v2\/tags?post=656477"}],"curies":[{"name":"wp","href":"https:\/\/api.w.org\/{rel}","templated":true}]}}