{"id":656512,"date":"2026-08-30T12:56:21","date_gmt":"2026-08-30T12:56:21","guid":{"rendered":"https:\/\/www.europesays.com\/it\/656512\/"},"modified":"2026-08-30T12:56:21","modified_gmt":"2026-08-30T12:56:21","slug":"quando-il-mal-di-testa-richiede-una-valutazione-immediata","status":"publish","type":"post","link":"https:\/\/www.europesays.com\/it\/656512\/","title":{"rendered":"Quando il mal di testa richiede una valutazione immediata?"},"content":{"rendered":"<p>    di<br \/>\n    Luigi Ripamonti<\/p>\n<p class=\"summary-art is-line-h-12\">Il caso di Di Battista e i criteri che devono indurre a chiamare il 112 o a recarsi in Pronto Soccorso. Risponde la professoressa Eleonora Tobaldini dell&#8217;Universit\u00e0 di Milano<\/p>\n<p class=\"chapter-paragraph\"><b>Quali sono i criteri per capire se <a href=\"https:\/\/roma.corriere.it\/notizie\/cronaca\/26_agosto_30\/di-battista-commento-instagram-561ddbaa-8def-4068-8067-23213413exlk.shtml\" title=\"Di Battista non pu\u00f2 essere trasferito in Italia in aereo, la compagna lo sta raggiungendo a Cuba. Su Instagram il primo commento dopo il malore: \u00abCe la metter\u00f2 tutta\u00bb\" rel=\"nofollow noopener\" target=\"_blank\">un mal di testa<\/a> ha le caratteristiche per far chiamare almeno il 112 o addirittura filare al pronto soccorso?<\/b><br \/>Risponde la professoressa Eleonora Tobaldini professore associato di medicina interna all&#8217;universit\u00e0 degli Studi di Milano (<a href=\"https:\/\/video.corriere.it\/salute\/il-medico-risponde\/mal-testa-quando-bisogna-andare-pronto-soccorso\/c37d0f22-d2af-11eb-9207-8df97caf9553\" rel=\"nofollow noopener\" target=\"_blank\">qui il video<\/a>).<\/p>\n<p class=\"chapter-paragraph\">\u00ab\u00c8 necessario andare in Pronto Soccorso quando si ha mal di testa insieme ad altri sintomi, come  per esempio febbre, nausea e vomito molto importanti o quando si ha mal di testa con caratteristiche particolari, un mal di testa che non si \u00e8 mai avuto prima, oppure un mal di testa improvviso un mal di testa molto molto intenso o che si accompagna per esempio a sintomi o segni neurologici. Per esempio un paziente ha mal di testa ma ha anche un disturbo motorio, non riesce a muovere un braccio oppure ha un disturbo sensitivo, fa fatica a parlare fa fatica a stare in piedi ha un disturbo dell&#8217;equilibrio. Sicuramente in queste situazioni il mal di testa pu\u00f2 essere il segno di una patologia importante quindi \u00e8 importante una valutazione in un ambiente di emergenza\u00bb    &#13;<br \/>\n&#13;<br \/>\n&#13;<br \/>\n&#13;<br \/>\n&#13;<br \/>\n&#13;<br \/>\n&#13;<br \/>\n&#13;<br \/>\n&#13;<br \/>\n&#13;<br \/>\n&#13;<br \/>\n&#13;<br \/>\n&#13;<br \/>\n&#13;<br \/>\n&#13;<br \/>\n&#13;<br \/>\n&#13;<br \/>\n&#13;<br \/>\n&#13;<br \/>\n&#13;<br \/>\n&#13;<br \/>\n&#13;<br \/>\n&#13;<br \/>\n&#13;<br \/>\n&#13;<br \/>\n&#13;<br \/>\n&#13;<br \/>\n&#13;<br \/>\n&#13;<br \/>\n&#13;<br \/>\n&#13;<br \/>\n&#13;<br \/>\n&#13;<br \/>\n&#13;<br \/>\n&#13;<br \/>\n&#13;<br \/>\n&#13;<br \/>\n&#13;<br \/>\n&#13;<br \/>\n&#13;<br \/>\n&#13;<br \/>\n&#13;<br \/>\n&#13;<br \/>\n&#13;<br \/>\n&#13;<br \/>\n&#13;<br \/>\n&#13;<br \/>\n&#13;<br \/>\n&#13;<br \/>\n&#13;<br \/>\n&#13;<br \/>\n&#13;<br \/>\n&#13;\n<\/p>\n<p class=\"chapter-paragraph\"><b>Anche il vomito a getto accompagnato e mal di testa \u00e8 un&#8217;emergenza.\u00a0\u00c8 vero?  <\/b><br \/>\u00abAssolutamente la presenza di vomito a getto pu\u00f2 sottendere determinati tipi di mani che richiedono una valutazione immediata quindi \u00e8 un sintomo che non va assolutamente sottovalutato\u00bb.<\/p>\n<p class=\"chapter-paragraph\"><b>Ora facciamo il percorso contrario: quali sono i casi in cui il mal di testa seppure pu\u00f2 essere importante certamente da trattare, non deve indurre a recarsi urgentemente in Pronto Soccorso?<\/b><br \/>\u00abIniziamo col dire che nella maggior parte dei casi in cui si ha mal di testa sono situazioni benigne quindi dobbiamo partire da questo presupposto. Quali sono le situazioni in cui possiamo stare relativamente tranquilli? Quando ho un mal di testa che ha caratteristiche simili a quelli che io ho gi\u00e0 avuto in passato o un mal di testa che ha caratteristiche tipiche: per esempio di un&#8217;emicrania o  un mal di testa come si dice muscolo tensivo. In queste situazioni il mal di testa pu\u00f2 essere trattato con la terapia analgesica e si pu\u00f2 programmare una valutazione con il medico curante per vedere l&#8217;andamento clinico\u00bb.<\/p>\n<p class=\"chapter-paragraph\"><b>Definisca emicrania e mi definisca mal di testa muscolo-tensivo <\/b><br \/>\u00abL&#8217;emicrania si caratterizza per essere un mal di testa che di solito, anche se non sempre, coinvolge met\u00e0 della testa e di solito \u00e8 pulsante. Spesso poi si associa ad altri sintomi come la nausea, il vomito o disturbi visivi e , infine, l&#8217;intensit\u00e0 di questo mal di testa di solito \u00e8 un&#8217;intensit\u00e0 molto forte e invece un mal di testa cosiddetto muscolo tensivo di solito ha un&#8217;intensit\u00e0 diciamo lieve o moderata, di solito \u00e8 bilaterale quindi non coinvolge una parte sola della testa, in genere  non \u00e8 pulsante, spesso coinvolge anche la muscolatura del collo\u00bb.<\/p>\n<p class=\"chapter-paragraph\"><b>Abbiamo parlato del vomito a getto e del vomito associato a emicrania: sono due cose diverse? <br \/>\u00ab<\/b>S\u00ec, sono due cose diverse \u00e8 chiaro che non \u00e8 sempre facile distinguerle da un punto di vista clinico. Il vomito a getto \u00e8 incoercibile, cio\u00e8 non si riesce a fermare, mentre altra cosa \u00e8 la presenza di nausea e conati di vomito associati magari a un&#8217;emicrania o a un altro tipo di mal di testa\u00bb.<\/p>\n<p><img decoding=\"async\" src=\"https:\/\/images2.corriereobjects.it\/images\/salute\/logo-medico-risponde.svg?v=2\" alt=\"ilMedicoRisponde\"\/><\/p>\n<p class=\"bck-box-paragraph\">Il servizio esclusivo del Corriere della Sera con medici e specialisti d&#8217;eccellenza che rispondono gratuitamente ai quesiti sulla tua salute<\/p>\n<p><img decoding=\"async\" src=\"https:\/\/www.europesays.com\/it\/wp-content\/uploads\/2026\/03\/medico-risponde.png\" alt=\"ilMedicoRisponde\"\/><\/p>\n<p class=\"is-last-update\" datetime=\"2026-08-30T10:25:40+02:00\">30 agosto 2026 ( modifica il 30 agosto 2026 | 10:25)<\/p>\n<p class=\"is-copyright\">\n            \u00a9 RIPRODUZIONE RISERVATA\n        <\/p>\n","protected":false},"excerpt":{"rendered":"di Luigi Ripamonti Il caso di Di Battista e i criteri che devono indurre a chiamare il 112&hellip;\n","protected":false},"author":3,"featured_media":656513,"comment_status":"","ping_status":"","sticky":false,"template":"","format":"standard","meta":{"footnotes":"","_share_on_mastodon":"0"},"categories":[175],"tags":[14422,11965,23885,1045,362196,362197,7077,28242,52028,23177,38705,60418,239,48,12132,1537,90,89,7493,21223,362191,7453,362194,5060,1917,5133,240,373,17494,11115,362195,1928,362192,2847,156507,362193],"class_list":["post-656512","post","type-post","status-publish","format-standard","has-post-thumbnail","category-salute","tag-associato","tag-assolutamente","tag-caratteristiche","tag-casi","tag-casi-mal","tag-casi-mal-testa","tag-chiamare","tag-clinico","tag-coinvolge","tag-disturbo","tag-emicrania","tag-getto","tag-health","tag-importante","tag-intensita","tag-it","tag-italia","tag-italy","tag-mal","tag-mal-testa","tag-mal-testa-caratteristiche","tag-muscolo","tag-muscolo-tensivo","tag-nausea","tag-pronto","tag-pronto-soccorso","tag-salute","tag-sintomi","tag-situazioni","tag-soccorso","tag-tensivo","tag-testa","tag-testa-caratteristiche","tag-valutazione","tag-vomito","tag-vomito-getto"],"share_on_mastodon":{"url":"https:\/\/pubeurope.com\/@it\/117184574138901243","error":""},"_links":{"self":[{"href":"https:\/\/www.europesays.com\/it\/wp-json\/wp\/v2\/posts\/656512","targetHints":{"allow":["GET"]}}],"collection":[{"href":"https:\/\/www.europesays.com\/it\/wp-json\/wp\/v2\/posts"}],"about":[{"href":"https:\/\/www.europesays.com\/it\/wp-json\/wp\/v2\/types\/post"}],"author":[{"embeddable":true,"href":"https:\/\/www.europesays.com\/it\/wp-json\/wp\/v2\/users\/3"}],"replies":[{"embeddable":true,"href":"https:\/\/www.europesays.com\/it\/wp-json\/wp\/v2\/comments?post=656512"}],"version-history":[{"count":0,"href":"https:\/\/www.europesays.com\/it\/wp-json\/wp\/v2\/posts\/656512\/revisions"}],"wp:featuredmedia":[{"embeddable":true,"href":"https:\/\/www.europesays.com\/it\/wp-json\/wp\/v2\/media\/656513"}],"wp:attachment":[{"href":"https:\/\/www.europesays.com\/it\/wp-json\/wp\/v2\/media?parent=656512"}],"wp:term":[{"taxonomy":"category","embeddable":true,"href":"https:\/\/www.europesays.com\/it\/wp-json\/wp\/v2\/categories?post=656512"},{"taxonomy":"post_tag","embeddable":true,"href":"https:\/\/www.europesays.com\/it\/wp-json\/wp\/v2\/tags?post=656512"}],"curies":[{"name":"wp","href":"https:\/\/api.w.org\/{rel}","templated":true}]}}