{"id":656533,"date":"2026-08-30T13:17:20","date_gmt":"2026-08-30T13:17:20","guid":{"rendered":"https:\/\/www.europesays.com\/it\/656533\/"},"modified":"2026-08-30T13:17:20","modified_gmt":"2026-08-30T13:17:20","slug":"brad-johns-colorista-di-carolyn-bessette-kennedy-e-creatore-della-tecnica-chunking-e-morto-a-70-anni","status":"publish","type":"post","link":"https:\/\/www.europesays.com\/it\/656533\/","title":{"rendered":"Brad Johns, colorista di Carolyn Bessette Kennedy e creatore della tecnica \u00abchunking\u00bb, \u00e8 morto a 70 anni"},"content":{"rendered":"<p>Brad Johns ha inventato il &#8220;chunking&#8221; anni \u201890<\/p>\n<p>Il nome di Brad Johns rester\u00e0 indissolubilmente legato alla tecnica del chunking, da lui creata originariamente per la modella <strong>Christy Turlington<\/strong>. Questo metodo rivoluzionario, esploso negli anni &#8217;90, consisteva nel creare sezioni di colore pi\u00f9 spesse e marcate rispetto alla base, per donare dimensione e profondit\u00e0 alla chioma, allontanandosi dalle sfumature pi\u00f9 sottili e uniformi dell&#8217;epoca. \u00c8 stato proprio questo stile, insieme ai suoi celebri biondi buttery, ovvero burrosi, di cui <strong>Carolyn Bessette Kennedy<\/strong> era la migliore ambasciatrice, a definire l&#8217;estetica di quel decennio, trasformando il colore in un vero e proprio accessorio di stile.<\/p>\n<p><img decoding=\"async\" alt=\"Carolyn Bessette nel 1998.\" loading=\"lazy\" class=\"ResponsiveImageContainer-dkeESL cQPiWi responsive-image__image\"   src=\"https:\/\/www.europesays.com\/it\/wp-content\/uploads\/2026\/08\/86207823.jpeg\"\/><\/p>\n<p>Carolyn Bessette nel 1998. (Photo by Jeff Kravitz\/FilmMagic) *** Local Caption ***Jeff Kravitz<\/p>\n<p>La carriera di Johns \u00e8 stata una parabola incredibile, partita da Pittsburgh per arrivare al successo internazionale. Oltre al talento artistico, la sua vita \u00e8 stata segnata da un percorso personale complesso, fatto di sfide contro la depressione che ha raccontato con coraggio nel suo memoir, DYE: A Memoir of Art, Music, Faith, Family, and Hair Color.<\/p>\n<p>Ritiratosi dall&#8217;hairdressing nel 2019, Johns si era trasferito a Los Angeles, dove ha dedicato i suoi ultimi anni all&#8217;arte visiva, esplorando la pittura, la lavorazione dei metalli e il vetro fuso sotto il nome di Brad Johns Glass. Johns combatteva da diversi anni contro il cancro alla prostata.<\/p>\n","protected":false},"excerpt":{"rendered":"Brad Johns ha inventato il &#8220;chunking&#8221; anni \u201890 Il nome di Brad Johns rester\u00e0 indissolubilmente legato alla tecnica&hellip;\n","protected":false},"author":3,"featured_media":656534,"comment_status":"","ping_status":"","sticky":false,"template":"","format":"standard","meta":{"footnotes":"","_share_on_mastodon":"0"},"categories":[1451],"tags":[3055,1621,1620,203,204,1537,90,89],"class_list":["post-656533","post","type-post","status-publish","format-standard","has-post-thumbnail","category-celebrita","tag-capelli","tag-celebrita","tag-celebrities","tag-entertainment","tag-intrattenimento","tag-it","tag-italia","tag-italy"],"share_on_mastodon":{"url":"https:\/\/pubeurope.com\/@it\/117184656839376663","error":""},"_links":{"self":[{"href":"https:\/\/www.europesays.com\/it\/wp-json\/wp\/v2\/posts\/656533","targetHints":{"allow":["GET"]}}],"collection":[{"href":"https:\/\/www.europesays.com\/it\/wp-json\/wp\/v2\/posts"}],"about":[{"href":"https:\/\/www.europesays.com\/it\/wp-json\/wp\/v2\/types\/post"}],"author":[{"embeddable":true,"href":"https:\/\/www.europesays.com\/it\/wp-json\/wp\/v2\/users\/3"}],"replies":[{"embeddable":true,"href":"https:\/\/www.europesays.com\/it\/wp-json\/wp\/v2\/comments?post=656533"}],"version-history":[{"count":0,"href":"https:\/\/www.europesays.com\/it\/wp-json\/wp\/v2\/posts\/656533\/revisions"}],"wp:featuredmedia":[{"embeddable":true,"href":"https:\/\/www.europesays.com\/it\/wp-json\/wp\/v2\/media\/656534"}],"wp:attachment":[{"href":"https:\/\/www.europesays.com\/it\/wp-json\/wp\/v2\/media?parent=656533"}],"wp:term":[{"taxonomy":"category","embeddable":true,"href":"https:\/\/www.europesays.com\/it\/wp-json\/wp\/v2\/categories?post=656533"},{"taxonomy":"post_tag","embeddable":true,"href":"https:\/\/www.europesays.com\/it\/wp-json\/wp\/v2\/tags?post=656533"}],"curies":[{"name":"wp","href":"https:\/\/api.w.org\/{rel}","templated":true}]}}