{"id":656540,"date":"2026-08-30T13:23:16","date_gmt":"2026-08-30T13:23:16","guid":{"rendered":"https:\/\/www.europesays.com\/it\/656540\/"},"modified":"2026-08-30T13:23:16","modified_gmt":"2026-08-30T13:23:16","slug":"fiorentina-partenza-horror-dai-fischi-del-franchi-alla-caccia-al-colpevole","status":"publish","type":"post","link":"https:\/\/www.europesays.com\/it\/656540\/","title":{"rendered":"Fiorentina, partenza horror: dai fischi del Franchi alla caccia al colpevole"},"content":{"rendered":"<p>                                Fiorentina, la situazione \u00e8 gi\u00e0 pessima. Sul banco degli imputati c\u2019\u00e8 il tecnico, poi alcuni calciatori. Per la piazza manca un leader e in campo si vede poca personalit\u00e0, rovinata la festa per i 100 anni<\/p>\n<p class=\"paragraph\" spellcheck=\"true\">Un risveglio da caccia al colpevole quello che sta vivendo Firenze in queste ore. Pesano le due sconfitte consecutive, ma il panico generale \u00e9 scattato ancor pi\u00f9 per i 7 gol subiti e le zero reti realizzate in 180 minuti. Il 4-0 alla prima giornata all\u2019Olimpico aveva fatto suonare un campanello d\u2019allarme, ma \u00e8 stato il 3-0 in casa con il Frosinone a far accendere tutte le spie rosse. Perch\u00e9 se in trasferta contro la Roma, formazione forte e rodata, una debacle era possibile, prendere tre schiaffi al Franchi contro una neopromossa diventa preoccupante per i tifosi che fra l\u2019altro ieri erano in festa per il Centenario del club.<\/p>\n<p>    partenza horror\u2014 \u00a0<\/p>\n<p class=\"paragraph is-inline\" spellcheck=\"true\">In prima fila sul banco degli imputati, con molta poca originalit\u00e0, c\u2019\u00e8 l\u2019allenatore e a seguire i calciatori, soprattutto alcuni singoli. Fabio Grosso \u00e9 nel mirino per diverse scelte e per la mancanza di un gioco. Sui social e nelle pagine dedicate ai sostenitori viola si moltiplicano gli interrogativi sul perch\u00e9 la squadra manchi completamente di struttura e identit\u00e0. I tanti volti nuovi da integrare negli schemi sono un\u2019attenuante per il tecnico, ma non sufficiente a frenare il malumore dell\u2019ambiente. A Roma non erano piaciute alcune scelte di formazione come Joao Mario adattato a sinistra per lasciare spazio a destra al partente Dodo. Cos\u00ec come Atta sulla trequarti invece che mezzala. Modifiche\u00a0 che ieri sono state fatte, tuttavia con risultato identico. Il problema quindi starebbe a un livello superiore. Ieri Grosso ha parlato di troppa leggerezza e mancanza di struttura. Tanta qualit\u00e0, senza solidit\u00e0. Tocca a lui per\u00f2 trovare il modo di trasformare questo gruppo in squadra e perfino farlo in fretta perch\u00e9 il tempo passa e \u201cil calcio non aspetta\u201d come lo stesso allenatore ha detto nel post partita. Per lui una partenza horror, da record in negativo dal punto di vista della differenza reti.<\/p>\n<p>    flop su flop\u2014 \u00a0<\/p>\n<p class=\"paragraph is-inline\" spellcheck=\"true\">A finire nel mirino dei tifosi ci sono anche alcuni singoli: Dragusin fra tutti, il neo acquisto che doveva portare solidit\u00e0 difensiva e che invece ha responsabilit\u00e0 dirette su alcuni gol, sia a Roma che ieri con il Frosinone. Fra i \u201cvecchi\u201d \u00e9 Gudmundsson il pi\u00f9 bersagliato. \u00c8 in uscita dall\u2019inizio del mercato, ma ancora in cerca di una destinazione. Ieri al momento del cambio \u00e8 stato fischiato chiaramente, mentre stava uscendo, al contrario di Oulai che ha ricevuto applausi allo stesso identico minuto di gioco. Ci sono poi alcuni elementi a cui viene chiesta pi\u00f9 concretezza e meno ostentazione di qualit\u00e0, come Atta che alla prima ha giocato sulla trequarti e ieri mezzala, ma non ha fatto la differenza come aveva fatto invece nelle amichevoli pre-campionato. Salvato completamente dalle critiche Mastantuono, talento argentino in prestito dal Real Madrid.\u00a0 Altro punto dolente, secondo la piazza, \u00e8 la mancanza di leader in uno spogliatoio composto da tanti ragazzi giovani e inconsapevoli di che cosa sia Firenze.<\/p>\n<p><a class=\"is-partner-link\" href=\"https:\/\/ad.doubleclick.net\/ddm\/trackclk\/N1792338.340088CAIRORCSMEDIAS.P.\/B28038690.452531709;dc_trk_aid=646241311;dc_trk_cid=173665161;dc_lat=;dc_rdid=;tag_for_child_directed_treatment=;tfua=;gdpr=%24%7BGDPR%7D;gdpr_consent=%24%7BGDPR_CONSENT_755%7D;ltd=;dc_tdv=1\" rel=\"nofollow noopener\" target=\"_blank\">Guarda tutte le partite di Serie A Enilive in esclusiva nei locali Sky! Trova il locale pi\u00f9 vicino a te.<\/a><\/p>\n<p>    chi si salva\u2014 \u00a0<\/p>\n<p class=\"paragraph is-inline\" spellcheck=\"true\">Lo stadio ieri ha fischiato alla fine della partita e perfino quando la squadra \u00e8 entrata in campo durante la festa dei 100 anni. Non c\u2019\u00e8 stata per\u00f2 la contestazione della Curva Fiesole perch\u00e9 quando, al novantesimo, i giocatori sono andati sotto il settore riservato al tifo organizzato, sono stati intonati cori per la citt\u00e0 e per la maglia, mai contro la squadra. Chi ancora gode di una quasi totale immunit\u00e0 sono dirigenza e propriet\u00e0. Il direttore sportivo Fabio Paratici ha preso le redini del club e l\u2019ambiente ha apprezzato il suo lavoro con applausi a scena aperta in Coppa Italia contro il Benevento. Ora per\u00f2 a lui i tifosi chiedono di completare l\u2019opera portando un centravanti dello stesso valore del partente Moise Kean e anche di terminare la composizione della rosa che ancora \u00e8 orfana di alcuni elementi. Mancano pochi giorni e il lavoro da fare \u00e8 molto, pure in uscita. Solo applausi dei tifosi per la famiglia Commisso che ha speso pi\u00f9 di cento milioni in questa finestra di mercato e quasi cento la scorsa estate. L\u2019affetto nei confronti del presidente Giuseppe e della madre Catherine \u00e8 arrivato sia prima della partita che durante il discorso finale alla festa del Centenario.<\/p>\n<p class=\"is-copyright\">\u00a9 RIPRODUZIONE RISERVATA<\/p>\n","protected":false},"excerpt":{"rendered":"Fiorentina, la situazione \u00e8 gi\u00e0 pessima. Sul banco degli imputati c\u2019\u00e8 il tecnico, poi alcuni calciatori. Per la&hellip;\n","protected":false},"author":3,"featured_media":656541,"comment_status":"","ping_status":"","sticky":false,"template":"","format":"standard","meta":{"footnotes":"","_share_on_mastodon":"0"},"categories":[176],"tags":[1960,4924,16468,52702,1406,362199,1952,921,65650,554,81153,1073,3451,162136,3592,15504,2217,329530,2266,3200,5359,1974,5281,2024,1976,7560,34758,5344,6938,62374,1537,90,89,381,1412,31169,1846,61850,362200,7255,1290,987,245,244,1857,6035],"class_list":["post-656540","post","type-post","status-publish","format-standard","has-post-thumbnail","category-sport","tag-allenatore","tag-ambiente","tag-applausi","tag-atta","tag-banco","tag-banco-imputati","tag-calciatori","tag-campo","tag-centenario","tag-club","tag-commisso","tag-completamente","tag-differenza","tag-dragusin","tag-elementi","tag-fabio","tag-festa","tag-festa-centenario","tag-firenze","tag-fischiato","tag-flop","tag-formazione","tag-frosinone","tag-gioco","tag-gol","tag-grosso","tag-gudmundsson","tag-horror","tag-identico","tag-imputati","tag-it","tag-italia","tag-italy","tag-leader","tag-mercato","tag-mezzala","tag-mirino","tag-paratici","tag-partente","tag-partenza","tag-partita","tag-roma","tag-sport","tag-sports","tag-squadra","tag-tifosi"],"share_on_mastodon":{"url":"","error":"Validation failed: Text character limit of 500 exceeded"},"_links":{"self":[{"href":"https:\/\/www.europesays.com\/it\/wp-json\/wp\/v2\/posts\/656540","targetHints":{"allow":["GET"]}}],"collection":[{"href":"https:\/\/www.europesays.com\/it\/wp-json\/wp\/v2\/posts"}],"about":[{"href":"https:\/\/www.europesays.com\/it\/wp-json\/wp\/v2\/types\/post"}],"author":[{"embeddable":true,"href":"https:\/\/www.europesays.com\/it\/wp-json\/wp\/v2\/users\/3"}],"replies":[{"embeddable":true,"href":"https:\/\/www.europesays.com\/it\/wp-json\/wp\/v2\/comments?post=656540"}],"version-history":[{"count":0,"href":"https:\/\/www.europesays.com\/it\/wp-json\/wp\/v2\/posts\/656540\/revisions"}],"wp:featuredmedia":[{"embeddable":true,"href":"https:\/\/www.europesays.com\/it\/wp-json\/wp\/v2\/media\/656541"}],"wp:attachment":[{"href":"https:\/\/www.europesays.com\/it\/wp-json\/wp\/v2\/media?parent=656540"}],"wp:term":[{"taxonomy":"category","embeddable":true,"href":"https:\/\/www.europesays.com\/it\/wp-json\/wp\/v2\/categories?post=656540"},{"taxonomy":"post_tag","embeddable":true,"href":"https:\/\/www.europesays.com\/it\/wp-json\/wp\/v2\/tags?post=656540"}],"curies":[{"name":"wp","href":"https:\/\/api.w.org\/{rel}","templated":true}]}}