{"id":656556,"date":"2026-08-30T13:36:15","date_gmt":"2026-08-30T13:36:15","guid":{"rendered":"https:\/\/www.europesays.com\/it\/656556\/"},"modified":"2026-08-30T13:36:15","modified_gmt":"2026-08-30T13:36:15","slug":"myriam-sylla-quanto-e-alta-la-campionessa-di-pallavolo-azzurra","status":"publish","type":"post","link":"https:\/\/www.europesays.com\/it\/656556\/","title":{"rendered":"Myriam Sylla, quanto \u00e8 alta la campionessa di pallavolo azzurra"},"content":{"rendered":"<p>Chi segue e conosce la pallavolo ha ben impressa un\u2019immagine quando si parla di partite azzurre: <strong>Myriam Sylla<\/strong> che si stacca da terra e sembra restare sospesa prima di scaricare tutta la sua forza sulla palla.<\/p>\n<p>\u00c8 l\u00ec, in quel gesto, che si capisce perch\u00e9 sia diventata una delle protagoniste della Nazionale e, tra gli altri, dell\u2019oro olimpico di Parigi 2024. Guardandola muoversi in campo, a molti viene naturale chiedersi: <strong>quanto \u00e8 alta<\/strong>?\n<\/p>\n<p><strong>Quanto \u00e8 alta Myriam Sylla<\/strong><\/p>\n<p><strong>Myriam Sylla \u00e8 alta 1 metro e 84 centimetri<\/strong>. Una statura importante, ma tutt\u2019altro che insolita parlando di pallavolo femminile di alto livello, soprattutto per <strong>una schiacciatrice come lei<\/strong>: un ruolo che richiede di unire potenza in attacco, rapidit\u00e0 e capacit\u00e0 di contribuire anche in difesa.<\/p>\n<p>A dare ancora meglio l\u2019idea della sua esplosivit\u00e0 in campo c\u2019\u00e8 un altro numero: in attacco Sylla <strong>arriva a uno stacco di circa 320 centimetri.<\/strong> \u00c8 quindi facile capire quanto possa diventare difficile contenere la sua potenza quando prende il tempo giusto e trova lo spazio per colpire.<\/p>\n<p>Chi la guarda giocare, per\u00f2, difficilmente pensa ai centimetri di salto o alla sua altezza. A rendere la pallavolista una vera campionessa \u00e8 piuttosto la<strong> forza con cui colpisce la palla<\/strong>, il modo in cui riesce a restare lucida proprio nei momenti in cui il punto pesa di pi\u00f9.<\/p>\n<p><strong>Myriam Sylla, dalla Nazionale ai successi nella pallavolo<\/strong><\/p>\n<p><a href=\"https:\/\/dilei.it\/bellastoria\/myriam-sylla-storia-origine-famiglia\/2658318\/\" rel=\"nofollow noopener\" target=\"_blank\">Myriam Fatime Sylla<\/a> \u00e8 nata a Palermo l\u20198 gennaio 1995, in una famiglia di genitori originari della Costa d\u2019Avorio. Da piccola si \u00e8 poi trasferita in Lombardia, a Valgreghentino, dove ha cominciato il percorso che nel tempo l\u2019ha portata fino ai <strong>massimi livelli della pallavolo<\/strong>. Dopo le prime esperienze nelle giovanili, arriva l\u2019esordio in Serie A1 con Villa Cortese, prima del passaggio a Bergamo, dove ha conquistato nel 2016 la sua prima Coppa Italia.<\/p>\n<p>Ma \u00e8 a Conegliano che Myriam Sylla \u00e8 diventata la giocatrice che tutti oggi conoscono: quattro stagioni vissute da protagonista dentro una delle squadre pi\u00f9 forti del volley internazionale, con scudetti, Coppe Italia, Supercoppe, un Mondiale per Club e la Champions League. Nel 2022 \u00e8 arrivato il trasferimento alla Vero Volley Milano, dove ha continuato a essere <strong>una delle leader<\/strong> della squadra, prima di scegliere nel 2025 una nuova esperienza all\u2019estero con il Galatasaray.<\/p>\n<p>Con la maglia della Nazionale, la sua storia si intreccia con quella di un\u2019intera generazione di pallavoliste italiane. Dopo il debutto nel 2015 arrivano medaglie importanti, tra cui l\u2019argento al World Grand Prix 2017, l\u2019argento al Mondiale 2018 e il bronzo agli Europei 2019. Poi il momento che rester\u00e0 per sempre nella storia della pallavolo italiana:<a href=\"https:\/\/dilei.it\/lifestyle\/speciale\/olimpiadi-parigi-2024-vip\/\" rel=\"nofollow noopener\" target=\"_blank\"> Parigi 2024 <\/a>con l\u2019oro olimpico, il primo conquistato dalla Nazionale femminile.<\/p>\n<p>Nel 2025 Sylla \u00e8 stata anche tra le protagoniste dell\u2019Italia che ha conquistato il Mondiale, aggiungendo<strong> un altro titolo storico<\/strong> a un palmar\u00e8s gi\u00e0 ricchissimo. I centimetri possono spiegare una parte di quello che succede quando sale a rete, ma dietro quella presenza in campo ci sono anni di lavoro, esperienza e quella stessa determinazione che l\u2019ha accompagnata dall\u2019inizio della sua carriera fino ai palcoscenici pi\u00f9 importanti della pallavolo mondiale.<\/p>\n<p>\t\t\t\tScopri i personaggi in trend, le storie del momento e molto altro.<br \/>Dove? Sul <a href=\"https:\/\/whatsapp.com\/channel\/0029Vb68mVyHVvTWezDm7d0R\" target=\"_blank\" rel=\"noopener nofollow\">canale WhatsApp di DiLei!<\/a><\/p>\n<p>\t\t\t<a class=\"buttonCall\" href=\"https:\/\/whatsapp.com\/channel\/0029Vb68mVyHVvTWezDm7d0R\" target=\"_blank\" rel=\"noopener nofollow\" title=\"Seguici su WhatsApp\"><br \/>\n\t\t\t\tSeguici su WhatsApp<br \/>\n\t\t\t<\/a><\/p>\n","protected":false},"excerpt":{"rendered":"Chi segue e conosce la pallavolo ha ben impressa un\u2019immagine quando si parla di partite azzurre: Myriam Sylla&hellip;\n","protected":false},"author":3,"featured_media":656557,"comment_status":"","ping_status":"","sticky":false,"template":"","format":"standard","meta":{"footnotes":"","_share_on_mastodon":"0"},"categories":[1474],"tags":[1537,90,89,245,19255,244,86,1869],"class_list":["post-656556","post","type-post","status-publish","format-standard","has-post-thumbnail","category-volley","tag-it","tag-italia","tag-italy","tag-sport","tag-sportivi","tag-sports","tag-vip","tag-volley"],"share_on_mastodon":{"url":"https:\/\/pubeurope.com\/@it\/117184730672406394","error":""},"_links":{"self":[{"href":"https:\/\/www.europesays.com\/it\/wp-json\/wp\/v2\/posts\/656556","targetHints":{"allow":["GET"]}}],"collection":[{"href":"https:\/\/www.europesays.com\/it\/wp-json\/wp\/v2\/posts"}],"about":[{"href":"https:\/\/www.europesays.com\/it\/wp-json\/wp\/v2\/types\/post"}],"author":[{"embeddable":true,"href":"https:\/\/www.europesays.com\/it\/wp-json\/wp\/v2\/users\/3"}],"replies":[{"embeddable":true,"href":"https:\/\/www.europesays.com\/it\/wp-json\/wp\/v2\/comments?post=656556"}],"version-history":[{"count":0,"href":"https:\/\/www.europesays.com\/it\/wp-json\/wp\/v2\/posts\/656556\/revisions"}],"wp:featuredmedia":[{"embeddable":true,"href":"https:\/\/www.europesays.com\/it\/wp-json\/wp\/v2\/media\/656557"}],"wp:attachment":[{"href":"https:\/\/www.europesays.com\/it\/wp-json\/wp\/v2\/media?parent=656556"}],"wp:term":[{"taxonomy":"category","embeddable":true,"href":"https:\/\/www.europesays.com\/it\/wp-json\/wp\/v2\/categories?post=656556"},{"taxonomy":"post_tag","embeddable":true,"href":"https:\/\/www.europesays.com\/it\/wp-json\/wp\/v2\/tags?post=656556"}],"curies":[{"name":"wp","href":"https:\/\/api.w.org\/{rel}","templated":true}]}}