{"id":656562,"date":"2026-08-30T13:43:13","date_gmt":"2026-08-30T13:43:13","guid":{"rendered":"https:\/\/www.europesays.com\/it\/656562\/"},"modified":"2026-08-30T13:43:13","modified_gmt":"2026-08-30T13:43:13","slug":"roma-gasperini-in-conferenza-tra-de-roon-lecce-e-mercato","status":"publish","type":"post","link":"https:\/\/www.europesays.com\/it\/656562\/","title":{"rendered":"Roma, Gasperini in conferenza tra De Roon, Lecce e mercato"},"content":{"rendered":"<p>                                L&#8217;allenatore giallorosso prima della trasferta di Lecce: &#8220;L&#8217;arrivo di De Roon ci fa guadagnare economicamente per un altro acquisto. Possiamo fare meglio dell&#8217;anno scorso. Soul\u00e9? Per lui nessuna proposta&#8221;<\/p>\n<p>            <a class=\"image is-50x50\" href=\"https:\/\/www.gazzetta.it\/collaboratori\/francesco-balzani\/\" rel=\"nofollow noopener\" target=\"_blank\"><br \/>\n                <img decoding=\"async\" class=\"is-rounded\" src=\"https:\/\/www.europesays.com\/it\/wp-content\/uploads\/2025\/09\/francesco-balzani.png\" alt=\"Francesco Balzani\"\/><br \/>\n            <\/a><\/p>\n<p>Collaboratore<\/p>\n<p>                    30 agosto &#8211; 14:23  &#8211; MILANO<\/p>\n<p class=\"paragraph\" spellcheck=\"true\">L\u2019arrivo di Balerdi e de Roon, un mercato ancora caldissimo e la sfida al Lecce per confermare gli ottimi segnali arrivati contro la Fiorentina. Una conferenza stampa decisamente intensa quella di Gian Piero Gasperini alla vigilia della trasferta in Salento. Il tecnico \u00e8 partito proprio dall\u2019acquisto del suo fedelissimo ai tempi dell\u2019Atalanta: \u201cUna trattativa nata in 24-48 ore. De Roon aveva questa situazione con l&#8217;Atalanta, dopo tanti anni non rientrava magari pi\u00f9 nei piani della squadra e c&#8217;era questa opportunit\u00e0. Io mi sono messo in contatto con Luca Percassi e in pochissimo anche loro, per tutto quello che ha fatto il giocatore in questi anni, gli hanno lasciato la libert\u00e0 di decidere e li ringraziamo. Ha voluto fortemente venire alla Roma. Lui antipatico alla tifoseria? Da avversario queste cose capitano, ma lo apprezzerete. Sui social \u00e8 divertente, vi assicuro che \u00e8 una bella persona\u201d.<\/p>\n<p>    il mercato\u2014 \u00a0<\/p>\n<p class=\"paragraph is-inline\" spellcheck=\"true\">Un innesto di sicura esperienza.\u00a0 \u201cOccupiamo il centrocampo con un elemento integro nonostante l\u2019et\u00e0 avanzata &#8211; prosegue Gasp -. entrer\u00e0 in un gruppo molto forte e che ha voglia di essere protagonista. Sono arrivati due capitani: de Roon e Balerdi, quest\u2019ultimo \u00e8 nel pieno della maturit\u00e0 calcistica. Questa \u00e8 una svolta di personalit\u00e0 e di fisico. El Aynaoui dopo il Mondiale si aspettava qualche spazio in pi\u00f9, ma c\u2019\u00e8 stata una crescita importante di Pisilli oltre alla forza di Kon\u00e9 e Cristante. Lui aveva magari voglia di un\u2019esperienza pi\u00f9 forte e io voglio giocatori felici qui\u201d. Poi il tecnico passa all\u2019attacco, nel senso di reparto offensivo. \u201cPer completare serve ancora un pezzo l\u00ec a sinistra e pensiamo di farlo anche grazie all\u2019operazione de Roon che ci permette di guadagnare qualcosa a livello economico &#8211; dice Gasperini -.Non mi interessa se l\u2019ala in arrivo sia di piede destro o sinistro, vedo la globalit\u00e0 del calciatore. Mancherebbero un esterno basso e uno alto. Lulli ha sopperito un po\u2019 alla mancanza sulla fascia di centrocampo, ma non dobbiamo dargli troppo peso sulle spalle. Se ne arrivano due di acquisti\u00a0 siamo al completo. Finora siamo intervenuti molto sulla rosa pi\u00f9 che sull\u2019undici per renderla pi\u00f9 competitiva in ottica delle tante partite da giocare\u201d.\u00a0\u00a0<\/p>\n<p>    ambizione\u2014 \u00a0<\/p>\n<p class=\"paragraph is-inline\" spellcheck=\"true\">Basta per ambire allo scudetto. Gasperini risponde con un bel sorriso: \u201cAnche gli altri si stanno attrezzando in modo notevole e dispendioso. Onestamente io guardo i miei e sono molto contento anche di chi \u00e8 arrivato. Credo che potremmo dare continuit\u00e0 e migliorare anche i risultati dello scorso anno. La Roma ha subito molto il discorso del fair play finanziario e dovuto abbassare il monte stipendi, quindi alcuni giocatori a cui aspiravamo per essere ancora pi\u00f9 forti non li abbiamo raggiunti nonostante la volont\u00e0 della societ\u00e0. Ringraziamo tutti quelli che si sono ridotti lo stipendio per giocare qui, questo \u00e8 grande spirito ed \u00e8 roba che non acquisti sul mercato. In questo senso forse siamo i primissimi nel campionato, siamo un gruppo molto forte\u201d. C\u2019\u00e8 anche chi \u00e8 in bilico per\u00f2.\u00a0<\/p>\n<p><a class=\"is-partner-link\" href=\"https:\/\/ad.doubleclick.net\/ddm\/trackclk\/N1792338.340088CAIRORCSMEDIAS.P.\/B28038690.452531709;dc_trk_aid=646241311;dc_trk_cid=173665161;dc_lat=;dc_rdid=;tag_for_child_directed_treatment=;tfua=;gdpr=%24%7BGDPR%7D;gdpr_consent=%24%7BGDPR_CONSENT_755%7D;ltd=;dc_tdv=1\" rel=\"nofollow noopener\" target=\"_blank\">Guarda tutte le partite di Serie A Enilive in esclusiva nei locali Sky! Trova il locale pi\u00f9 vicino a te.<\/a><\/p>\n<p>    soul\u00e8\u2014 \u00a0<\/p>\n<p class=\"paragraph is-inline\" spellcheck=\"true\">Molte voci delle ultime ore parlano di una possibile cessione di Soul\u00e9. Gasp smentisce seccamente: \u201cNon c\u2019\u00e8 mai stata una proposta per Soul\u00e9 che domani probabilmente giocher\u00e0 a Lecce. Ho letto qualcosa, ma vi assicuro non c\u2019\u00e8 mai stata un\u2019offerta per lui. Poi fatemi dire di nuovo che queste date del mercato non piacciono a nessuno e non aiutano nessuno\u201d. C\u2019\u00e8 anche la possibilit\u00e0 che lo stesso Soul\u00e9 possa essere impiegato come esterno dei cinque. \u201cVolevamo prendere un mancino sulle fasce, avevamo anche profili alti ma le cose sono andate cos\u00ec. Ma come giocano a piede invertito gli attaccanti possono farlo anche i quinti. Soul\u00e9 in quel ruolo ha giocato spesso con Ranieri, io lo preferisco pi\u00f9 avanzato ma in caso di necessit\u00e0 pu\u00f2 farlo\u201d. Infine sulle scelte per Lecce: \u201cGiocheremo in uno stadio pieno e con molto entusiasmo, sar\u00e0 dura. Molina sta bene, non so se partir\u00e0 dall\u2019inizio ma sar\u00e0 della partita. Rensch e Pellegrini torneranno a disposizione marted\u00ec prossimo. Sorteggio Champions? Sono sempre sfide difficili e faremo alcune trasferte ostiche. L\u2019obiettivo \u00e8 stare dentro per i play off, ma quello che per me conta \u00e8 respirare l\u2019aria Champions. Un\u2019esperienza che arricchir\u00e0 molto la Roma\u201d.<\/p>\n<p class=\"is-copyright\">\u00a9 RIPRODUZIONE RISERVATA<\/p>\n","protected":false},"excerpt":{"rendered":"L&#8217;allenatore giallorosso prima della trasferta di Lecce: &#8220;L&#8217;arrivo di De Roon ci fa guadagnare economicamente per un altro&hellip;\n","protected":false},"author":3,"featured_media":656563,"comment_status":"","ping_status":"","sticky":false,"template":"","format":"standard","meta":{"footnotes":"","_share_on_mastodon":"0"},"categories":[1452],"tags":[11697,283396,283397,5881,362219,362220,276031,362221,2842,2540,1262,158975,569,360777,721,7204,1969,122,277,57069,4876,3073,2154,1740,3440,5593,5301,1889,3412,29356,1537,90,89,6296,1412,20485,13758,7776,3521,1398,356644,987,89397,2677,315,1739,13635,245,244,3375,8446,2981,6205],"class_list":["post-656562","post","type-post","status-publish","format-standard","has-post-thumbnail","category-calcio","tag-abbassare","tag-abbassare-monte","tag-abbassare-monte-stipendi","tag-acquisti","tag-acquisti-completo","tag-acquisti-completo-finora","tag-acquisti-mercato","tag-acquisti-mercato-senso","tag-acquisto","tag-arrivati","tag-arrivo","tag-assicuro","tag-atalanta","tag-balerdi","tag-calcio","tag-centrocampo","tag-champions","tag-cose","tag-de","tag-de-roon","tag-esperienza","tag-esterno","tag-farlo","tag-football","tag-forte","tag-gasp","tag-gasperini","tag-giocare","tag-giocatori","tag-guadagnare","tag-it","tag-italia","tag-italy","tag-lecce","tag-mercato","tag-percassi","tag-pezzo","tag-piede","tag-play","tag-proposta","tag-ringraziamo","tag-roma","tag-roon","tag-senso","tag-sinistra","tag-soccer","tag-soule","tag-sport","tag-sports","tag-tecnico","tag-trasferta","tag-trattativa","tag-voglia"],"share_on_mastodon":{"url":"","error":"Validation failed: Text character limit of 500 exceeded"},"_links":{"self":[{"href":"https:\/\/www.europesays.com\/it\/wp-json\/wp\/v2\/posts\/656562","targetHints":{"allow":["GET"]}}],"collection":[{"href":"https:\/\/www.europesays.com\/it\/wp-json\/wp\/v2\/posts"}],"about":[{"href":"https:\/\/www.europesays.com\/it\/wp-json\/wp\/v2\/types\/post"}],"author":[{"embeddable":true,"href":"https:\/\/www.europesays.com\/it\/wp-json\/wp\/v2\/users\/3"}],"replies":[{"embeddable":true,"href":"https:\/\/www.europesays.com\/it\/wp-json\/wp\/v2\/comments?post=656562"}],"version-history":[{"count":0,"href":"https:\/\/www.europesays.com\/it\/wp-json\/wp\/v2\/posts\/656562\/revisions"}],"wp:featuredmedia":[{"embeddable":true,"href":"https:\/\/www.europesays.com\/it\/wp-json\/wp\/v2\/media\/656563"}],"wp:attachment":[{"href":"https:\/\/www.europesays.com\/it\/wp-json\/wp\/v2\/media?parent=656562"}],"wp:term":[{"taxonomy":"category","embeddable":true,"href":"https:\/\/www.europesays.com\/it\/wp-json\/wp\/v2\/categories?post=656562"},{"taxonomy":"post_tag","embeddable":true,"href":"https:\/\/www.europesays.com\/it\/wp-json\/wp\/v2\/tags?post=656562"}],"curies":[{"name":"wp","href":"https:\/\/api.w.org\/{rel}","templated":true}]}}