{"id":656568,"date":"2026-08-30T13:48:40","date_gmt":"2026-08-30T13:48:40","guid":{"rendered":"https:\/\/www.europesays.com\/it\/656568\/"},"modified":"2026-08-30T13:48:40","modified_gmt":"2026-08-30T13:48:40","slug":"lucio-corsi-in-concerto-a-firenze","status":"publish","type":"post","link":"https:\/\/www.europesays.com\/it\/656568\/","title":{"rendered":"Lucio Corsi in concerto a Firenze"},"content":{"rendered":"<p>&#13;<br \/>\n      &#13;<br \/>\n&#13;<br \/>\n     &#13;<br \/>\n        &#13;<\/p>\n<p>Il primo grande tour nei palasport della sua carriera partir\u00e0 proprio da Firenze. Lucio Corsi ha annunciato &#8220;Lucio Corsi &#8211; Palasport 2026&#8221;, una mini tourn\u00e9e che lo vedr\u00e0 esibirsi per la prima volta nei principali palazzetti italiani e che prender\u00e0 il via il 27 novembre 2026 al Nelson Mandela Forum.<\/p>\n<p>Per il cantautore toscano non si tratta di una data qualsiasi. Lo stesso artista ha infatti raccontato il profondo legame che lo unisce al palazzetto fiorentino, ricordando un concerto che gli cambi\u00f2 la vita quando era ancora adolescente.<\/p>\n<p>\u00abProprio al Mandela Forum nel 2008 vidi un concerto che mi cambi\u00f2 la vita \u2013 racconta Corsi \u2013. Fui folgorato dal suono della chitarra nera di Neil Young. Ero un ragazzino e da quella notte in poi non ho desiderato altro che dei capelli lunghi e una chitarra elettrica. Sono passati diciotto anni e a dicembre salir\u00f2 su quel palco con i capelli lunghi e una chitarra. Nera\u00bb.<\/p>\n<p>L&#8217;appuntamento fiorentino rappresenta il primo dei tre concerti previsti dal tour prodotto da Magellano Concerti, che far\u00e0 successivamente tappa il 5 dicembre al Palazzo dello Sport di Roma e l&#8217;11 dicembre all&#8217;Unipol Forum di Milano.<\/p>\n<p>L&#8217;annuncio arriva in un momento particolarmente felice della carriera dell&#8217;artista maremmano. Dopo il successo ottenuto al Festival di Sanremo 2025 con &#8220;Volevo essere un duro&#8221;, classificatosi al secondo posto e vincitore del Premio della Critica &#8220;Mia Martini&#8221;, Lucio Corsi ha consolidato la propria popolarit\u00e0 fino a rappresentare l&#8217;Italia all&#8217;Eurovision Song Contest 2025, dove ha conquistato il quinto posto. Il brano \u00e8 stato certificato disco di platino, mentre l&#8217;album omonimo pubblicato nel marzo 2025 ha ottenuto il disco d&#8217;oro.<\/p>\n<p>Le date nei palasport arrivano inoltre dopo il successo del Club Tour e del Tour Europeo 2026, che ha portato il cantautore e la sua band nelle principali citt\u00e0 del continente. Nel frattempo Corsi \u00e8 gi\u00e0 al lavoro su nuova musica, come mostrato recentemente sui social attraverso alcune anticipazioni al pianoforte di un brano ancora inedito.<\/p>\n<p>Sul palco del Mandela Forum l&#8217;artista sar\u00e0 accompagnato dalla sua storica band e da un ensemble ampliato con sezione fiati, percussioni e cori. La scaletta ripercorrer\u00e0 l&#8217;intera carriera del musicista, dagli esordi di Bestiario Musicale fino ai brani pi\u00f9 recenti, in un viaggio attraverso quell&#8217;universo poetico e visionario che negli anni lo ha reso una delle voci pi\u00f9 originali della scena italiana contemporanea.<\/p>\n<p>I biglietti sono disponibili sul circuito ufficiale di Magellano Concerti.<\/p>\n<p> &#13;<br \/>\n       &#13;<br \/>\n&#13;<br \/>\n&#13;<br \/>\n  &#13;<br \/>\n  &#13;<br \/>\n&#13;<br \/>\n&#13;<br \/>\n  &#13;<br \/>\n&#13;<br \/>\n        &#13;<br \/>\n        &#13;<br \/>\n               &#13;<br \/>\n      &#13;<br \/>\n      &#13;<br \/>\n      &#13;<br \/>\n&#13;<br \/>\n&#13;<br \/>\n            &#13;<br \/>\n   &#13;<br \/>\n&#13;<br \/>\n &#13;<br \/>\n      &#13;<br \/>\n&#13;<br \/>\n      &#13;<\/p>\n","protected":false},"excerpt":{"rendered":"&#13; &#13; &#13; &#13; &#13; Il primo grande tour nei palasport della sua carriera partir\u00e0 proprio da Firenze.&hellip;\n","protected":false},"author":3,"featured_media":656569,"comment_status":"","ping_status":"","sticky":false,"template":"","format":"standard","meta":{"footnotes":"","_share_on_mastodon":"0"},"categories":[1443],"tags":[2943,203,626,204,1537,90,89,15869,1538,1539],"class_list":["post-656568","post","type-post","status-publish","format-standard","has-post-thumbnail","category-musica","tag-concerti","tag-entertainment","tag-eventi","tag-intrattenimento","tag-it","tag-italia","tag-italy","tag-lucio-corsi","tag-music","tag-musica"],"share_on_mastodon":{"url":"https:\/\/pubeurope.com\/@it\/117184777982774438","error":""},"_links":{"self":[{"href":"https:\/\/www.europesays.com\/it\/wp-json\/wp\/v2\/posts\/656568","targetHints":{"allow":["GET"]}}],"collection":[{"href":"https:\/\/www.europesays.com\/it\/wp-json\/wp\/v2\/posts"}],"about":[{"href":"https:\/\/www.europesays.com\/it\/wp-json\/wp\/v2\/types\/post"}],"author":[{"embeddable":true,"href":"https:\/\/www.europesays.com\/it\/wp-json\/wp\/v2\/users\/3"}],"replies":[{"embeddable":true,"href":"https:\/\/www.europesays.com\/it\/wp-json\/wp\/v2\/comments?post=656568"}],"version-history":[{"count":0,"href":"https:\/\/www.europesays.com\/it\/wp-json\/wp\/v2\/posts\/656568\/revisions"}],"wp:featuredmedia":[{"embeddable":true,"href":"https:\/\/www.europesays.com\/it\/wp-json\/wp\/v2\/media\/656569"}],"wp:attachment":[{"href":"https:\/\/www.europesays.com\/it\/wp-json\/wp\/v2\/media?parent=656568"}],"wp:term":[{"taxonomy":"category","embeddable":true,"href":"https:\/\/www.europesays.com\/it\/wp-json\/wp\/v2\/categories?post=656568"},{"taxonomy":"post_tag","embeddable":true,"href":"https:\/\/www.europesays.com\/it\/wp-json\/wp\/v2\/tags?post=656568"}],"curies":[{"name":"wp","href":"https:\/\/api.w.org\/{rel}","templated":true}]}}