{"id":656574,"date":"2026-08-30T13:51:18","date_gmt":"2026-08-30T13:51:18","guid":{"rendered":"https:\/\/www.europesays.com\/it\/656574\/"},"modified":"2026-08-30T13:51:18","modified_gmt":"2026-08-30T13:51:18","slug":"melanoma-il-vaccino-personalizzato-a-mrna-supera-la-fase-iii-una-svolta-che-puo-cambiare-loncologia","status":"publish","type":"post","link":"https:\/\/www.europesays.com\/it\/656574\/","title":{"rendered":"Melanoma, il vaccino personalizzato a mRNA supera la fase III: una svolta che pu\u00f2 cambiare l\u2019oncologia"},"content":{"rendered":"<p><strong>Un vaccino diverso per ogni paziente, costruito leggendo le mutazioni del suo tumore.<\/strong> Quella che fino a pochi anni fa sembrava una delle frontiere pi\u00f9 difficili dell\u2019oncologia di precisione ha appena superato una prova decisiva.<\/p>\n<p><strong>Lo studio internazionale di fase III INTerpath-001<\/strong>, condotto su <strong>1.137 pazienti<\/strong> con <strong>melanoma cutaneo ad alto rischio completamente asportato<\/strong>, ha raggiunto il suo <strong>obiettivo principale<\/strong>: l\u2019associazione tra la terapia personalizzata a mRNA <strong>intismeran autogene<\/strong> e l\u2019immunoterapia con <strong>pembrolizumab<\/strong> ha <strong>prolungato in modo statisticamente significativo il tempo senza recidiva<\/strong> rispetto al solo pembrolizumab.<\/p>\n<p><strong>Positivo anche il risultato sulla sopravvivenza libera da metastasi a distanza.<\/strong> \u00c8 il primo risultato favorevole di fase III per una terapia oncologica individualizzata basata su <strong>neoantigeni<\/strong> e <strong>mRNA<\/strong>.<\/p>\n<p><strong>Non \u00e8 il \u201cvaccino contro il cancro\u201d<\/strong><\/p>\n<p><strong>La distinzione \u00e8 fondamentale.<\/strong><\/p>\n<p>Non si tratta di una <strong>vaccinazione preventiva<\/strong> da somministrare alla popolazione sana. Il <strong>melanoma \u00e8 gi\u00e0 comparso ed \u00e8 stato rimosso chirurgicamente<\/strong>. L\u2019obiettivo \u00e8 <strong>ridurre la probabilit\u00e0 che ritorni<\/strong>.<\/p>\n<p>Dal tumore del singolo paziente vengono analizzate le <strong>mutazioni genetiche<\/strong>. Un <strong>algoritmo<\/strong> seleziona alcuni dei <strong>neoantigeni<\/strong>, proteine anomale caratteristiche delle cellule tumorali. Si produce quindi un <strong>mRNA sintetico<\/strong> capace di codificare fino a <strong>34<\/strong> di questi bersagli e di \u201cmostrarli\u201d al sistema immunitario, stimolando i <strong>linfociti T<\/strong> a riconoscere eventuali cellule tumorali residue.<\/p>\n<p>La terapia, quindi, non \u00e8 semplicemente personalizzata nel dosaggio: <strong>viene fabbricata appositamente per quel paziente<\/strong>.<\/p>\n<p><strong>Perch\u00e9 il risultato conta<\/strong><\/p>\n<p>La fase III conferma quanto gi\u00e0 emerso in uno studio precedente, pi\u00f9 piccolo, su <strong>157 pazienti<\/strong>.<\/p>\n<p>A cinque anni, nello studio <strong>KEYNOTE-942<\/strong>, l\u2019associazione <strong>intismeran-pembrolizumab<\/strong> aveva mostrato una <strong>riduzione del 49% del rischio di recidiva o morte<\/strong> e del <strong>59% del rischio di metastasi a distanza o morte<\/strong> rispetto al pembrolizumab da solo.<\/p>\n<p>Ora arriva la conferma in una popolazione molto pi\u00f9 ampia.<\/p>\n<p><strong>Serve per\u00f2 prudenza.<\/strong> Sono stati annunciati <strong>risultati preliminari<\/strong>, non ancora i dati completi della fase III. <strong>Non conosciamo l\u2019entit\u00e0 numerica definitiva del beneficio<\/strong> e soprattutto <strong>non sappiamo ancora se il trattamento aumenti la sopravvivenza globale<\/strong>. <strong>Lo studio continuer\u00e0<\/strong> proprio per rispondere anche a questa domanda.<\/p>\n<p><strong>L\u2019Italia non \u00e8 spettatrice<\/strong><\/p>\n<p>Per una volta, la sanit\u00e0 italiana \u00e8 dentro questa innovazione e non semplicemente in attesa di adottarla.<\/p>\n<p><strong>L\u2019Istituto Nazionale dei Tumori di Milano<\/strong> \u00e8 stato il centro che ha randomizzato il maggior numero di pazienti al mondo nello studio: <strong>82 su 128 sottoposti a screening<\/strong>.<\/p>\n<p>\u00c8 un dato importante anche in prospettiva SSN. Se queste terapie arriveranno nella pratica clinica, servir\u00e0 una filiera completamente nuova: <strong>biopsia di qualit\u00e0<\/strong>, <strong>sequenziamento genomico<\/strong>, <strong>bioinformatica<\/strong>, <strong>identificazione dei neoantigeni<\/strong>, <strong>produzione rapida del vaccino personalizzato<\/strong>, <strong>immunoterapia<\/strong> e <strong>centri oncologici in grado di coordinare tutto il percorso<\/strong>.<\/p>\n<p><strong>Ed \u00e8 forse questa la vera notizia per la sanit\u00e0: il farmaco del futuro potrebbe non essere soltanto scelto per il paziente, ma costruito per lui.<\/strong><\/p>\n<p>Il <strong>melanoma \u00e8 il primo banco di prova<\/strong>. <strong>Intismeran \u00e8 gi\u00e0 studiato anche in altre neoplasie<\/strong>. Se la strategia sar\u00e0 confermata, la <strong>rivoluzione dell\u2019mRNA<\/strong> iniziata con i vaccini contro le infezioni potrebbe trovare nell\u2019oncologia uno dei suoi sviluppi pi\u00f9 importanti.<\/p>\n<p><img loading=\"lazy\" decoding=\"async\" src=\"https:\/\/www.europesays.com\/it\/wp-content\/uploads\/2026\/08\/ChatGPT_Image_29_ago_2026,_22_39_57-1788036032492.webp\" alt=\"\" width=\"1024\" height=\"1536\" caption=\"false\"\/><\/p>\n<p><strong>Fonti:<\/strong><\/p>\n<p>\u2022 <strong>Nature<\/strong>, Patrick A. Ott, The Moderna cancer vaccine offers hope \u2014 now we must speed up personalized therapies, 28 agosto 2026.<\/p>\n<p>\u2022 <strong>Merck-Moderna<\/strong>, risultati topline dello studio di fase III INTerpath-001, 19 agosto 2026.<\/p>\n<p>\u2022 <strong>ClinicalTrials.gov<\/strong>, <strong>NCT05933577<\/strong>, INTerpath-001.<\/p>\n<p>\u2022 <strong>ASCO 2026<\/strong>, follow-up a 5 anni dello studio KEYNOTE-942.<\/p>\n<p>\u2022 <strong>IRCCS Istituto Nazionale dei Tumori di Milano<\/strong>, Vaccino a mRNA contro il melanoma, l\u2019Istituto Nazionale dei Tumori di Milano \u00e8 il primo centro al mondo, 22 agosto 2026.<\/p>\n","protected":false},"excerpt":{"rendered":"Un vaccino diverso per ogni paziente, costruito leggendo le mutazioni del suo tumore. Quella che fino a pochi&hellip;\n","protected":false},"author":3,"featured_media":656575,"comment_status":"","ping_status":"","sticky":false,"template":"","format":"standard","meta":{"footnotes":"","_share_on_mastodon":"0"},"categories":[175],"tags":[239,353524,362238,334625,1537,90,89,35260,76236,28,11141,353523,362239,106199,240],"class_list":["post-656574","post","type-post","status-publish","format-standard","has-post-thumbnail","category-salute","tag-health","tag-interpath-001","tag-intismeran-autogene","tag-istituto-nazionale-dei-tumori-di-milano","tag-it","tag-italia","tag-italy","tag-melanoma","tag-merck","tag-milano","tag-moderna","tag-neoantigeni","tag-patrick-a-ott","tag-pembrolizumab","tag-salute"],"share_on_mastodon":{"url":"https:\/\/pubeurope.com\/@it\/117184790440469328","error":""},"_links":{"self":[{"href":"https:\/\/www.europesays.com\/it\/wp-json\/wp\/v2\/posts\/656574","targetHints":{"allow":["GET"]}}],"collection":[{"href":"https:\/\/www.europesays.com\/it\/wp-json\/wp\/v2\/posts"}],"about":[{"href":"https:\/\/www.europesays.com\/it\/wp-json\/wp\/v2\/types\/post"}],"author":[{"embeddable":true,"href":"https:\/\/www.europesays.com\/it\/wp-json\/wp\/v2\/users\/3"}],"replies":[{"embeddable":true,"href":"https:\/\/www.europesays.com\/it\/wp-json\/wp\/v2\/comments?post=656574"}],"version-history":[{"count":0,"href":"https:\/\/www.europesays.com\/it\/wp-json\/wp\/v2\/posts\/656574\/revisions"}],"wp:featuredmedia":[{"embeddable":true,"href":"https:\/\/www.europesays.com\/it\/wp-json\/wp\/v2\/media\/656575"}],"wp:attachment":[{"href":"https:\/\/www.europesays.com\/it\/wp-json\/wp\/v2\/media?parent=656574"}],"wp:term":[{"taxonomy":"category","embeddable":true,"href":"https:\/\/www.europesays.com\/it\/wp-json\/wp\/v2\/categories?post=656574"},{"taxonomy":"post_tag","embeddable":true,"href":"https:\/\/www.europesays.com\/it\/wp-json\/wp\/v2\/tags?post=656574"}],"curies":[{"name":"wp","href":"https:\/\/api.w.org\/{rel}","templated":true}]}}