{"id":656584,"date":"2026-08-30T13:56:21","date_gmt":"2026-08-30T13:56:21","guid":{"rendered":"https:\/\/www.europesays.com\/it\/656584\/"},"modified":"2026-08-30T13:56:21","modified_gmt":"2026-08-30T13:56:21","slug":"chiude-woolrich-a-bologna-coinvolti-quasi-100-lavoratori-da-lunedi-il-quartier-generale-si-sposta-a-torino","status":"publish","type":"post","link":"https:\/\/www.europesays.com\/it\/656584\/","title":{"rendered":"Chiude\u00a0Woolrich a Bologna, coinvolti quasi 100\u00a0lavoratori: da luned\u00ec\u00a0il quartier generale si sposta a Torino"},"content":{"rendered":"<p>Bologna, 30 agosto\u00a02026 &#8211; Lo<strong> stabilimento <a rel=\"follow nofollow noopener\" href=\"https:\/\/www.ilrestodelcarlino.it\/bologna\/cronaca\/woolrich-addio-alle-due-torri-b78d0523\" target=\"_blank\">Woolrich<\/a> a Bologna<\/strong> chiude e sono circa un\u00a0centinaio (tra Bologna e Milano) le donne e gli uomini coinvolti.<\/p>\n<p>L&#8217;ennesimo colpo di scena di una vicenda iniziata a dicembre 2025, dopo l&#8217;annuncio della nuova propriet\u00e0 <strong>BasicNet<\/strong> di spostare tutti nel nuovo quartier generale a Torino.<\/p>\n<p>Le puntate precedenti <\/p>\n<p>Ma dov&#8217;eravamo rimasti? Esattamente 7 mesi fa, il <strong>30\u00a0gennaio scorso<\/strong>, \u00e8 stata avviata \u2013 non senza difficolt\u00e0 \u2013 una trasformazione radicale e profonda del <strong>gruppo Woolrich Europe a Bologna<\/strong>, ditta passata\u00a0nel mese di dicembre 2025 alla <strong>BasicNet<\/strong>, azienda torinese. In quel freddo incontro c&#8217;erano tutti: referenti da Torino, sindacati, istituzioni \u2013 dal <strong>sindaco Matteo Lepore<\/strong> all&#8217;assessore regionale Giovanni Paglia \u2013 e lavoratori.<\/p>\n<p>Approfondisci:<\/p>\n<p><a href=\"https:\/\/www.ilrestodelcarlino.it\/bologna\/cronaca\/maria-stella-lasciata-nella-culla-wzf7xn9n\" class=\"ArticleEmbed_article__embed__content__Jzqnz\" rel=\"nofollow noopener\" target=\"_blank\">Lasciata nella Culla per la Vita, Maria Stella \u00e8 uscita dall\u2019ospedale e ora aspetta una nuova famiglia<img alt=\"Lasciata nella Culla per la Vita, Maria Stella \u00e8 uscita dall\u2019ospedale e ora aspetta una nuova famiglia\" loading=\"lazy\" width=\"140\" height=\"78\" decoding=\"async\" data-nimg=\"1\" style=\"color:transparent\"  src=\"https:\/\/www.europesays.com\/it\/wp-content\/uploads\/2026\/08\/la-piccola-maria-stella-e-uscita-dal-santorsola-ed-e-stata-affidata-ai-servizi-sociali-foto-generica.webp\"\/><\/a> <\/p>\n<p>Otto ore di riunione per riassumere decenni di storia sul territorio: dall&#8217;arrivo in citt\u00e0 del marchio fino al doloroso annuncio del &#8220;trasferimento a Torino o dimissioni&#8221; arrivato a <strong>dicembre 2025<\/strong>, per i <strong>109 lavoratori Woolrich Europe di Bologna<\/strong> (pi\u00f9 i<strong> 30<\/strong> di <strong>Milano<\/strong>).<\/p>\n<p> <img alt=\"Il negozio in centro a Bologna rimarr\u00e0 aperto\" loading=\"lazy\" width=\"1280\" height=\"720\" decoding=\"async\" data-nimg=\"1\" style=\"color:transparent;max-width:100%;height:auto\"   src=\"https:\/\/www.europesays.com\/it\/wp-content\/uploads\/2026\/08\/il-negozio-in-centro-a-bologna-rimarra-aperto.webp\"\/><\/p>\n<p>Il negozio in centro a Bologna rimarr\u00e0 aperto<\/p>\n<p>In quel tavolo tanti hanno ricordato quella mazzata, arrivata in un periodo gi\u00e0 denso di crisi: <strong>Yoox<\/strong> (risolta poi con un accordo), <strong>Gaggio Tech<\/strong> o la <strong>Manz Italy <\/strong>a <strong>Sasso Marconi<\/strong>. Ora, quell&#8217;accordo di fine gennaio \u00e8 di fatto carta straccia: <strong>il sito bolognese della Woolrich chiude il 31 agosto<\/strong>.<\/p>\n<p>Approfondisci:<\/p>\n<p><a href=\"https:\/\/www.ilrestodelcarlino.it\/bologna\/cronaca\/woolrich-sospesi-i-trasferimenti-la-be2ced0e\" class=\"ArticleEmbed_article__embed__content__Jzqnz\" rel=\"nofollow noopener\" target=\"_blank\">Woolrich, sospesi i trasferimenti. La propriet\u00e0 apre al confronto: &#8220;Un piccolo spiraglio di luce&#8221;<img alt=\"Woolrich, sospesi i trasferimenti. La propriet\u00e0 apre al confronto: &quot;Un piccolo spiraglio di luce&quot;\" loading=\"lazy\" width=\"140\" height=\"78\" decoding=\"async\" data-nimg=\"1\" style=\"color:transparent\"  src=\"https:\/\/www.europesays.com\/it\/wp-content\/uploads\/2026\/08\/woolrich-sospesi-i-trasferimenti-la-proprieta-apre-al-confronto-un-piccolo-spiraglio-di-luce.webp\"\/><\/a><br \/>\nL&#8217;accordo di inizio 2026 <\/p>\n<p>Lo <strong><a rel=\"follow nofollow noopener\" href=\"https:\/\/www.ilrestodelcarlino.it\/bologna\/economia\/woolrich-accordo-dipendenti-votato-si-764ec4b5\" target=\"_blank\">scorso inverno<\/a><\/strong> ai lavoratori era stato offerto un trasferimento incentivato a Torino, sia economicamente che a livello organizzativo per chi avrebbe scelto di trasferirsi nella nuova base piemontese. Nell\u2019accordo era presente un <strong>rimborso biglietti del treno da\u00a0migliaia di\u00a0euro.<\/strong> La seconda possibilit\u00e0 era quella di restare nelle sedi di Bologna o Milano fino al <strong>31 marzo 2027<\/strong>.<\/p>\n<p> <img alt=\"Il presidio sotto la Regione lo scorso gennaio\" loading=\"lazy\" width=\"1600\" height=\"900\" decoding=\"async\" data-nimg=\"1\" style=\"color:transparent;max-width:100%;height:auto\"   src=\"https:\/\/www.europesays.com\/it\/wp-content\/uploads\/2026\/08\/il-presidio-sotto-la-regione-lo-scorso-gennaio.webp\"\/><\/p>\n<p>Il presidio sotto la Regione lo scorso gennaio<\/p>\n<p>Per chi ha un\u2019anzianit\u00e0 superiore ai <strong>12 anni <\/strong>e sarebbe uscito entro il 31 agosto, il \u2018bonus\u2019 era di 20 mensilit\u00e0 lorde, 11 se fosse andato via dal 1\u00b0 settembre al 31 dicembre 2026 e 5 tra il 1\u00b0 gennaio e il 31 marzo 2027. Le altre mensilit\u00e0: entro il <strong>31 agosto 2026<\/strong>, fino a 3 anni di lavoro erano10 mesi, tra 3 e 6 anni erano 11 mensilit\u00e0, tra 6 e 9 anni erano 12 mensilit\u00e0, tra 9 e 12 anni erano 17 mensilit\u00e0. Per le uscite dal 1\u00b0 settembre al 31 dicembre 2026, invece: fino a 3 anni 3 mensilit\u00e0, tra 3 e 6 anni 4, tra 6 e 9 anni 5, tra 9 e 12 anni 8, sopra i 12 anni 11.<\/p>\n<p>Approfondisci:<\/p>\n<p><a href=\"https:\/\/www.ilrestodelcarlino.it\/bologna\/cronaca\/woolrich-addio-alle-due-torri-b78d0523\" class=\"ArticleEmbed_article__embed__content__Jzqnz\" rel=\"nofollow noopener\" target=\"_blank\">Woolrich, addio Bologna: \u00e8 scontro sui trasferimenti. Choc sindacati: \u201cSciopero vicino\u201d<img alt=\"Woolrich, addio Bologna: \u00e8 scontro sui trasferimenti. Choc sindacati: \u201cSciopero vicino\u201d\" loading=\"lazy\" width=\"140\" height=\"78\" decoding=\"async\" data-nimg=\"1\" style=\"color:transparent\"  src=\"https:\/\/www.europesays.com\/it\/wp-content\/uploads\/2026\/08\/woolrich-addio-alle-due-torri-e-scontro-sui-109-trasferimenti-choc-sindacati-sciopero-vicino.webp\"\/><\/a> <\/p>\n<p>Per le uscite dal 1\u00b0 gennaio al 31 marzo 2027: Fino a 6 anni una sola mensilit\u00e0, tra 6 e 9 anni 2, tra 9 e 12 anni 4, sopra i 12 anni, 5 mensilit\u00e0. <strong>Ma di fatto tutto questo\u00a0non si \u00e8 mai realizzato<\/strong>.\u00a0<\/p>\n<p>Cosa cambia? <img alt=\"Il dolore dei dipendenti della Woolrich\" loading=\"lazy\" width=\"1280\" height=\"719\" decoding=\"async\" data-nimg=\"1\" style=\"color:transparent;max-width:100%;height:auto\"   src=\"https:\/\/www.europesays.com\/it\/wp-content\/uploads\/2026\/08\/il-dolore-dei-dipendenti-della-woolrich.webp\"\/><\/p>\n<p>Il dolore dei dipendenti della Woolrich<\/p>\n<p><strong>&#8220;Non s-bolognateci&#8221;<\/strong> era l&#8217;appello dei lavoratori dopo l&#8217;annuncio dello scorso anno.<\/p>\n<p>Approfondisci:<\/p>\n<p><a href=\"https:\/\/www.ilrestodelcarlino.it\/bologna\/cronaca\/batteri-oltre-i-limiti-vietato-94f23b59\" class=\"ArticleEmbed_article__embed__content__Jzqnz\" rel=\"nofollow noopener\" target=\"_blank\">Batteri oltre i limiti a Marzabotto. Il Comune: \u201cStop all\u2019uso potabile dell\u2019acqua\u201d<img alt=\"Batteri oltre i limiti a Marzabotto. Il Comune: \u201cStop all\u2019uso potabile dell\u2019acqua\u201d\" loading=\"lazy\" width=\"140\" height=\"78\" decoding=\"async\" data-nimg=\"1\" style=\"color:transparent\"  src=\"https:\/\/www.europesays.com\/it\/wp-content\/uploads\/2026\/08\/batteri-oltre-i-limiti-a-marzabotto-in-foto-la-sindaca-cuppi-stop-alluso-potabile-dellacqua.webp\"\/><\/a> <\/p>\n<p>Appello che \u00e8 rimasto inascoltato. Che succede ora? Dal 1\u00b0 settembre restano due strade: la prima un\u2019uscita\u00a0dall\u2019azienda (<strong>entro 24 ore saranno chiarite e definite tutte le modalit\u00e0<\/strong>), la seconda lo spostamento a Torino. Insomma, un po\u2019 com\u2019era stato detto a gennaio, soltanto che invece che chiudere a <strong>marzo 2027 <\/strong>gi\u00e0 dal <strong>1\u00b0 settembre<\/strong> nessuno sar\u00e0 in ufficio a Bologna.<\/p>\n<p>La prima opzione\u00a0\u2013\u00a0com\u2019\u00e8 facilmente intuibile \u2013\u00a0\u00e8 quella scelta da decine dei dipendenti bolognesi, la seconda riguarda perlopi\u00f9\u00a0quelli che lavoravano a Milano.\u00a0\u00a0<\/p>\n","protected":false},"excerpt":{"rendered":"Bologna, 30 agosto\u00a02026 &#8211; Lo stabilimento Woolrich a Bologna chiude e sono circa un\u00a0centinaio (tra Bologna e Milano)&hellip;\n","protected":false},"author":3,"featured_media":656585,"comment_status":"","ping_status":"","sticky":false,"template":"","format":"standard","meta":{"footnotes":"","_share_on_mastodon":"0"},"categories":[79],"tags":[586,3220,13746,14,93,94,45494,1537,90,89,9324,1691,7,15,126542,62507,1641,11,84,91,12,85,92,127923],"class_list":["post-656584","post","type-post","status-publish","format-standard","has-post-thumbnail","category-italia","tag-bologna","tag-chiude","tag-coinvolti","tag-cronaca","tag-cronaca-italiana","tag-cronacaitaliana","tag-generale","tag-it","tag-italia","tag-italy","tag-lavoratori","tag-lunedi","tag-news","tag-notizie","tag-quartier","tag-sposta","tag-torino","tag-ultime-notizie","tag-ultime-notizie-e-news-di-oggi","tag-ultime-notizie-italia","tag-ultimenotizie","tag-ultimenotizieenewsdioggi","tag-ultimenotizieitalia","tag-woolrich"],"share_on_mastodon":{"url":"https:\/\/pubeurope.com\/@it\/117184810240060564","error":""},"_links":{"self":[{"href":"https:\/\/www.europesays.com\/it\/wp-json\/wp\/v2\/posts\/656584","targetHints":{"allow":["GET"]}}],"collection":[{"href":"https:\/\/www.europesays.com\/it\/wp-json\/wp\/v2\/posts"}],"about":[{"href":"https:\/\/www.europesays.com\/it\/wp-json\/wp\/v2\/types\/post"}],"author":[{"embeddable":true,"href":"https:\/\/www.europesays.com\/it\/wp-json\/wp\/v2\/users\/3"}],"replies":[{"embeddable":true,"href":"https:\/\/www.europesays.com\/it\/wp-json\/wp\/v2\/comments?post=656584"}],"version-history":[{"count":0,"href":"https:\/\/www.europesays.com\/it\/wp-json\/wp\/v2\/posts\/656584\/revisions"}],"wp:featuredmedia":[{"embeddable":true,"href":"https:\/\/www.europesays.com\/it\/wp-json\/wp\/v2\/media\/656585"}],"wp:attachment":[{"href":"https:\/\/www.europesays.com\/it\/wp-json\/wp\/v2\/media?parent=656584"}],"wp:term":[{"taxonomy":"category","embeddable":true,"href":"https:\/\/www.europesays.com\/it\/wp-json\/wp\/v2\/categories?post=656584"},{"taxonomy":"post_tag","embeddable":true,"href":"https:\/\/www.europesays.com\/it\/wp-json\/wp\/v2\/tags?post=656584"}],"curies":[{"name":"wp","href":"https:\/\/api.w.org\/{rel}","templated":true}]}}