{"id":656597,"date":"2026-08-30T14:14:14","date_gmt":"2026-08-30T14:14:14","guid":{"rendered":"https:\/\/www.europesays.com\/it\/656597\/"},"modified":"2026-08-30T14:14:14","modified_gmt":"2026-08-30T14:14:14","slug":"arriva-in-tv-nord-sud-ovest-est-la-seconda-serie-sugli-883","status":"publish","type":"post","link":"https:\/\/www.europesays.com\/it\/656597\/","title":{"rendered":"Arriva in tv &#8220;Nord Sud Ovest Est&#8221;, la seconda serie sugli 883"},"content":{"rendered":"<p>In questa seconda stagione il regista  Sydney Sibilia racconta la fine degli 883 e della generazione che andava \u00abin motorino sempre in due\u00bb <\/p>\n<p>\t\t\t<a href=\"https:\/\/google.com\/preferences\/source?q=open.online\" target=\"_blank\" rel=\"nofollow noopener\"><img loading=\"lazy\" decoding=\"async\" src=\"https:\/\/www.europesays.com\/it\/wp-content\/uploads\/2026\/05\/gps@2x.png\" alt=\"Google Preferred Site\" width=\"200\" height=\"63\"\/><\/a><\/p>\n<p class=\"wp-block-paragraph\">L\u2019America vista da Pavia \u00e8 una cosa, ma vista dalle strade dell\u2019Arizona \u00e8 tutt\u2019altro. Esattamente come il successo: un conto \u00e8 sognarlo, un conto \u00e8 viverlo, esserne travolti. C\u2019\u00e8 un bivio, nelle vite di tutti. In quelle di <strong>Max Pezzali <\/strong>e <strong><a href=\"https:\/\/www.open.online\/2024\/10\/30\/mauro-repetto-883-max-pezzali-claudio-cecchetto-litigio\/\" data-type=\"link\" data-id=\"https:\/\/www.open.online\/2024\/10\/30\/mauro-repetto-883-max-pezzali-claudio-cecchetto-litigio\/\" rel=\"nofollow noopener\" target=\"_blank\">Mauro Repetto<\/a><\/strong>, pi\u00f9 che un bivio \u00e8 un incrocio: Nord, Sud, Ovest, Est. \u00c8 davanti al cartello con i punti cardinali che le strade dei due cantanti si dividono. \u00c8 il <strong>1993<\/strong>: in Italia le ragazze iniziano a indossare body a balconcino, si va alle feste in auto viaggiando con una cartina, ci sono ancora gli esami di riparazione a settembre, c\u2019\u00e8 chi finisce nei casini per colpa di cumuli di roba e di spade. Max Pezzali e Mauro Repetto fotografano tutto questo e lo mettono dentro le nuove canzoni che, non si sa come, riescono a scrivere ritagliandosi un momento di ispirazione nel vortice del successo del primo disco \u201cHanno ucciso l\u2019uomo ragno\u201d. Esce \u201cNord Sud Ovest Est\u201d, il secondo disco. L\u2019ultimo. <\/p>\n<p>Di cosa parla la seconda stagione della serie sugli 883<\/p>\n<p class=\"wp-block-paragraph\">C\u2019\u00e8 un equivoco: <strong>la seconda stagione della serie sugli 883<\/strong> prodotta da Sky Studios e Groenlandia e in arrivo su Sky e su NOW dal 9 ottobre non parla di Max Pezzali e di Mauro Repetto, parla di noi. Di noi che davanti a quell\u2019incrocio ci siamo chiesti dove andare, di noi che poi ci siamo accorti che forse quello che cercavamo neanche c\u2019era. Di noi che volevamo arrivare a casa di Dio e poi siamo finiti in un autogrill con birra e Camogli. Noi che abbiamo duplicato \u201cCome mai\u201d pregando per un s\u00ec, noi che vivevamo aspettando il weekend, noi che cantavamo a squarciagola \u201cNon ci spezziamo\u201d, e poi ci siamo spezzati. Come Pezzali e Repetto, come tutti.<\/p>\n<p class=\"wp-block-paragraph\">Di questo parla la nuova serie composta da otto episodi: di <strong>due che fanno un pezzo di strada insieme e poi si salutano<\/strong> davanti al cartello con i punti cardinali. Di due ragazzi di provincia che forse pi\u00f9 di tutti, negli anni \u201990, sono riusciti a mettere in musica le vite degli adolescenti italiani, quelli divisi tra la cameretta e la sala giochi, tra l\u2019\u00abuccidersi d\u2019amore ma per chi?!\u00bb e le \u00abnotti intere ad aspettarti\u00bb. Quelli che sognavano l\u2019America e quelli che invece sono rimasti a Pavia. E quelli che sognavano di restare a Pavia e invece son finiti in America. <\/p>\n<p>Tornano Elia Nuzzolo e Matteo Oscar Giuggioli<\/p>\n<p class=\"wp-block-paragraph\">La prima stagione della <a href=\"https:\/\/www.open.online\/2024\/10\/06\/883-uomo-ragno-la-leggendaria-storia-serie-tv-intervista-video\/\" data-type=\"link\" data-id=\"https:\/\/www.open.online\/2024\/10\/06\/883-uomo-ragno-la-leggendaria-storia-serie-tv-intervista-video\/\" rel=\"nofollow noopener\" target=\"_blank\">serie tv sugli 883 \u201cHanno Ucciso l\u2019Uomo Ragno\u201d <\/a>\u00e8 stata tra le serie Sky Original pi\u00f9 viste di sempre. E adesso si punta a bissare il successo, con \u201cNord Sud Ovest Est \u2013 La leggendaria storia degli 883\u201d scritta da <strong>Sydney Sibilia<\/strong>, Francesco Agostini e Marco Pettenello. Nei panni dei due underdog Pezzali e Repetto ci sono ancora <strong>Elia Nuzzolo<\/strong> e <strong>Matteo Oscar Giuggioli<\/strong>, oltre a Ludovica Barbarito (Silvia), Davide Calgaro (Cisco), Edoardo Ferrario (Pierpaolo), Roberto Zibetti (Claudio Cecchetto) e Riccardo Armiento (Nemorino), affiancati dalle new-entry Gaia Zampighi (Michela Rossini) e Rosa Barbolini (Caterina).<\/p>\n<p>Il primo disco da solista di Pezzali<\/p>\n<p class=\"wp-block-paragraph\">Con questa seconda stagione finisce la storia \u201ctelevisiva\u201d degli 883, anche se quella musicale \u00e8 andata avanti. Due anni dopo \u201cNord Sud Ovest Est\u201d, nel 1995, Max Pezzali pubblica il primo disco da solista (ma firmandosi ancora \u201c883\u201d): in <strong>\u201cLa donna, il sogno e il grande incubo\u201d<\/strong> Pezzali ha gi\u00e0 28 anni, le sue storie diventano pi\u00f9 mature. Eppure \u2013 tra il Dream motel e \u00abun posto strano, un disco pub\u00bb \u2013 compare quel capolavoro che \u00e8 \u201cGli anni\u201d, e a tutti piace pensare che quelli in motorino sempre in due fossero lui e Mauro Repetto. <\/p>\n","protected":false},"excerpt":{"rendered":"In questa seconda stagione il regista Sydney Sibilia racconta la fine degli 883 e della generazione che andava&hellip;\n","protected":false},"author":3,"featured_media":656598,"comment_status":"","ping_status":"","sticky":false,"template":"","format":"standard","meta":{"footnotes":"","_share_on_mastodon":"0"},"categories":[1444],"tags":[2032,36585,44486,35301,362247,362248,2944,9798,273453,8251,25236,121477,203,7625,3224,204,1537,90,89,26758,25238,3444,25239,362243,101,78997,295618,4563,295619,2463,8141,121470,362244,362245,362246,121471,2521,12048,1821,270,577,153451,1886,105,334389,362242,253],"class_list":["post-656597","post","type-post","status-publish","format-standard","has-post-thumbnail","category-tv","tag-america","tag-bivio","tag-cardinali","tag-cartello","tag-cartello-punti","tag-cartello-punti-cardinali","tag-conto","tag-disco","tag-disco-solista","tag-elia","tag-elia-nuzzolo","tag-elia-nuzzolo-matteo","tag-entertainment","tag-est","tag-finisce","tag-intrattenimento","tag-it","tag-italia","tag-italy","tag-mauro","tag-mauro-repetto","tag-max","tag-max-pezzali","tag-max-pezzali-mauro","tag-nord","tag-nord-sud","tag-nord-sud-ovest","tag-ovest","tag-ovest-est","tag-parla","tag-pavia","tag-pezzali","tag-pezzali-mauro","tag-pezzali-mauro-repetto","tag-pezzali-repetto","tag-repetto","tag-seconda","tag-seconda-stagione","tag-serie","tag-sky","tag-stagione","tag-stagione-serie","tag-successo","tag-sud","tag-sud-ovest","tag-sud-ovest-est","tag-tv"],"share_on_mastodon":{"url":"","error":"Validation failed: Text character limit of 500 exceeded"},"_links":{"self":[{"href":"https:\/\/www.europesays.com\/it\/wp-json\/wp\/v2\/posts\/656597","targetHints":{"allow":["GET"]}}],"collection":[{"href":"https:\/\/www.europesays.com\/it\/wp-json\/wp\/v2\/posts"}],"about":[{"href":"https:\/\/www.europesays.com\/it\/wp-json\/wp\/v2\/types\/post"}],"author":[{"embeddable":true,"href":"https:\/\/www.europesays.com\/it\/wp-json\/wp\/v2\/users\/3"}],"replies":[{"embeddable":true,"href":"https:\/\/www.europesays.com\/it\/wp-json\/wp\/v2\/comments?post=656597"}],"version-history":[{"count":0,"href":"https:\/\/www.europesays.com\/it\/wp-json\/wp\/v2\/posts\/656597\/revisions"}],"wp:featuredmedia":[{"embeddable":true,"href":"https:\/\/www.europesays.com\/it\/wp-json\/wp\/v2\/media\/656598"}],"wp:attachment":[{"href":"https:\/\/www.europesays.com\/it\/wp-json\/wp\/v2\/media?parent=656597"}],"wp:term":[{"taxonomy":"category","embeddable":true,"href":"https:\/\/www.europesays.com\/it\/wp-json\/wp\/v2\/categories?post=656597"},{"taxonomy":"post_tag","embeddable":true,"href":"https:\/\/www.europesays.com\/it\/wp-json\/wp\/v2\/tags?post=656597"}],"curies":[{"name":"wp","href":"https:\/\/api.w.org\/{rel}","templated":true}]}}