{"id":656632,"date":"2026-08-30T14:44:14","date_gmt":"2026-08-30T14:44:14","guid":{"rendered":"https:\/\/www.europesays.com\/it\/656632\/"},"modified":"2026-08-30T14:44:14","modified_gmt":"2026-08-30T14:44:14","slug":"il-barcellona-ci-riprova-con-linter-deco-propone-lo-scambio-dimarco-balde-la-risposta-dei-nerazzurri-e-il-precedente-lautaro-martinez","status":"publish","type":"post","link":"https:\/\/www.europesays.com\/it\/656632\/","title":{"rendered":"Il Barcellona ci riprova con l&#8217;Inter: Deco propone lo scambio Dimarco-Balde, la risposta dei nerazzurri e il precedente Lautaro Martinez"},"content":{"rendered":"<p>Le strade di <strong>Inter <\/strong>e <strong>Barcellona <\/strong>tornano a intrecciarsi in questa fase finale di mercato. Dopo il tentativo dei catalani per <strong>Lautaro Martinez<\/strong>, il ds <strong>Deco <\/strong>\u00e8 tornato alla carica con un asso nella manica prima della chiusura della sessione. Secondo il quotidiano Sport, infatti, l&#8217;ex trequartista avrebbe proposto uno scambio con i campioni d&#8217;Italia che otterrebbero Alejandro <strong>Balde <\/strong>e un conguaglio e darebbero a quelli di Spagna Federico <strong>Dimarco<\/strong>.<\/p>\n<p>Proposto in precedenza anche al Milan, Balde \u00e8 un esubero dei catalani. Hansi <strong>Flick <\/strong>ha chiarito che faticher\u00e0 a trovare spazio al Camp Nou e quindi in Catalogna stanno cercandogli una nuova squadra, motivo per cui ai bluagrana \u00e8 venuta questa pazza idea. D&#8217;altronde l\u2019arrivo di Joao <strong>Cancelo <\/strong>e la forma smagliante di Xavi <strong>Espart <\/strong>hanno ulteriormente inasprito la concorrenza per il ruolo di terzino sinistro: insomma per lui non c&#8217;\u00e8 spazio ma per uno come Dimarco s\u00ec, secondo quanto riportato da Sport.<\/p>\n<p>Cos\u00ec la societ\u00e0 di Laporta avrebbe provato un primo approccio con quella di Oaktree ma Dimarco, 28 anni, \u00e8 considerato assolutamente <strong>incedibile <\/strong>dai nerazzurri e l&#8217;Inter quindi, finora, ha <strong>rifiutato di autorizzare la partenza di uno dei suoi giocatori chiave. <\/strong>Il tentativo ci sarebbe stato anche se tutti a Barcellona sapevano gi\u00e0 che sarebbe stato difficile, cos\u00ec com&#8217;era stato l&#8217;approccio a <strong>Lautaro Martinez <\/strong>di qualche giorno fa, anch&#8217;esso rispedito al mittente.<\/p>\n","protected":false},"excerpt":{"rendered":"Le strade di Inter e Barcellona tornano a intrecciarsi in questa fase finale di mercato. Dopo il tentativo&hellip;\n","protected":false},"author":3,"featured_media":656633,"comment_status":"","ping_status":"","sticky":false,"template":"","format":"standard","meta":{"footnotes":"","_share_on_mastodon":"0"},"categories":[176],"tags":[362254,351,354,353,104320,184371,350,1537,90,89,87045,251,245,244,355],"class_list":["post-656632","post","type-post","status-publish","format-standard","has-post-thumbnail","category-sport","tag-a-balde","tag-barcellona","tag-barcelona","tag-calciomercato","tag-deco","tag-f-dimarco","tag-inter","tag-it","tag-italia","tag-italy","tag-laliga","tag-serie-a","tag-sport","tag-sports","tag-transfers"],"share_on_mastodon":{"url":"https:\/\/pubeurope.com\/@it\/117184998064724453","error":""},"_links":{"self":[{"href":"https:\/\/www.europesays.com\/it\/wp-json\/wp\/v2\/posts\/656632","targetHints":{"allow":["GET"]}}],"collection":[{"href":"https:\/\/www.europesays.com\/it\/wp-json\/wp\/v2\/posts"}],"about":[{"href":"https:\/\/www.europesays.com\/it\/wp-json\/wp\/v2\/types\/post"}],"author":[{"embeddable":true,"href":"https:\/\/www.europesays.com\/it\/wp-json\/wp\/v2\/users\/3"}],"replies":[{"embeddable":true,"href":"https:\/\/www.europesays.com\/it\/wp-json\/wp\/v2\/comments?post=656632"}],"version-history":[{"count":0,"href":"https:\/\/www.europesays.com\/it\/wp-json\/wp\/v2\/posts\/656632\/revisions"}],"wp:featuredmedia":[{"embeddable":true,"href":"https:\/\/www.europesays.com\/it\/wp-json\/wp\/v2\/media\/656633"}],"wp:attachment":[{"href":"https:\/\/www.europesays.com\/it\/wp-json\/wp\/v2\/media?parent=656632"}],"wp:term":[{"taxonomy":"category","embeddable":true,"href":"https:\/\/www.europesays.com\/it\/wp-json\/wp\/v2\/categories?post=656632"},{"taxonomy":"post_tag","embeddable":true,"href":"https:\/\/www.europesays.com\/it\/wp-json\/wp\/v2\/tags?post=656632"}],"curies":[{"name":"wp","href":"https:\/\/api.w.org\/{rel}","templated":true}]}}