{"id":656646,"date":"2026-08-30T14:58:13","date_gmt":"2026-08-30T14:58:13","guid":{"rendered":"https:\/\/www.europesays.com\/it\/656646\/"},"modified":"2026-08-30T14:58:13","modified_gmt":"2026-08-30T14:58:13","slug":"macerata-gia-pulito-e-riaperto-il-laghetto-i-giardini-diaz-tornano-a-splendere","status":"publish","type":"post","link":"https:\/\/www.europesays.com\/it\/656646\/","title":{"rendered":"Macerata, gi\u00e0 pulito e riaperto il laghetto: i Giardini Diaz tornano a splendere"},"content":{"rendered":"<p>MACERATA Ripartenza ieri mattina con la presenza dell\u2019assessora comunale all\u2019ambiente per il laghetto dei Giardini Diaz. La questione del laghetto dei Giardini Diaz \u00e8 stata per diversi giorni al centro della cronaca con interventi in serie tra albo pretorio (la determina del dirigente dei Servizi tecnici) e la pagina social dell\u2019assessora Deborah Pantana che \u00e8 apparsa muoversi in direzione contraria. Infine la polemica del consigliere comunale di Strada Comune Alberto Cicar\u00e8.  <\/p>\n<p>\u00a0L\u2019iter <\/p>\n<p>Prima la determina per la manutenzione del laghetto la cui acqua nel frattempo era diventata verde, poi lo suotamento e i lavori.Ieri alle 9 era fissata la cerimonia per l\u2019inaugurazione bis (o tris?). Per la verit\u00e0 all\u2019ora fissata erano al lavoro solo gli addetti della societ\u00e0 che gestisce la manutenzione. Zampilli d\u2019acqua attivi sul laghetto ed anche sulla fontana, una ventina i cittadini in giro per i Giardini Diaz. Infine arriva l\u2019assessora Pantana che spiega la filosofia operativa: \u00abSiamo molto soddisfatti, con la ditta abbiamo constatato che funziona tutto ed \u00e8 veramente bello lo scenario che abbiamo di fronte. I Giardini sono ancora pi\u00f9 belli, pi\u00f9 attrattivi e mi fa piacere vedere tutta questa gente attorno al laghetto, significa che \u00e8 un parco vivo e frequentato\u00bb. Q<\/p>\n<p>uanto alla criticit\u00e0 manifestatesi l\u2019assessora puntualizza: \u00abE\u2019 stato un problema tecnico, c\u2019\u00e8 sempre stata grande attenzione attorno ai Giardini e al laghetto e dunque siamo intervenuti immediatamente dopo le segnalazioni dei cittadini che voglio ringraziare ancora una volta. <\/p>\n<p>Considerando che il guasto si \u00e8 verificato nel weekend di Ferragosto va reso grazie alla ditta per la prontezza e la professionalit\u00e0 con cui \u00e8 stato risolto l&#8217;imprevisto. Ringrazio l&#8217;ufficio Ambiente e il dirigente Tristano Luchetti che lavorano sempre senza risparmiarsi\u00bb. La versione tecnica nelle parole di Paolo Giustozzi della Giesse Emme Service, la societ\u00e0 che gestisce la manutenzione: \u00abC\u2019era la previsione di pulire il laghetto, poi la sera del 14 agosto si \u00e8 rotta una pompa e si \u00e8 bloccato il riciclo dell\u2019acqua.<\/p>\n<p>Qui l\u2019acqua \u00e8 bassa e con le temperature che abbiamo, le alghe ci mettono un attimo a proliferare. Adesso con l\u2019Apm si \u00e8 deciso di mettere gli allarmi, il laghetto \u00e8 stato aperto ad aprile ed \u00e8 arrivato al 14 agosto, da due mesi siamo stati quasi sempre a 39 gradi ma tutto era funzionante. I 6mila euro della determina del 13 agosto si riferiscono alla spesa annuale per la manutenzione e per l\u2019acquisto dei prodotti che pure con questo caldo si consumano\u00bb. <\/p>\n","protected":false},"excerpt":{"rendered":"MACERATA Ripartenza ieri mattina con la presenza dell\u2019assessora comunale all\u2019ambiente per il laghetto dei Giardini Diaz. La questione&hellip;\n","protected":false},"author":3,"featured_media":656647,"comment_status":"","ping_status":"","sticky":false,"template":"","format":"standard","meta":{"footnotes":"","_share_on_mastodon":"0"},"categories":[1458],"tags":[362267,1537,90,89,34797,11804,1840,245,244],"class_list":["post-656646","post","type-post","status-publish","format-standard","has-post-thumbnail","category-rugby","tag-giardini-diaz","tag-it","tag-italia","tag-italy","tag-laghetto","tag-macerata","tag-rugby","tag-sport","tag-sports"],"share_on_mastodon":{"url":"https:\/\/pubeurope.com\/@it\/117185053236817252","error":""},"_links":{"self":[{"href":"https:\/\/www.europesays.com\/it\/wp-json\/wp\/v2\/posts\/656646","targetHints":{"allow":["GET"]}}],"collection":[{"href":"https:\/\/www.europesays.com\/it\/wp-json\/wp\/v2\/posts"}],"about":[{"href":"https:\/\/www.europesays.com\/it\/wp-json\/wp\/v2\/types\/post"}],"author":[{"embeddable":true,"href":"https:\/\/www.europesays.com\/it\/wp-json\/wp\/v2\/users\/3"}],"replies":[{"embeddable":true,"href":"https:\/\/www.europesays.com\/it\/wp-json\/wp\/v2\/comments?post=656646"}],"version-history":[{"count":0,"href":"https:\/\/www.europesays.com\/it\/wp-json\/wp\/v2\/posts\/656646\/revisions"}],"wp:featuredmedia":[{"embeddable":true,"href":"https:\/\/www.europesays.com\/it\/wp-json\/wp\/v2\/media\/656647"}],"wp:attachment":[{"href":"https:\/\/www.europesays.com\/it\/wp-json\/wp\/v2\/media?parent=656646"}],"wp:term":[{"taxonomy":"category","embeddable":true,"href":"https:\/\/www.europesays.com\/it\/wp-json\/wp\/v2\/categories?post=656646"},{"taxonomy":"post_tag","embeddable":true,"href":"https:\/\/www.europesays.com\/it\/wp-json\/wp\/v2\/tags?post=656646"}],"curies":[{"name":"wp","href":"https:\/\/api.w.org\/{rel}","templated":true}]}}