{"id":656652,"date":"2026-08-30T15:04:21","date_gmt":"2026-08-30T15:04:21","guid":{"rendered":"https:\/\/www.europesays.com\/it\/656652\/"},"modified":"2026-08-30T15:04:21","modified_gmt":"2026-08-30T15:04:21","slug":"milan-un-difensore-dal-mercato-ecco-perche-puo-non-arrivare","status":"publish","type":"post","link":"https:\/\/www.europesays.com\/it\/656652\/","title":{"rendered":"Milan, un difensore dal mercato: ecco perch\u00e9 pu\u00f2 non arrivare"},"content":{"rendered":"<p>                                A tre giorni dalla fine del calciomercato, i tifosi sperano arrivi un centrale per rinforzare un reparto giudicato corto. Il club per\u00f2 sta facendo valutazioni diverse<\/p>\n<p class=\"paragraph\" spellcheck=\"true\">Basta cos\u00ec? Sicuri? Il mondo milanista, a tre giorni dalla fine del mercato, si sente incompleto.\u00a0\u00c8 come se nella sua vita mancasse qualcosa. Un po&#8217; di felicit\u00e0, la pace nel mondo o semplicemente&#8230; un difensore centrale. I tifosi guardano la difesa titolare Gila-De Winter-Pavlovic e considerano che in rosa c&#8217;\u00e8 soltanto un&#8217;alternativa rodata: Matteo Gabbia. Da l\u00ec in avanti, bisognerebbe sperimentare con Sankhoun Diawara, appena arrivato dalla B francese, con il 2008 Vladimirov che ha giocato solo per Milan Futuro, con Filippo Terracciano o Davide Bartesaghi abbassato a centrale di sinistra. In una stagione con campionato, Europa League e Coppa Italia, il dubbio \u00e8 che manchi un giocatore.<\/p>\n<p>        milan-difensore: perch\u00e9 no\u2014 \u00a0<\/p>\n<p class=\"paragraph\" spellcheck=\"true\">La verit\u00e0 \u00e8 che il Milan sta pensando seriamente di non prendere quel difensore aggiuntivo. La societ\u00e0 resta vigile sul mercato ma, al momento, le possibilit\u00e0 che il centrale non arrivi sono superiori all&#8217;ipotesi opposta. Perch\u00e9? Intanto, per mancanza di un candidato particolarmente convincente. Il Milan ha valutato diversi centrali e nessuno \u00e8 considerato irrinunciabile. Nessuno, per Cardinale, Amorim, Almstadt e Gardiner cambierebbe il livello del reparto. Poi, per la valutazione dei calciatori. Diawara e Vladimirov sono apprezzati da Amorim, che indirettamente ha parlato di loro <a href=\"https:\/\/www.gazzetta.it\/Calcio\/Serie-A\/Milan\/27-08-2026\/amorim-milan-venezia-conferenza-diretta.shtml?intcmp=hyperlink-articolo-gazit\" rel=\"nofollow noopener\" target=\"_blank\">gioved\u00ec in conferenza stampa<\/a>: &#8220;Abbiamo giovani difensori che hanno bisogno di giocare, non risolveremo tutto nella prima finestra di mercato della mia vita milanista. Magari sarete sorpresi da qualche giocatore. Ora tutti vogliono tutto subito ma io sono della vecchia scuola, ho pazienza\u201d.\u00a0<\/p>\n<p>        <img decoding=\"async\" loading=\"lazy\" alt=\"MILAN, ITALY - AUGUST 28: Strahinja Pavlovic, Mike Maignan, Sankhoun Diawara of AC Milan and teammates celebrate the victory after the Serie A match between AC Milan and Venezia FC at Stadio Giuseppe Meazza on August 28, 2026 in Milan, Italy. (Photo by Giuseppe Cottini\/AC Milan via Getty Images)\" src=\"https:\/\/dimages2.gazzettaobjects.it\/files\/image_527_789_h\/uploads\/2026\/08\/30\/6a9430168ed06.jpeg\" data-full-src=\"https:\/\/www.europesays.com\/it\/wp-content\/uploads\/2026\/08\/6a9430168ed06.jpeg\"\/><\/p>\n<p>        come saranno le rotazioni\u2014 \u00a0<\/p>\n<p class=\"paragraph\" spellcheck=\"true\">Il Milan insomma pensa di aver gi\u00e0 sei difensori da rotazione: Gila, De Winter, Pavlovic, Gabbia, Diawara, Vladimirov. Pi\u00f9 Terracciano, che a meno di sorprese non partir\u00e0, e Bartesaghi, che pu\u00f2 giocare da braccetto di sinistra. Se si presenter\u00e0 un&#8217;occasione speciale la coglier\u00e0 &#8211; ha gi\u00e0 dimostrato di poter spendere, non sar\u00e0 una questione di soldi &#8211; ma non andr\u00e0 alla ricerca disperata di un centrale a ogni costo. Certo, a questo punto diventa importante evitare lunghi infortuni nel reparto e dare spazio a Diawara e Vladimirov, in Europa League e qualche volta anche in campionato. Amorim ha detto chiaramente di non volere un secondo centravanti esperto per non chiudere Camarda e applicher\u00e0 lo stesso principio alla difesa. Fiducia ai ragazzi.\u00a0<\/p>\n<p><a class=\"is-partner-link\" href=\"https:\/\/ad.doubleclick.net\/ddm\/trackclk\/N1792338.340088CAIRORCSMEDIAS.P.\/B28038690.452531709;dc_trk_aid=646241311;dc_trk_cid=173665161;dc_lat=;dc_rdid=;tag_for_child_directed_treatment=;tfua=;gdpr=%24%7BGDPR%7D;gdpr_consent=%24%7BGDPR_CONSENT_755%7D;ltd=;dc_tdv=1\" rel=\"nofollow noopener\" target=\"_blank\">Guarda tutte le partite di Serie A Enilive in esclusiva nei locali Sky! Trova il locale pi\u00f9 vicino a te.<\/a><\/p>\n<p>        diawara e vladimirov\u2014 \u00a0<\/p>\n<p class=\"paragraph\" spellcheck=\"true\">Due parole su Diawara e Vladimirov, a questo punto, vanno spese. <a href=\"https:\/\/www.gazzetta.it\/Calcio\/Serie-A\/Milan\/23-08-2026\/diawara-amorim-ha-anche-un-vice-pavlovic-da-far-crescere.shtml?intcmp=hyperlink-articolo-gazit\" rel=\"nofollow noopener\" target=\"_blank\">Diawara impressiona subito per l&#8217;impatto fisico<\/a>: \u00e8 grosso, molto. \u00c8 nato nel 2006 e ha giocato solo da febbraio a maggio in Ligue 2, campionato vinto dal suo Troyes. Non ha esperienza ma \u00e8 aggressivo, sa vincere i duelli e ha un sinistro non male. Vladimirov ha due anni e mezzo in meno &#8211; \u00e8 di agosto 2008 &#8211; e nell&#8217;ultimo anno ha giocato tra Primavera e Milan Futuro. Altre esperienze con gli adulti, nessuna. Ha centimetri (\u00e8 1.90), \u00e8 sveglio, sa difendere in campo aperto. Nessuno sa se tutto questo baster\u00e0 per reggere in Serie A e in Europa League ma il Milan decider\u00e0 probabilmente di correre il rischio. Non con la Juve domenica prossima, non con la Lazio il 13 settembre ma \u00e8 possibile che appena dopo, tra Benfica e Lecce, vedremo almeno uno dei due in campo. I tifosi, se non si fidano di loro, dovranno fidarsi di Amorim.<\/p>\n<p class=\"is-copyright\">\u00a9 RIPRODUZIONE RISERVATA<\/p>\n","protected":false},"excerpt":{"rendered":"A tre giorni dalla fine del calciomercato, i tifosi sperano arrivi un centrale per rinforzare un reparto giudicato&hellip;\n","protected":false},"author":3,"featured_media":656653,"comment_status":"","ping_status":"","sticky":false,"template":"","format":"standard","meta":{"footnotes":"","_share_on_mastodon":"0"},"categories":[1452],"tags":[50020,2201,36578,36017,721,1856,921,925,277,22048,225898,330147,362270,4053,4973,767,3085,39015,1740,24659,3028,362271,362272,1889,2267,564,1537,90,89,1980,1412,553,362273,362274,32897,8012,44637,5528,6193,1739,245,244,6035,362269],"class_list":["post-656652","post","type-post","status-publish","format-standard","has-post-thumbnail","category-calcio","tag-amorim","tag-appena","tag-arrivi","tag-bartesaghi","tag-calcio","tag-campionato","tag-campo","tag-centrale","tag-de","tag-de-winter","tag-de-winter-pavlovic","tag-diawara","tag-diawara-vladimirov","tag-difensore","tag-difensori","tag-difesa","tag-europa","tag-europa-league","tag-football","tag-gabbia","tag-gila","tag-gila-de","tag-gila-de-winter","tag-giocare","tag-giocato","tag-giocatore","tag-it","tag-italia","tag-italy","tag-league","tag-mercato","tag-milan","tag-milan-pensando","tag-milan-pensando-seriamente","tag-milanista","tag-pavlovic","tag-pensando","tag-reparto","tag-sa","tag-soccer","tag-sport","tag-sports","tag-tifosi","tag-vladimirov"],"share_on_mastodon":{"url":"","error":"Validation failed: Text character limit of 500 exceeded"},"_links":{"self":[{"href":"https:\/\/www.europesays.com\/it\/wp-json\/wp\/v2\/posts\/656652","targetHints":{"allow":["GET"]}}],"collection":[{"href":"https:\/\/www.europesays.com\/it\/wp-json\/wp\/v2\/posts"}],"about":[{"href":"https:\/\/www.europesays.com\/it\/wp-json\/wp\/v2\/types\/post"}],"author":[{"embeddable":true,"href":"https:\/\/www.europesays.com\/it\/wp-json\/wp\/v2\/users\/3"}],"replies":[{"embeddable":true,"href":"https:\/\/www.europesays.com\/it\/wp-json\/wp\/v2\/comments?post=656652"}],"version-history":[{"count":0,"href":"https:\/\/www.europesays.com\/it\/wp-json\/wp\/v2\/posts\/656652\/revisions"}],"wp:featuredmedia":[{"embeddable":true,"href":"https:\/\/www.europesays.com\/it\/wp-json\/wp\/v2\/media\/656653"}],"wp:attachment":[{"href":"https:\/\/www.europesays.com\/it\/wp-json\/wp\/v2\/media?parent=656652"}],"wp:term":[{"taxonomy":"category","embeddable":true,"href":"https:\/\/www.europesays.com\/it\/wp-json\/wp\/v2\/categories?post=656652"},{"taxonomy":"post_tag","embeddable":true,"href":"https:\/\/www.europesays.com\/it\/wp-json\/wp\/v2\/tags?post=656652"}],"curies":[{"name":"wp","href":"https:\/\/api.w.org\/{rel}","templated":true}]}}