{"id":656654,"date":"2026-08-30T15:05:15","date_gmt":"2026-08-30T15:05:15","guid":{"rendered":"https:\/\/www.europesays.com\/it\/656654\/"},"modified":"2026-08-30T15:05:15","modified_gmt":"2026-08-30T15:05:15","slug":"monica-e-laddio-a-burton-ciascuno-per-la-sua-strada-torino-cronaca","status":"publish","type":"post","link":"https:\/\/www.europesays.com\/it\/656654\/","title":{"rendered":"Monica e l\u2019addio a Burton \u00abCiascuno per la sua strada\u00bb &#8211; Torino Cronaca"},"content":{"rendered":"<p>n <strong>Una donna libera<\/strong>, in tutte le sue scelte. Anche quella di mettere fine alla relazione con <strong>Tim Burton<\/strong>: due anni fa <strong>Monica Bellucci<\/strong> e il regista americano fa erano stati ammiratissimi alla <strong>Mostra del Cinema di Venezia<\/strong> per presentare <strong>Beetlejuice Beetlejuice<\/strong>. Lo scorso settembre hanno ufficializzato la fine e oggi lei torna a parlarne dalle colonne de <strong>La Repubblica<\/strong>.<\/p>\n<p> Powered by <a target=\"_blank\" href=\"https:\/\/evolutiongroup.digital\/\" rel=\"nofollow noopener\"> <img decoding=\"async\" src=\"https:\/\/evolutiongroup.digital\/wp-content\/themes\/evolution_group\/assets\/static\/logo\/logo-evolutiongroup-black.svg\" alt=\"powered by evolution group\"\/> <\/a> <\/p>\n<p>\u00ab<strong>Nell&#8217;amicizia come in amore<\/strong> ci sono strade che si incontrano e restano unite per tantissimo tempo, magari per sempre. Altre fanno un tratto insieme e poi ciascuno riprende il proprio cammino. \u00c8 la vita. <strong>L&#8217;importante \u00e8 uscire arricchiti dal tempo trascorso insieme<\/strong>, perch\u00e9 attraverso le relazioni impariamo sempre qualcosa su noi stessi e sugli altri\u00bb, ha spiegato.<\/p>\n<p>La sua vita \u00e8 <strong>Parigi<\/strong>, che l&#8217;ha accolta da tempo, e sono le due figlie, <strong>Deva<\/strong> e <strong>L\u00e9onie<\/strong>. Ma anche l&#8217;<strong>Italia<\/strong> perch\u00e9 le radici non le ha mai perse: \u00abTorno in <strong>Umbria<\/strong> e pu\u00f2 capitarmi di rivedere le persone con cui sono andata a scuola. Sono legatissima anche a <strong>Roma<\/strong> e alle mie amiche romane. Sono sempre rimasta profondamente legata all&#8217;Italia, come le mie figlie\u00bb.<\/p>\n<p>A loro sono state dedicate tutte le sue decisioni degli <strong>ultimi 25 anni<\/strong>: \u00ab<strong>Quando hai figli<\/strong> ti poni molti problemi e anche la scelta dei personaggi cambia. Un film come <strong>Irr\u00e9versible<\/strong> oggi sarebbe complicato, e non solo perch\u00e9 non ho pi\u00f9 l&#8217;et\u00e0 per quel ruolo. Da giovani si possiede una libert\u00e0 diversa. <strong>Continuo a fare film forti<\/strong> ma <strong>ora sto un po&#8217; pi\u00f9 attenta<\/strong>\u00bb.<\/p>\n<p>E se a <strong>Deva<\/strong>, che sta seguendo la sua carriera, fosse proposto un ruolo estremo come quello di <strong>Irr\u00e9versible<\/strong>? \u00ab<strong>La lascerei libera<\/strong>. <strong>Ha quasi ventidue anni<\/strong> e fa le proprie scelte. Certo, parliamo e abbiamo un bello scambio, ma lei ha una personalit\u00e0 precisa, un suo modo di raccontarsi e di scegliere artisticamente. Poi segue la propria strada. <strong>Ed \u00e8 questo che mi piace<\/strong>\u00bb.<\/p>\n<p><strong>Non le piace invece il mondo d&#8217;oggi<\/strong>: \u00ab<strong>L&#8217;evoluzione tecnologica avanza a passi incredibili<\/strong>, mentre umanamente siamo ancora all&#8217;et\u00e0 della pietra. <strong>Forse servirebbe pi\u00f9 educazione civica<\/strong>. Accanto a matematica e storia bisognerebbe <strong>insegnare l&#8217;empatia<\/strong>, in famiglia e a scuola. <strong>Dove non c&#8217;\u00e8 empatia c&#8217;\u00e8 un mondo che fa paura<\/strong>\u00bb.<\/p>\n","protected":false},"excerpt":{"rendered":"n Una donna libera, in tutte le sue scelte. Anche quella di mettere fine alla relazione con Tim&hellip;\n","protected":false},"author":3,"featured_media":656655,"comment_status":"","ping_status":"","sticky":false,"template":"","format":"standard","meta":{"footnotes":"","_share_on_mastodon":"0"},"categories":[1451],"tags":[91645,1621,1620,225096,203,204,359201,1537,90,89,100890,11496,1289,987,9053,28253,222],"class_list":["post-656654","post","type-post","status-publish","format-standard","has-post-thumbnail","category-celebrita","tag-beetlejuice","tag-celebrita","tag-celebrities","tag-deva","tag-entertainment","tag-intrattenimento","tag-irreversible","tag-it","tag-italia","tag-italy","tag-la-repubblica","tag-monica-bellucci","tag-parigi","tag-roma","tag-tim-burton","tag-umbria","tag-venezia"],"share_on_mastodon":{"url":"https:\/\/pubeurope.com\/@it\/117185081328126529","error":""},"_links":{"self":[{"href":"https:\/\/www.europesays.com\/it\/wp-json\/wp\/v2\/posts\/656654","targetHints":{"allow":["GET"]}}],"collection":[{"href":"https:\/\/www.europesays.com\/it\/wp-json\/wp\/v2\/posts"}],"about":[{"href":"https:\/\/www.europesays.com\/it\/wp-json\/wp\/v2\/types\/post"}],"author":[{"embeddable":true,"href":"https:\/\/www.europesays.com\/it\/wp-json\/wp\/v2\/users\/3"}],"replies":[{"embeddable":true,"href":"https:\/\/www.europesays.com\/it\/wp-json\/wp\/v2\/comments?post=656654"}],"version-history":[{"count":0,"href":"https:\/\/www.europesays.com\/it\/wp-json\/wp\/v2\/posts\/656654\/revisions"}],"wp:featuredmedia":[{"embeddable":true,"href":"https:\/\/www.europesays.com\/it\/wp-json\/wp\/v2\/media\/656655"}],"wp:attachment":[{"href":"https:\/\/www.europesays.com\/it\/wp-json\/wp\/v2\/media?parent=656654"}],"wp:term":[{"taxonomy":"category","embeddable":true,"href":"https:\/\/www.europesays.com\/it\/wp-json\/wp\/v2\/categories?post=656654"},{"taxonomy":"post_tag","embeddable":true,"href":"https:\/\/www.europesays.com\/it\/wp-json\/wp\/v2\/tags?post=656654"}],"curies":[{"name":"wp","href":"https:\/\/api.w.org\/{rel}","templated":true}]}}