{"id":656660,"date":"2026-08-30T15:11:14","date_gmt":"2026-08-30T15:11:14","guid":{"rendered":"https:\/\/www.europesays.com\/it\/656660\/"},"modified":"2026-08-30T15:11:14","modified_gmt":"2026-08-30T15:11:14","slug":"calciomercato-2026-ultime-news-di-oggi-in-diretta-live-61","status":"publish","type":"post","link":"https:\/\/www.europesays.com\/it\/656660\/","title":{"rendered":"Calciomercato 2026, ultime news di oggi in diretta live"},"content":{"rendered":"<p>\\n  <\/p>\n<li><a href=\"\\&quot;https:\/\/sport.sky.it\/calciomercato\/2026\/08\/30\/juventus-pape-sarr-calciomercato-news\\&quot;\" data-intcmp=\"\\&quot;skysport_liveblog_interlink_text\\&quot;\">Juventus, in chiusura l&#8217;arrivo di Pape Sarr<\/a><\/li>\n<p>\\n  <\/p>\n<li><a href=\"\\&quot;https:\/\/sport.sky.it\/calciomercato\/calciomercato-2026-acquisti-ufficiali-estero-estate\\&quot;\" data-intcmp=\"\\&quot;skysport_liveblog_interlink_text\\&quot;\">Mercato estero, gli acquisti ufficiali estivi: Leao al Galatasaray<\/a><\/li>\n<p>\\n  <\/p>\n<li>\u00a0<a href=\"\\&quot;https:\/\/sport.sky.it\/calciomercato\/2026\/08\/30\/roma-de-roon-calciomercato-news\\&quot;\" data-intcmp=\"\\&quot;skysport_liveblog_interlink_text\\&quot;\">Centrocampo Roma: in uscita El Aynaoui, fatta De Roon<\/a><\/li>\n<p>\\n  <\/p>\n<li><a href=\"\\&quot;https:\/\/sport.sky.it\/calciomercato\/2026\/08\/30\/roma-soule-leweling-gittens-luiz-henrique-calciomercato-news\\&quot;\" data-intcmp=\"\\&quot;skysport_liveblog_interlink_text\\&quot;\">Roma, contatti con il Fulham per Soul\u00e8<\/a><\/li>\n<p>\\n  <\/p>\n<li><a href=\"\\&quot;https:\/\/sport.sky.it\/calciomercato\/2026\/08\/30\/david-atletico-madrid-juventus-calciomercato-news\\&quot;\" data-intcmp=\"\\&quot;skysport_liveblog_interlink_text\\&quot;\">David-Atletico Madrid, nuovi contatti con la Juve: le news di calciomercato<\/a><\/li>\n<p>\\n  <\/p>\n<li><a href=\"\\&quot;https:\/\/sport.sky.it\/calciomercato\/2026\/08\/29\/milan-hutchinson-calciomercato-news\\&quot;\" data-intcmp=\"\\&quot;skysport_liveblog_interlink_text\\&quot;\">Milan, si avvicina Hutchinson<\/a><\/li>\n<p>\\n  <\/p>\n<li><a href=\"\\&quot;https:\/\/sport.sky.it\/calciomercato\/2026\/08\/30\/gimenez-porto-milan-calciomercato-news\\&quot;\" data-intcmp=\"\\&quot;skysport_liveblog_interlink_text\\&quot;\">E Gimenez verso il Porto: c&#8217;\u00e8 l&#8217;ok rossonero<\/a><\/li>\n<p>\\n  <\/p>\n<li><a href=\"\\&quot;https:\/\/sport.sky.it\/calciomercato\/calciomercato-serie-a-estate-2026-acquisti-ufficiali\\&quot;\" data-intcmp=\"\\&quot;skysport_liveblog_interlink_text\\&quot;\">Serie A, gli acquisti ufficiali<\/a><\/li>\n<p>\\n  <\/p>\n<li><a href=\"\\&quot;https:\/\/sport.sky.it\/calciomercato\/tabellone\\&quot;\" data-intcmp=\"\\&quot;skysport_liveblog_interlink_text\\&quot;\">Tabellone mercato Serie A<\/a><\/li>\n<p>\\n  <\/p>\n<li><a href=\"\\&quot;https:\/\/sport.sky.it\/calciomercato\/calciomercato-serie-b-estate-2026-acquisti-ufficiali\\&quot;\" data-intcmp=\"\\&quot;skysport_liveblog_interlink_text\\&quot;\">Serie B: la gallery con tutti gli affari dell&#8217;estate<\/a><\/li>\n<p>\\n  <\/p>\n<li><a href=\"\\&quot;https:\/\/sport.sky.it\/calciomercato\/calciomercato-serie-b-estate-2026-acquisti-ufficiali#00\\&quot;\" data-intcmp=\"\\&quot;skysport_liveblog_interlink_text\\&quot;\">Le trattative concluse in Serie B<\/a><\/li>\n<p>\\n  <\/p>\n<li><a href=\"\\&quot;https:\/\/sport.sky.it\/calciomercato\/calciomercato-2026-acquisti-ufficiali-estero-estate\\&quot;\" data-intcmp=\"\\&quot;skysport_liveblog_interlink_text\\&quot;\">Tutti i colpi di mercato all&#8217;estero<\/a><\/li>\n<p>\\n&#8221;,&#8221;postId&#8221;:&#8221;af2157fd-8664-4909-8b28-d280b39cb3ba&#8221;,&#8221;postLink&#8221;:{&#8220;title&#8221;:&#8221;&#8221;,&#8221;url&#8221;:&#8221;&#8221;,&#8221;imageSrc&#8221;:&#8221;&#8221;}}],&#8221;posts&#8221;:[{&#8220;timestamp&#8221;:&#8221;2026-08-30T15:00:00.535Z&#8221;,&#8221;timestampUtcIt&#8221;:&#8221;2026-08-30T17:00:00+0200&#8243;,&#8221;altBackground&#8221;:false,&#8221;title&#8221;:&#8221;Milan, i dettagli dell&#8217;operazione Gimenez con il Porto&#8221;,&#8221;content&#8221;:&#8221;<\/p>\n<p>Chiusa la trattativa che porter\u00e0 Santi <strong>Gimenez <\/strong>dal <strong>Milan <\/strong>al <strong>Porto<\/strong>: l&#8217;operazione sar\u00e0 in prestito gratuito con ingaggio a carico dei portoghesi, che quindi provvederanno a versare gli emolumenti per l&#8217;attaccante. Il diritto di riscatto \u00e8 fissato a 18 milioni di euro<\/p>\n<p>&#8220;,&#8221;postId&#8221;:&#8221;e0ad3981-c216-466f-8f19-5af9320c1bc2&#8243;,&#8221;postLink&#8221;:{&#8220;title&#8221;:&#8221;&#8221;,&#8221;url&#8221;:&#8221;&#8221;,&#8221;imageSrc&#8221;:&#8221;&#8221;}},{&#8220;timestamp&#8221;:&#8221;2026-08-30T14:34:06.351Z&#8221;,&#8221;timestampUtcIt&#8221;:&#8221;2026-08-30T16:34:06+0200&#8243;,&#8221;altBackground&#8221;:false,&#8221;title&#8221;:&#8221;Lazio, fatta per il trasferimento di Ratkov al Levante &#8220;,&#8221;content&#8221;:&#8221;<\/p>\n<p>\u00c8 fatta per il trasferimento di <strong>Ratkov <\/strong>dalla <strong>Lazio <\/strong>al <strong>Levante<\/strong>: dopo l&#8217;intesa tra i due club, gli spagnoli hanno trovato anche l&#8217;accordo con l&#8217;attaccante biancoceleste. Operazione in prestito oneroso a un milione di euro con diritto di riscatto fissato a 14 milioni di euro.\u00a0<\/p>\n<p>&#8220;,&#8221;postId&#8221;:&#8221;407cc812-6715-40ba-918c-0ca5d7a35294&#8243;,&#8221;postLink&#8221;:{&#8220;title&#8221;:&#8221;&#8221;,&#8221;url&#8221;:&#8221;&#8221;,&#8221;imageSrc&#8221;:&#8221;&#8221;}},{&#8220;timestamp&#8221;:&#8221;2026-08-30T14:20:00.240Z&#8221;,&#8221;timestampUtcIt&#8221;:&#8221;2026-08-30T16:20:00+0200&#8243;,&#8221;altBackground&#8221;:false,&#8221;title&#8221;:&#8221;Adin Licina \u00e8 un nuovo giocatore della Cremonese&#8221;,&#8221;content&#8221;:&#8221;<\/p>\n<p>Ora \u00e8 ufficiale: <strong>Adin Licina <\/strong>\u00e8 un nuovo giocatore della <strong>Cremonese<\/strong>. Il talento classe 2007 si trasferisce in prestito secco: <strong>la Juventus crede molto in Licina<\/strong> e non voleva cederlo a titolo definitivo nonostante l&#8217;interesse di alcuni club di Serie A. Di seguito la nota ufficiale della Cremonese.<\/p>\n<p>&#8220;,&#8221;postId&#8221;:&#8221;05d0e414-e315-40b3-92b9-a0cc2f29ddfc&#8221;,&#8221;postLink&#8221;:{&#8220;title&#8221;:&#8221;&#8221;,&#8221;url&#8221;:&#8221;&#8221;,&#8221;imageSrc&#8221;:&#8221;&#8221;}},{&#8220;timestamp&#8221;:&#8221;2026-08-30T14:00:00.880Z&#8221;,&#8221;timestampUtcIt&#8221;:&#8221;2026-08-30T16:00:00+0200&#8243;,&#8221;altBackground&#8221;:false,&#8221;title&#8221;:&#8221;Lazio, il Rennes in pressing per Dia &#8220;,&#8221;content&#8221;:&#8221;<\/p>\n<p>Prosegue il pressing del <strong>Rennes <\/strong>per <strong>Dia<\/strong>, il club francese ha raggiunto un&#8217;intesa con l&#8217;attaccante biancoceleste ma non c&#8217;\u00e8 ancora l&#8217;accordo tra <strong>Lazio <\/strong>e <strong>Rennes<\/strong>.\u00a0<\/p>\n<p>&#8220;,&#8221;postId&#8221;:&#8221;9ba065f9-4efd-475e-8725-476b1cad7274&#8243;,&#8221;postLink&#8221;:{&#8220;title&#8221;:&#8221;&#8221;,&#8221;url&#8221;:&#8221;&#8221;,&#8221;imageSrc&#8221;:&#8221;&#8221;}},{&#8220;timestamp&#8221;:&#8221;2026-08-30T13:40:00.687Z&#8221;,&#8221;timestampUtcIt&#8221;:&#8221;2026-08-30T15:40:00+0200&#8243;,&#8221;altBackground&#8221;:false,&#8221;title&#8221;:&#8221;Cagliari, domani visita e firma per Gagliardini &#8220;,&#8221;content&#8221;:&#8221;<\/p>\n<p>Roberto <strong>Gagliardini <\/strong>sar\u00e0 presto un nuovo calciatore del <strong>Cagliari<\/strong>. Il centrocampista arriva domani in citt\u00e0 e svolger\u00e0 le visite mediche propedeutiche alla firma sul contratto. Il classe &#8217;94 era svincolato dopo l&#8217;ultima esperienza con la maglia del <strong>Verona<\/strong>.\u00a0<\/p>\n<p>&#8220;,&#8221;postId&#8221;:&#8221;9e611882-2477-4e5b-93ba-7e61729c1fa4&#8243;,&#8221;postLink&#8221;:{&#8220;title&#8221;:&#8221;&#8221;,&#8221;url&#8221;:&#8221;&#8221;,&#8221;imageSrc&#8221;:&#8221;&#8221;}},{&#8220;timestamp&#8221;:&#8221;2026-08-30T13:20:00.665Z&#8221;,&#8221;timestampUtcIt&#8221;:&#8221;2026-08-30T15:20:00+0200&#8243;,&#8221;altBackground&#8221;:false,&#8221;title&#8221;:&#8221;Atalanta, da Rowe a Mbangula: giornata decisiva per l&#8217;attacco nerazzurro&#8221;,&#8221;content&#8221;:&#8221;<\/p>\n<p>Ore decisive per capire il futuro dell&#8217;attacco dell&#8217;Atalanta. Sono attese novit\u00e0 per Jonathan Rowe del Bologna, ma i nerazzurri hanno avuto dei contatti anche con il Werder Brema per Samuel Mbangula (ex Juventus). Piace anche Alexis Saelemaekers, per cui per\u00f2 non \u00e8 arrivata l&#8217;apertura da parte del Milan<\/p>\n<p>&#8220;,&#8221;postId&#8221;:&#8221;7da57a9c-0ac4-4146-a67f-b886a582db94&#8243;,&#8221;postLink&#8221;:{&#8220;title&#8221;:&#8221;Da Rowe a Mbangula, l&#8217;Atalanta a caccia di un esterno&#8221;,&#8221;url&#8221;:&#8221;https:\/\/sport.sky.it\/calciomercato\/2026\/08\/30\/atalanta-rowe-mbangula-saelemaekers-calciomercato-news&#8221;,&#8221;imageSrc&#8221;:&#8221;https:\/\/sport.sky.it\/assets\/images\/036f038cc98ac9896f13e142b54ecfa0b553afd4\/skysport\/it\/calcio\/calciomercato\/2026\/08\/30\/atalanta-rowe-mbangula-saelemaekers-calciomercato-news\/rowe_mbangula_ipa.jpg?im=Resize,width=1218&#8243;}},{&#8220;timestamp&#8221;:&#8221;2026-08-30T13:00:00.672Z&#8221;,&#8221;timestampUtcIt&#8221;:&#8221;2026-08-30T15:00:00+0200&#8243;,&#8221;altBackground&#8221;:false,&#8221;title&#8221;:&#8221;David-Atletico Madrid, nuovi contatti con la Juve: le news di calciomercato&#8221;,&#8221;content&#8221;:&#8221;<\/p>\n<p>La Juventus \u00e8 molto attiva sul mercato in uscita e in giornata sono previsti nuovi contatti con l&#8217;Atletico Madrid per Jonathan David. L&#8217;attaccante canadese, che non \u00e8 pi\u00f9 al centro del progetto, potrebbe lasciare Torino dopo soltanto una stagione<\/p>\n<p>&#8220;,&#8221;postId&#8221;:&#8221;cec71754-db8f-48a3-8d88-a3e1de21c047&#8243;,&#8221;postLink&#8221;:{&#8220;title&#8221;:&#8221;David-Atletico Madrid, nuovi contatti con la Juve&#8221;,&#8221;url&#8221;:&#8221;https:\/\/sport.sky.it\/calciomercato\/2026\/08\/30\/david-atletico-madrid-juventus-calciomercato-news&#8221;,&#8221;imageSrc&#8221;:&#8221;https:\/\/sport.sky.it\/assets\/images\/9bba30c89ffd42e3e5f476a94d53f811c61490e8\/skysport\/it\/calcio\/calciomercato\/2026\/08\/30\/david-atletico-madrid-juventus-calciomercato-news\/david_juventus.jpg?im=Resize,width=1218&#8243;}},{&#8220;timestamp&#8221;:&#8221;2026-08-30T12:40:00.728Z&#8221;,&#8221;timestampUtcIt&#8221;:&#8221;2026-08-30T14:40:00+0200&#8243;,&#8221;video&#8221;:{&#8220;videoId&#8221;:&#8221;1120835&#8243;,&#8221;videoPageUrl&#8221;:&#8221;https:\/\/video.sky.it\/sport\/calciomercato\/serie-a\/video\/de-fougerolles-fulham-cagliari-calciomercato-news-1120835&#8243;},&#8221;altBackground&#8221;:true,&#8221;title&#8221;:&#8221;Cagliari, trattativa con il Fulham per de Fougerolles&#8221;,&#8221;content&#8221;:&#8221;<\/p>\n<p>Il Cagliari prova a rinforzarsi in difesa, il club rossoblu \u00e8 in trattativa per Luc Rollet<strong> de Fougerolles, <\/strong>difensore canadese del<strong> Fulham.<\/strong> Il punto con Alessandro Sugoni.<\/p>\n<p>&#8220;,&#8221;postId&#8221;:&#8221;1d5c77ec-fb17-4b89-bc8e-b6cde864d7ae&#8221;,&#8221;postLink&#8221;:{&#8220;title&#8221;:&#8221;&#8221;,&#8221;url&#8221;:&#8221;&#8221;,&#8221;imageSrc&#8221;:&#8221;&#8221;}},{&#8220;timestamp&#8221;:&#8221;2026-08-30T12:20:00.400Z&#8221;,&#8221;timestampUtcIt&#8221;:&#8221;2026-08-30T14:20:00+0200&#8243;,&#8221;altBackground&#8221;:false,&#8221;title&#8221;:&#8221;Bologna, il Norwich in pole per il prestito di Jay Enem&#8221;,&#8221;content&#8221;:&#8221;<\/p>\n<p>Il <strong>Norwich<\/strong> \u00e8 in pole per il prestito di <strong>Jay Enem<\/strong>. Nei giorni scorsi vi avevamo raccontato l&#8217;arrivo a sorpresa dell&#8217;attaccante al <strong>Bologna,<\/strong> che ha <strong>firmato con i rossobl\u00f9 nelle scorse ore<\/strong>. Il Bologna ha intenzione <strong>di girare in prestito il giocatore<\/strong> classe 2003: il Norwich, club attualmente in Championship \u00e8 in pole per lui.<\/p>\n<p>&#8220;,&#8221;postId&#8221;:&#8221;aa4bcdd3-c118-4c0b-b16b-49ffefdb090b&#8221;,&#8221;postLink&#8221;:{&#8220;title&#8221;:&#8221;&#8221;,&#8221;url&#8221;:&#8221;&#8221;,&#8221;imageSrc&#8221;:&#8221;&#8221;}},{&#8220;timestamp&#8221;:&#8221;2026-08-30T12:00:00.296Z&#8221;,&#8221;timestampUtcIt&#8221;:&#8221;2026-08-30T14:00:00+0200&#8243;,&#8221;altBackground&#8221;:false,&#8221;title&#8221;:&#8221;Bologna, Tedesco: \\&#8221;Rowe? L&#8217;ho visto poco sereno, lo lasceremo a casa\\&#8221;&#8221;,&#8221;content&#8221;:&#8221;<\/p>\n<p>\\&#8221;Rowe? L&#8217;ho visto poco sereno e quindi <strong>abbiamo deciso di lasciarlo a casa per questa partita<\/strong>\\&#8221;: con queste parole <strong>Domenico Tedesco<\/strong> ha annunciato in conferenza stampa che l&#8217;esterno inglese non sar\u00e0 convocato contro <strong>l&#8217;Atalanta<\/strong>.<\/p>\n<p>&#8220;,&#8221;postId&#8221;:&#8221;898ce082-3815-4988-8038-ff2d40665f52&#8243;,&#8221;postLink&#8221;:{&#8220;title&#8221;:&#8221;&#8221;,&#8221;url&#8221;:&#8221;&#8221;,&#8221;imageSrc&#8221;:&#8221;&#8221;}},{&#8220;timestamp&#8221;:&#8221;2026-08-30T11:40:00.248Z&#8221;,&#8221;timestampUtcIt&#8221;:&#8221;2026-08-30T13:40:00+0200&#8243;,&#8221;altBackground&#8221;:false,&#8221;title&#8221;:&#8221;Calciomercato Serie A, acquisti ufficiali dell&#8217;estate 2026&#8243;,&#8221;content&#8221;:&#8221;<\/p>\n<p>Due ufficialit\u00e0 in Serie A questa domenica: Balerdi \u00e8 un nuovo giocatore della Roma, mentre il Bologna ha ufficializzato il ritorno di Arthur Theate. Franck Kessie \u00e8 ufficiale all&#8217;Atalanta. Perri \u00e8 il nuovo portiere del Torino. Samuele Ricci \u00e8 un nuovo giocatore del Como, arriva in prestito con diritto di riscatto dal Milan. Di seguito tutte le ufficialit\u00e0 di questo mercato nel nostro campionato<\/p>\n<p>&#8220;,&#8221;postId&#8221;:&#8221;d4a580fa-e9ae-4b9e-8566-8520b1c324c7&#8243;,&#8221;postLink&#8221;:{&#8220;title&#8221;:&#8221;Serie A, due ufficialit\u00e0 questa domenica: i dettagli&#8221;,&#8221;url&#8221;:&#8221;https:\/\/sport.sky.it\/calciomercato\/calciomercato-serie-a-estate-2026-acquisti-ufficiali&#8221;,&#8221;imageSrc&#8221;:&#8221;https:\/\/sport.sky.it\/assets\/images\/463c6e8c4c5120c24d95b8b9e968dc4e55e1ea6b\/skysport\/it\/calcio\/calciomercato\/calciomercato-serie-a-estate-2026-acquisti-ufficiali\/theate_balerdi.jpg?im=Resize,width=1218&#8243;}},{&#8220;timestamp&#8221;:&#8221;2026-08-30T11:20:00.632Z&#8221;,&#8221;timestampUtcIt&#8221;:&#8221;2026-08-30T13:20:00+0200&#8243;,&#8221;altBackground&#8221;:false,&#8221;title&#8221;:&#8221;Il Venezia \u00e8 avanti per Mazzocchi. Su di lui anche Genoa e Parma&#8221;,&#8221;content&#8221;:&#8221;<\/p>\n<p>Il <strong>Venezia<\/strong> ci prova per <strong>Pasquale Mazzocchi<\/strong>. Il terzino destro del Napoli interessa anche al <strong>Genoa<\/strong> in caso di uscita di <strong>Norton-Cuffy<\/strong> &#8211; su di lui ci sono <strong>Strasburgo<\/strong> e <strong>Besiktas<\/strong> &#8211; e al <strong>Parma<\/strong>, ma al momento gli arancioneroverdi sono avanti.<\/p>\n<p>&#8220;,&#8221;postId&#8221;:&#8221;a5182ca4-5351-4165-a29d-fee1dde1c47f&#8221;,&#8221;postLink&#8221;:{&#8220;title&#8221;:&#8221;&#8221;,&#8221;url&#8221;:&#8221;&#8221;,&#8221;imageSrc&#8221;:&#8221;&#8221;}},{&#8220;timestamp&#8221;:&#8221;2026-08-30T11:00:00.967Z&#8221;,&#8221;timestampUtcIt&#8221;:&#8221;2026-08-30T13:00:00+0200&#8243;,&#8221;altBackground&#8221;:false,&#8221;title&#8221;:&#8221;Pisa, ufficiale l&#8217;arrivo di Pittarello dal Catanzaro&#8221;,&#8221;content&#8221;:&#8221;<\/p>\n<p>Il <strong>Pisa <\/strong>ufficializza il rinforzo in attacco: dal <strong>Catanzaro <\/strong>arriva a titolo definitivo <strong>Filippo Pittarello.<\/strong><\/p>\n<p>&#8220;,&#8221;postId&#8221;:&#8221;f04b5a48-c875-41de-a83e-5acea6b0d183&#8243;,&#8221;postLink&#8221;:{&#8220;title&#8221;:&#8221;&#8221;,&#8221;url&#8221;:&#8221;&#8221;,&#8221;imageSrc&#8221;:&#8221;&#8221;}},{&#8220;timestamp&#8221;:&#8221;2026-08-30T10:40:00.792Z&#8221;,&#8221;timestampUtcIt&#8221;:&#8221;2026-08-30T12:40:00+0200&#8243;,&#8221;video&#8221;:{&#8220;videoId&#8221;:&#8221;1120833&#8243;,&#8221;videoPageUrl&#8221;:&#8221;https:\/\/video.sky.it\/sport\/calciomercato\/serie-a\/video\/rafa-leao-ufficiale-galatasaray-calciomercato-news-1120833&#8243;},&#8221;altBackground&#8221;:true,&#8221;title&#8221;:&#8221;Mercato estero, gli acquisti ufficiali estivi: Leao al Galatasaray&#8221;,&#8221;content&#8221;:&#8221;<\/p>\n<p>Rafael Leao \u00e8 ufficialmente un nuovo giocatore del Galatasaray. Il Chelsea ha ufficializzato l&#8217;acquisto del Dibu Martinez. Pedersen lascia il Torino e si trasferisce all&#8217;Olympiacos. Asllani \u00e8 un nuovo giocatore dell&#8217;Al Jazira: lascia l&#8217;Inter in prestito con obbligo di riscatto condizionato alle presenze. Nico Jackson lascia il Chelsea e va all&#8217;Aston Villa. Di seguito i pi\u00f9 importanti affari ufficiali all&#8217;estero di questa sessione<\/p>\n<p>&#8220;,&#8221;postId&#8221;:&#8221;cb02cf26-0cda-4d39-aa2f-8f902763ddac&#8221;,&#8221;postLink&#8221;:{&#8220;title&#8221;:&#8221;Leao-Galatasaray, \u00e8 ufficiale: 38 milioni al Milan, guadagner\u00e0 10 milioni a stagione&#8221;,&#8221;url&#8221;:&#8221;https:\/\/sport.sky.it\/calciomercato\/calciomercato-2026-acquisti-ufficiali-estero-estate&#8221;,&#8221;imageSrc&#8221;:&#8221;https:\/\/sport.sky.it\/assets\/images\/1874aa374aa18f84c2f8133c1174ee64c13553c9\/skysport\/it\/calcio\/calciomercato\/calciomercato-2026-acquisti-ufficiali-estero-estate\/galatasaray_x_leao_1.jpg?im=Resize,width=1218&#8243;}},{&#8220;timestamp&#8221;:&#8221;2026-08-30T10:20:00.328Z&#8221;,&#8221;timestampUtcIt&#8221;:&#8221;2026-08-30T12:20:00+0200&#8243;,&#8221;altBackground&#8221;:false,&#8221;title&#8221;:&#8221;Cagliari, chiuso Massolin. Idea Gagliardini&#8221;,&#8221;content&#8221;:&#8221;<\/p>\n<p>Il <strong>Cagliari <\/strong>ha chiuso per l&#8217;arrivo di Yanis <strong>Massolin<\/strong>. Il trequartista arriva in prestito con diritto di riscatto fissato a 7 milioni e un opzione del 10% sulla rivendita, ci sar\u00e0 poi una contro opzione di 1.5 milioni per i nerazzurri. Sempre per il centrocampo, l&#8217;ultima idea \u00e8 Roberto Gagliardini.<\/p>\n<p>&#8220;,&#8221;postId&#8221;:&#8221;8577c2d8-0ca4-4dd9-8152-1489e21323d2&#8243;,&#8221;postLink&#8221;:{&#8220;title&#8221;:&#8221;&#8221;,&#8221;url&#8221;:&#8221;&#8221;,&#8221;imageSrc&#8221;:&#8221;&#8221;}},{&#8220;timestamp&#8221;:&#8221;2026-08-30T10:00:00.247Z&#8221;,&#8221;timestampUtcIt&#8221;:&#8221;2026-08-30T12:00:00+0200&#8243;,&#8221;altBackground&#8221;:false,&#8221;title&#8221;:&#8221;Arthur Theate torna al Bologna: il comunicato&#8221;,&#8221;content&#8221;:&#8221;<\/p>\n<p><strong>Arthur Theate<\/strong> torna al <strong>Bologna<\/strong>. \u00c8 ufficiale il trasferimento\u00a0del difensore belga, che vestir\u00e0 di nuovo la maglia rossobl\u00f9 <strong>a quattro anni di distanza<\/strong> dall&#8217;ultima volta. Il Bologna ha trovato un accordo con l&#8217;Eintracht Francoforte <strong>per un prestito con diritto di riscatto fissato a 15 milioni di euro<\/strong>. Di seguito la nota ufficiale dei rossobl\u00f9: \\&#8221;Il Bologna FC 1909 comunica di avere acquisito dall\u2019Eintracht Frankfurt il diritto alle prestazioni sportive del difensore Arthur\u00a0Theate\u00a0a titolo temporaneo fino al 30 giugno 2027, con opzione per l\u2019acquisizione definitiva\\&#8221;.<\/p>\n<p>&#8220;,&#8221;postId&#8221;:&#8221;79d7eb04-4b1a-4272-8b42-41c2a6eabd97&#8243;,&#8221;postLink&#8221;:{&#8220;title&#8221;:&#8221;&#8221;,&#8221;url&#8221;:&#8221;&#8221;,&#8221;imageSrc&#8221;:&#8221;&#8221;}},{&#8220;timestamp&#8221;:&#8221;2026-08-30T09:40:00.221Z&#8221;,&#8221;timestampUtcIt&#8221;:&#8221;2026-08-30T11:40:00+0200&#8243;,&#8221;altBackground&#8221;:false,&#8221;title&#8221;:&#8221;Tutti gli acquisti ufficiali in Serie B&#8221;,&#8221;postId&#8221;:&#8221;14d01f24-95b0-4ca4-9e39-1e08a708763b&#8221;,&#8221;postLink&#8221;:{&#8220;title&#8221;:&#8221;Palermo, ufficiale l&#8217;arrivo di Gabrielloni&#8221;,&#8221;url&#8221;:&#8221;https:\/\/sport.sky.it\/calciomercato\/calciomercato-serie-b-estate-2026-acquisti-ufficiali&#8221;,&#8221;imageSrc&#8221;:&#8221;https:\/\/sport.sky.it\/assets\/images\/98cf8da33d42e152a612a212c882b2756d23ba66\/skysport\/it\/calcio\/calciomercato\/calciomercato-serie-b-estate-2026-acquisti-ufficiali\/gabrielloni.jpg?im=Resize,width=1218&#8243;}},{&#8220;timestamp&#8221;:&#8221;2026-08-30T09:30:00.000Z&#8221;,&#8221;timestampUtcIt&#8221;:&#8221;2026-08-30T11:30:00+0200&#8243;,&#8221;altBackground&#8221;:false,&#8221;title&#8221;:&#8221;Genoa, su Mart\u00edn c&#8217;\u00e8 il Racing Santander: piace anche ad Atalanta e Torino&#8221;,&#8221;content&#8221;:&#8221;<\/p>\n<p>Il <strong>Racing Santander<\/strong> vuole\u00a0Aar\u00f3n\u00a0<strong>Mart\u00edn<\/strong>, terzino sinistro spagnolo del <strong>Genoa<\/strong>. Il club spagnolo ha formulato un&#8217;offerta ai rossobl\u00f9, che per\u00f2 l&#8217;hanno reputata bassa. Per questo motivo servir\u00e0 nel caso un rilancio per convincere il Genoa a lasciarlo partire.\u00a0In Italia piace anche ad Atalanta e Torino, che per\u00f2 non hanno ancora affondato<\/p>\n<p>&#8220;,&#8221;postId&#8221;:&#8221;10ef4446-e555-4193-9d38-9f527f2ae78a&#8221;,&#8221;postLink&#8221;:{&#8220;title&#8221;:&#8221;&#8221;,&#8221;url&#8221;:&#8221;&#8221;,&#8221;imageSrc&#8221;:&#8221;&#8221;}},{&#8220;timestamp&#8221;:&#8221;2026-08-30T09:20:00.646Z&#8221;,&#8221;timestampUtcIt&#8221;:&#8221;2026-08-30T11:20:00+0200&#8243;,&#8221;altBackground&#8221;:false,&#8221;title&#8221;:&#8221;Mihailo Ivanovic verso il Cagliari: contatti continui per chiudere&#8221;,&#8221;content&#8221;:&#8221;<\/p>\n<p><strong>Mihailo Ivanovic<\/strong> verso il <strong>Cagliari<\/strong>. Continuano i contatti tra le parti per provare a chiudere con il <strong>Millwall<\/strong>, proprietario del cartellino dell&#8217;attaccante classe 2004.<\/p>\n<p>&#8220;,&#8221;postId&#8221;:&#8221;02254c61-4b3e-416e-b60e-6c8786f46595&#8243;,&#8221;postLink&#8221;:{&#8220;title&#8221;:&#8221;&#8221;,&#8221;url&#8221;:&#8221;&#8221;,&#8221;imageSrc&#8221;:&#8221;&#8221;}},{&#8220;timestamp&#8221;:&#8221;2026-08-30T09:11:51.230Z&#8221;,&#8221;timestampUtcIt&#8221;:&#8221;2026-08-30T11:11:51+0200&#8243;,&#8221;altBackground&#8221;:false,&#8221;title&#8221;:&#8221;Juventus, ipotesi Tagliafico in caso di uscita di Cabal&#8221;,&#8221;content&#8221;:&#8221;<\/p>\n<p>L&#8217;Atalanta segue <strong>Juan Cabal<\/strong> e insiste per il suo arrivo. Il ds nerazzurro <strong>Giuntoli<\/strong> lo aveva portato proprio in bianconero nell&#8217;estate del 2024. In caso di uscita del colombiano, pu\u00f2 prendere corpo l&#8217;ipotesi\u00a0<strong>Nicol\u00e1s Tagliafico<\/strong>\u00a0per la corsia sinistra: il terzino argentino ha un contratto in scadenza nel 2027 con il <strong>Lione<\/strong>.<\/p>\n<p>&#8220;,&#8221;postId&#8221;:&#8221;874aa105-fc0a-48a9-9e2a-3ffd97e0273b&#8221;,&#8221;postLink&#8221;:{&#8220;title&#8221;:&#8221;&#8221;,&#8221;url&#8221;:&#8221;&#8221;,&#8221;imageSrc&#8221;:&#8221;&#8221;}},{&#8220;timestamp&#8221;:&#8221;2026-08-30T09:10:00.323Z&#8221;,&#8221;timestampUtcIt&#8221;:&#8221;2026-08-30T11:10:00+0200&#8243;,&#8221;altBackground&#8221;:false,&#8221;title&#8221;:&#8221;Il Torino insiste per Mandragora: al Genoa serve prima una cessione&#8221;,&#8221;content&#8221;:&#8221;<\/p>\n<p><strong>Il Torino insiste per Rolando Mandragora.<\/strong> Al momento il centrocampista della Fiorentina \u00e8 pi\u00f9 vicino al ritorno in granata piuttosto che al Genoa, a cui servirebbe la cessione di Frendrup prima di eventualmente affondare per Mandragora. La trattativa con l&#8217;Olympiakos, per\u00f2,<strong> ancora non \u00e8 chiusa<\/strong> e per questo motivo <strong>il Torino \u00e8 pi\u00f9 vicino al suo ritorno.<\/strong><\/p>\n<p>&#8220;,&#8221;postId&#8221;:&#8221;7fef7a91-9906-4bc8-a8b3-3ed29645b2a8&#8243;,&#8221;postLink&#8221;:{&#8220;title&#8221;:&#8221;&#8221;,&#8221;url&#8221;:&#8221;&#8221;,&#8221;imageSrc&#8221;:&#8221;&#8221;}},{&#8220;timestamp&#8221;:&#8221;2026-08-30T09:00:00.322Z&#8221;,&#8221;timestampUtcIt&#8221;:&#8221;2026-08-30T11:00:00+0200&#8243;,&#8221;altBackground&#8221;:false,&#8221;title&#8221;:&#8221;Venezia, accordo verbale con Juan Jesus&#8221;,&#8221;content&#8221;:&#8221;<\/p>\n<p><strong>Il Venezia ha trovato un accordo verbale con Juan Jesus<\/strong>. Il difensore brasiliano, svincolato dopo l&#8217;ultima esperienza con il Napoli, \u00e8 pronto a ripartire dalla Serie A con i lagunari. <strong>Per lui \u00e8 previsto un contratto di un anno con opzione per una seconda stagione<\/strong>. Le firme sono attese nella giornata di domenica 30 agosto<\/p>\n<p>&#8220;,&#8221;postId&#8221;:&#8221;17895fd9-0c4d-4689-99e3-46d008126444&#8243;,&#8221;postLink&#8221;:{&#8220;title&#8221;:&#8221;&#8221;,&#8221;url&#8221;:&#8221;&#8221;,&#8221;imageSrc&#8221;:&#8221;&#8221;}},{&#8220;timestamp&#8221;:&#8221;2026-08-30T08:50:00.547Z&#8221;,&#8221;timestampUtcIt&#8221;:&#8221;2026-08-30T10:50:00+0200&#8243;,&#8221;altBackground&#8221;:false,&#8221;title&#8221;:&#8221;L&#8217;Atalanta ha avviato i contatti per Mbangula del Werder Brema&#8221;,&#8221;content&#8221;:&#8221;<\/p>\n<p><strong>Sprint dell&#8217;Atalanta<\/strong> per <strong>Samuel Mbangula<\/strong>: avviati i contatti, il club nerazzurro ci prova. L&#8217;esterno del Werder Brema ritroverebbe cos\u00ec Cristiano <strong>Giuntoli<\/strong>, vecchia conoscenza gi\u00e0 ai tempi della Juventus. <strong>Il suo arrivo non escluderebbe per\u00f2 l&#8217;acquisto di Rowe<\/strong><\/p>\n<p>&#8220;,&#8221;postId&#8221;:&#8221;9872a64f-a443-4f69-b061-38ba08055121&#8243;,&#8221;postLink&#8221;:{&#8220;title&#8221;:&#8221;&#8221;,&#8221;url&#8221;:&#8221;&#8221;,&#8221;imageSrc&#8221;:&#8221;&#8221;}},{&#8220;timestamp&#8221;:&#8221;2026-08-30T08:45:45.995Z&#8221;,&#8221;timestampUtcIt&#8221;:&#8221;2026-08-30T10:45:45+0200&#8243;,&#8221;altBackground&#8221;:false,&#8221;title&#8221;:&#8221;Atalanta, si insiste per Cabal della Juventus&#8221;,&#8221;content&#8221;:&#8221;<\/p>\n<p>L&#8217;Atalanta insiste per <strong>Cabal <\/strong>della <strong>Juventus<\/strong>. Sul tema esterno se non dovesse uscire una pedina in casa nerazzurra ne arriver\u00e0 solamente uno: <strong>Mbangoula, Rowe e Salemakers<\/strong> i profili attenzionati. Se dovesse uscire qualcuno &#8211; un indiziato potrebbe essere <strong>Raspadori <\/strong>&#8211; si cerca un profilo pi\u00f9 strutturato. In quel caso le pedine in arrivo potrebbero essere due.\u00a0<\/p>\n<p>&#8220;,&#8221;postId&#8221;:&#8221;8a63581c-6b05-45b0-877e-602c9aa20754&#8243;,&#8221;postLink&#8221;:{&#8220;title&#8221;:&#8221;&#8221;,&#8221;url&#8221;:&#8221;&#8221;,&#8221;imageSrc&#8221;:&#8221;&#8221;}},{&#8220;timestamp&#8221;:&#8221;2026-08-30T08:41:22.881Z&#8221;,&#8221;timestampUtcIt&#8221;:&#8221;2026-08-30T10:41:22+0200&#8243;,&#8221;altBackground&#8221;:false,&#8221;title&#8221;:&#8221;Juventus, nuovi contatti per David con l&#8217;Atletico Madrid&#8221;,&#8221;content&#8221;:&#8221;<\/p>\n<p>In casa <strong>Juventus<\/strong>, nuovi contatti per la cessione di <strong>David <\/strong>con <strong>l&#8217;Atletico Madrid<\/strong>. Da capire se oggi ci saranno nuovi sviluppi sull&#8217;attaccante canandese.<\/p>\n<p>&#8220;,&#8221;postId&#8221;:&#8221;30b15f70-a830-46ac-8a90-93622f5acc80&#8243;,&#8221;postLink&#8221;:{&#8220;title&#8221;:&#8221;&#8221;,&#8221;url&#8221;:&#8221;&#8221;,&#8221;imageSrc&#8221;:&#8221;&#8221;}},{&#8220;timestamp&#8221;:&#8221;2026-08-30T08:40:00.050Z&#8221;,&#8221;timestampUtcIt&#8221;:&#8221;2026-08-30T10:40:00+0200&#8243;,&#8221;altBackground&#8221;:false,&#8221;title&#8221;:&#8221;Sassuolo, in definizione l&#8217;arrivo di Caleta-Car dal Lione&#8221;,&#8221;content&#8221;:&#8221;<\/p>\n<p>Il <strong>Sassuolo <\/strong>sta definendo l&#8217;arrivo di <strong>Duje Caleta-Car<\/strong> dal Lione. Al club francese andranno circa<strong> 2 milioni<\/strong>, pronti invece per <strong>2 anni di contratto<\/strong> per il difensore. Nella passata stagione il classe 1996 ha giocato in prestito alla Real Sociedad e ha collezionato 27 presenze e un gol ne LaLiga<\/p>\n<p>&#8220;,&#8221;postId&#8221;:&#8221;330656d4-b48d-4c12-b755-dd874d737225&#8243;,&#8221;postLink&#8221;:{&#8220;title&#8221;:&#8221;&#8221;,&#8221;url&#8221;:&#8221;&#8221;,&#8221;imageSrc&#8221;:&#8221;&#8221;}},{&#8220;timestamp&#8221;:&#8221;2026-08-30T08:30:00.674Z&#8221;,&#8221;timestampUtcIt&#8221;:&#8221;2026-08-30T10:30:00+0200&#8243;,&#8221;altBackground&#8221;:false,&#8221;title&#8221;:&#8221;Juve in pressing su Pape Sarr del Tottenham: contatti positivi&#8221;,&#8221;content&#8221;:&#8221;<\/p>\n<p>La <strong>Juventus <\/strong>vuole potenziare il centrocampo e sta pensando a <strong>Pape Sarr<\/strong>, centrocampista classe 2002. Dopo i problemi fisici di Khephren Thuram, infatti, i bianconeri sono alla ricerca di un rinforzo in mediana e continua il pressing sul Tottenham per il prestito<\/p>\n<p>&#8220;,&#8221;postId&#8221;:&#8221;334af33d-247e-48dd-8201-b2d74569d02d&#8221;,&#8221;postLink&#8221;:{&#8220;title&#8221;:&#8221;&#8221;,&#8221;url&#8221;:&#8221;&#8221;,&#8221;imageSrc&#8221;:&#8221;&#8221;}},{&#8220;timestamp&#8221;:&#8221;2026-08-30T08:20:00.563Z&#8221;,&#8221;timestampUtcIt&#8221;:&#8221;2026-08-30T10:20:00+0200&#8243;,&#8221;altBackground&#8221;:false,&#8221;title&#8221;:&#8221;Milan, il Galatasaray torna su Fofana: sondaggio per il prestito&#8221;,&#8221;content&#8221;:&#8221;<\/p>\n<p>Dopo il tentativo non andato a buon fine dello scorso gennaio, il <strong>Galatasaray<\/strong> \u00e8 tornato sulle tracce di <strong>Youssouf Fofana<\/strong>. Dopo aver prelevato dai rossoneri Rafael Leao, il club turco ha sondato il terreno per un possibile prestito del francese, ma al momento non ha ancora presentato alcuna offerta ufficiale al Milan. Sul centrocampista ex Monaco anche sondaggi di diversi club di Premier League.<\/p>\n<p>&#8220;,&#8221;postId&#8221;:&#8221;92166c4f-46b6-4dc5-b9f8-79dd682960c2&#8243;,&#8221;postLink&#8221;:{&#8220;title&#8221;:&#8221;&#8221;,&#8221;url&#8221;:&#8221;&#8221;,&#8221;imageSrc&#8221;:&#8221;&#8221;}},{&#8220;timestamp&#8221;:&#8221;2026-08-30T08:18:39.800Z&#8221;,&#8221;timestampUtcIt&#8221;:&#8221;2026-08-30T10:18:39+0200&#8243;,&#8221;altBackground&#8221;:false,&#8221;title&#8221;:&#8221;Roma, lo Stoccarda rifiuta la prima offerta per Leweling&#8221;,&#8221;content&#8221;:&#8221;<\/p>\n<p>Lo <strong>Stoccarda<\/strong> ha rifiutato la prima offerta della <strong>Roma<\/strong> per <strong>Jamie Leweling<\/strong>. La proposta della Roma allo Stoccarda per Leweling prevedeva un <strong>prestito oneroso da 5 milioni<\/strong> con un <strong>obbligo di riscatto condizionato fissato a 35<\/strong>.<\/p>\n<p>&#8220;,&#8221;postId&#8221;:&#8221;47cc1c7e-b911-4d30-8a67-af36382a75b8&#8243;,&#8221;postLink&#8221;:{&#8220;title&#8221;:&#8221;&#8221;,&#8221;url&#8221;:&#8221;&#8221;,&#8221;imageSrc&#8221;:&#8221;&#8221;}},{&#8220;timestamp&#8221;:&#8221;2026-08-30T08:10:00.307Z&#8221;,&#8221;timestampUtcIt&#8221;:&#8221;2026-08-30T10:10:00+0200&#8243;,&#8221;altBackground&#8221;:false,&#8221;title&#8221;:&#8221;Serie A, ufficiali due cessioni all&#8217;estero: Pedersen all&#8217;Olympiacos, Asllani all&#8217;Al Jazira&#8221;,&#8221;content&#8221;:&#8221;<\/p>\n<p>Tutti gli acquisti ufficiali all&#8217;estero<\/p>\n<p>&#8220;,&#8221;postId&#8221;:&#8221;624bbb5b-2210-49ab-956b-baf8357e62ce&#8221;,&#8221;postLink&#8221;:{&#8220;title&#8221;:&#8221;Calciomercato Torino, ufficiale la cessione di Pedersen: i dettagli&#8221;,&#8221;url&#8221;:&#8221;https:\/\/sport.sky.it\/calciomercato\/calciomercato-2026-acquisti-ufficiali-estero-estate#00&#8243;,&#8221;imageSrc&#8221;:&#8221;https:\/\/sport.sky.it\/assets\/images\/8683f40df31280dee90e14ebf2381fb62bbcd12e\/skysport\/it\/calcio\/calciomercato\/calciomercato-2026-acquisti-ufficiali-estero-estate\/pedersen_olympiacos_1.jpg?im=Resize,width=1218&#8243;}},{&#8220;timestamp&#8221;:&#8221;2026-08-30T08:00:00.826Z&#8221;,&#8221;timestampUtcIt&#8221;:&#8221;2026-08-30T10:00:00+0200&#8243;,&#8221;altBackground&#8221;:false,&#8221;title&#8221;:&#8221;Roma-De Roon, operazione in chiusura. El Aynaoui verso il Lipsia&#8221;,&#8221;content&#8221;:&#8221;<\/p>\n<p><strong>Roma e Atalanta<\/strong> stanno definendo il trasferimento di Marten <strong>De Roon<\/strong> in giallorosso. Il giocatore ha infatti chiesto la cessione e il club nerazzurro ha deciso di accontentarlo. Sar\u00e0 lui a sostituire Neil <strong>El Aynaoui<\/strong>, che si prepara a trasferirsi al <strong>Lipsia<\/strong>. Per l&#8217;esterno d&#8217;attacco, invece, piacciono <strong>Luiz Henrique<\/strong> dello Zenit e <strong>Jamie Leweling<\/strong> dello Stoccarda<\/p>\n<p>&#8220;,&#8221;postId&#8221;:&#8221;0442715e-7d89-40c4-9254-217616bd2de4&#8243;,&#8221;postLink&#8221;:{&#8220;title&#8221;:&#8221;El Aynaoui verso il Lipsia, De Roon in chiusura alla Roma&#8221;,&#8221;url&#8221;:&#8221;https:\/\/sport.sky.it\/calciomercato\/2026\/08\/30\/roma-de-roon-calciomercato-news&#8221;,&#8221;imageSrc&#8221;:&#8221;https:\/\/sport.sky.it\/assets\/images\/6e5a9a8391b1771cae51610c1bbd730751f49b93\/skysport\/it\/calcio\/calciomercato\/2026\/08\/30\/roma-de-roon-calciomercato-news\/de_roon_el_aynaoui_ipa.jpg?im=Resize,width=1218&#8243;}},{&#8220;timestamp&#8221;:&#8221;2026-08-30T07:56:20.238Z&#8221;,&#8221;timestampUtcIt&#8221;:&#8221;2026-08-30T09:56:20+0200&#8243;,&#8221;altBackground&#8221;:false,&#8221;title&#8221;:&#8221;Juventus, in chiusura Pape Sarr&#8221;,&#8221;content&#8221;:&#8221;<\/p>\n<p>La <strong>Juventus<\/strong> \u00e8 sempre pi\u00f9 vicina a <strong>Pape Sarr<\/strong>. La trattativa con il <strong>Tottenham<\/strong> per il centrocampista \u00e8 in definizione: affare in chiusura<\/p>\n<p>&#8220;,&#8221;postId&#8221;:&#8221;698b6836-511d-427f-ab2a-4a23e1d4e1e9&#8243;,&#8221;postLink&#8221;:{&#8220;title&#8221;:&#8221;&#8221;,&#8221;url&#8221;:&#8221;&#8221;,&#8221;imageSrc&#8221;:&#8221;&#8221;}},{&#8220;timestamp&#8221;:&#8221;2026-08-30T07:50:00.546Z&#8221;,&#8221;timestampUtcIt&#8221;:&#8221;2026-08-30T09:50:00+0200&#8243;,&#8221;video&#8221;:{&#8220;videoId&#8221;:&#8221;1120596&#8243;,&#8221;videoPageUrl&#8221;:&#8221;https:\/\/video.sky.it\/sport\/calciomercato\/serie-a\/video\/leao-galatasaray-arrivo-istanbul-news-1120596&#8243;},&#8221;altBackground&#8221;:true,&#8221;title&#8221;:&#8221;E nel frattempo Leao \u00e8 in Turchia: \\&#8221;Al Milan mi sono sentito a casa, ringrazio i tifosi\\&#8221;&#8221;,&#8221;content&#8221;:&#8221;<\/p>\n<p>Rafael <strong>Leao <\/strong>\u00e8 pronto a iniziare una nuova avventura dopo 7 anni di <strong>Milan<\/strong>. Il portoghese \u00e8 atterrato a Istanbul, dove svolger\u00e0 nelle prossime ore le visite mediche e firmer\u00e0 il suo nuovo contratto con il Galatasaray. \\&#8221;<strong>Volevo ringraziare tutti i tifosi<\/strong>, mi sarebbe piaciuto salutarli per l&#8217;ultima volta sul campo di San Siro ma non \u00e8 stato possibile. A Milano mi sono sempre sentito a casa\\&#8221;, ha detto Leao prima di partire<\/p>\n<p>&#8220;,&#8221;postId&#8221;:&#8221;d0cdd9d2-65f5-4aef-99d8-0be938af75fa&#8221;,&#8221;postLink&#8221;:{&#8220;title&#8221;:&#8221;&#8221;,&#8221;url&#8221;:&#8221;&#8221;,&#8221;imageSrc&#8221;:&#8221;&#8221;}},{&#8220;timestamp&#8221;:&#8221;2026-08-30T07:45:45.180Z&#8221;,&#8221;timestampUtcIt&#8221;:&#8221;2026-08-30T09:45:45+0200&#8243;,&#8221;altBackground&#8221;:false,&#8221;title&#8221;:&#8221;Fulham, contatti in corso per Soul\u00e9 della Roma&#8221;,&#8221;content&#8221;:&#8221;<\/p>\n<p>Il <strong>Fulham<\/strong> ha messo nel mirino Matias <strong>Soul\u00e9<\/strong> e ha avviato i contatti con la Roma per il cartellino dell&#8217;argentino. Per questo il club giallorosso segue diversi nomi per l&#8217;attacco, visto che potrebbe dover acquistare due giocatori in queste ultime ore di mercato. Piacciono <strong>Luiz Henrique<\/strong> dello Zenit, <strong>Jamie Gittens<\/strong> del Chelsea e <strong>Jamie Leweling<\/strong> dello Stoccarda. La prima offerta della Roma per quest&#8217;ultimo, per\u00f2, \u00e8 stata giudicata insufficiente dal club tedesco<\/p>\n<p>&#8220;,&#8221;postId&#8221;:&#8221;da88d777-73c0-4ac1-ae11-d5f0d4c1afac&#8221;,&#8221;postLink&#8221;:{&#8220;title&#8221;:&#8221;&#8221;,&#8221;url&#8221;:&#8221;&#8221;,&#8221;imageSrc&#8221;:&#8221;&#8221;}},{&#8220;timestamp&#8221;:&#8221;2026-08-30T07:40:00.107Z&#8221;,&#8221;timestampUtcIt&#8221;:&#8221;2026-08-30T09:40:00+0200&#8243;,&#8221;altBackground&#8221;:false,&#8221;title&#8221;:&#8221;Milan-Hutchinson, accordo col Nottingham Forest definito nelle prossime ore&#8221;,&#8221;content&#8221;:&#8221;<\/p>\n<p>Il <strong>Milan <\/strong>si avvicina a Omari <strong>Hutchinson<\/strong>. L&#8217;accordo con il Nottingham Forest verr\u00e0 formalmente definito nelle prossime ore e il club sta gi\u00e0 organizzando il viaggio del giocatore per domenica. <strong>L&#8217;operazione resta impostata su un prestito oneroso con diritto di riscatto<\/strong> che pu\u00f2 diventare obbligo al verificarsi di determinate condizioni<\/p>\n<p>&#8220;,&#8221;postId&#8221;:&#8221;e612d53f-5371-473f-9e08-8e5f7990da8d&#8221;,&#8221;postLink&#8221;:{&#8220;title&#8221;:&#8221;&#8221;,&#8221;url&#8221;:&#8221;&#8221;,&#8221;imageSrc&#8221;:&#8221;&#8221;}},{&#8220;timestamp&#8221;:&#8221;2026-08-30T07:33:33.044Z&#8221;,&#8221;timestampUtcIt&#8221;:&#8221;2026-08-30T09:33:33+0200&#8243;,&#8221;altBackground&#8221;:false,&#8221;title&#8221;:&#8221;Roma, contatti con il Fulham per Soul\u00e8&#8221;,&#8221;content&#8221;:&#8221;<\/p>\n<p>La <strong>Roma <\/strong>lavora anche alle uscite. Nelle ultime ore contatti con il <strong>Fulham <\/strong>per la cessione di <strong>Matias Soul\u00e8<\/strong> verso la Premier League. In caso di partenza dell&#8217;argentino i primi nomi per sostituirlo sono <strong>Leweling <\/strong>dello <strong>Stoccarda <\/strong>e <strong>Gittens <\/strong>del <strong>Chelsea<\/strong>. Sullo sfondo rimane <strong>Luiz Henrique <\/strong>dello <strong>Zenit<\/strong>.\u00a0<\/p>\n<p>&#8220;,&#8221;postId&#8221;:&#8221;95154ad1-109d-42fa-a36a-ff55fc4ae452&#8243;,&#8221;postLink&#8221;:{&#8220;title&#8221;:&#8221;&#8221;,&#8221;url&#8221;:&#8221;&#8221;,&#8221;imageSrc&#8221;:&#8221;&#8221;}},{&#8220;timestamp&#8221;:&#8221;2026-08-30T07:30:00.082Z&#8221;,&#8221;timestampUtcIt&#8221;:&#8221;2026-08-30T09:30:00+0200&#8243;,&#8221;altBackground&#8221;:false,&#8221;title&#8221;:&#8221;Juventus, Carnevali: \\&#8221;Non un \u00e8 un problema economico ma di parametri Uefa\\&#8221;&#8221;,&#8221;content&#8221;:&#8221;<\/p>\n<p>Prima dell&#8217;inizio della sfida contro il Parma, l&#8217;amministratore delegato della Juventus Giovanni <strong>Carnevali<\/strong> ha parlato proprio della trattativa per il centrocampista ivoriano: \\&#8221;Per Kessie \u00e8 molto semplice. <strong>\u00c8 un giocatore che a me interessava. Abbiamo trattato per pi\u00f9 giorni con lui<\/strong>. Dobbiamo tener presente che abbiamo il <strong>settlement agreement<\/strong>. Ho la fortuna di lavorare con Massara e Ottolini e anche con il mister c\u2019\u00e8 un rapporto eccezionale. Abbiamo una grande propriet\u00e0 e quindi <strong>non \u00e8 un problema economico ma di parametri che la Uefa ci impone<\/strong>. A volte \u00e8 complicato. Oggi bisogna tenere conto del giocatore che si vende per acquistare. Con Kessi\u00e9 si pensava di poter chiudere perch\u00e9 noi siamo riusciti con tante difficolt\u00e0 a trovare cosa aveva richiesto. Probabilmente, lo penso io, <strong>non era cos\u00ec grande o l\u2019interesse del giocatore o da parte del procuratore<\/strong>\\&#8221;.<\/p>\n<p>\\n&#8221;,&#8221;postId&#8221;:&#8221;5f340a65-eee5-4396-84f8-214764909611&#8243;,&#8221;postLink&#8221;:{&#8220;title&#8221;:&#8221;&#8221;,&#8221;url&#8221;:&#8221;&#8221;,&#8221;imageSrc&#8221;:&#8221;&#8221;}},{&#8220;timestamp&#8221;:&#8221;2026-08-30T07:20:00.418Z&#8221;,&#8221;timestampUtcIt&#8221;:&#8221;2026-08-30T09:20:00+0200&#8243;,&#8221;altBackground&#8221;:false,&#8221;title&#8221;:&#8221;E tra questi, c&#8217;\u00e8 anche il clamoroso ritorno di Kessie all&#8217;Atalanta&#8221;,&#8221;content&#8221;:&#8221;<\/p>\n<p>Franck <strong>Kessie <\/strong>\u00e8 di nuovo un giocatore dell&#8217;<strong>Atalanta<\/strong>. Poche ore dopo il no all&#8217;offerta della Juventus la soprendente svolta con il centrocampista ivoriano che torna a vestire la maglia nerazzurra dopo 9 anni. <strong>Il classe 1996 ha firmato un contratto di 3 anni con opzione per il rinnovo<\/strong><\/p>\n<p>&#8220;,&#8221;postId&#8221;:&#8221;312039fa-b0cf-415c-bf67-440cd0e43442&#8243;,&#8221;postLink&#8221;:{&#8220;title&#8221;:&#8221;Atalanta, ufficiale il clamoroso ritorno di Kessie&#8221;,&#8221;url&#8221;:&#8221;https:\/\/sport.sky.it\/calciomercato\/2026\/08\/29\/kessie-calciomercato-news&#8221;,&#8221;imageSrc&#8221;:&#8221;https:\/\/sport.sky.it\/assets\/images\/b2373788564d324f3cd016077e2951debb3d9955\/skysport\/it\/calcio\/calciomercato\/2026\/08\/29\/kessie-calciomercato-news\/kessie_atalanta.jpg?im=Resize,width=1218&#8243;}},{&#8220;timestamp&#8221;:&#8221;2026-08-30T07:10:00.319Z&#8221;,&#8221;timestampUtcIt&#8221;:&#8221;2026-08-30T09:10:00+0200&#8243;,&#8221;altBackground&#8221;:false,&#8221;title&#8221;:&#8221;Ricci, Esposito e non solo: tutti gli acquisti ufficiali in Serie A&#8221;,&#8221;content&#8221;:&#8221;<\/p>\n<p>Sono stati ben 5 gli acquisti ufficiali in Serie A ieri: ecco tutti i nomi<\/p>\n<p>&#8220;,&#8221;postId&#8221;:&#8221;cbaa1051-a054-4fd8-830c-ee3a6db12473&#8243;,&#8221;postLink&#8221;:{&#8220;title&#8221;:&#8221;Serie A, sono quattro le ufficialit\u00e0 del sabato&#8221;,&#8221;url&#8221;:&#8221;https:\/\/sport.sky.it\/calciomercato\/calciomercato-serie-a-estate-2026-acquisti-ufficiali&#8221;,&#8221;imageSrc&#8221;:&#8221;https:\/\/sport.sky.it\/assets\/images\/c6a47d63adebfe54cde706632e4ea8d87fa9e8c5\/skysport\/it\/calcio\/calciomercato\/calciomercato-serie-a-estate-2026-acquisti-ufficiali\/ricci_esposito_ciervo.jpg?im=Resize,width=1218&#8243;}},{&#8220;timestamp&#8221;:&#8221;2026-08-30T07:08:40.898Z&#8221;,&#8221;timestampUtcIt&#8221;:&#8221;2026-08-30T09:08:40+0200&#8243;,&#8221;altBackground&#8221;:false,&#8221;title&#8221;:&#8221;Gimenez-Porto, c&#8217;\u00e8 l&#8217;ok del Milan: ultimi dettagli&#8221;,&#8221;content&#8221;:&#8221;<\/p>\n<p>Santiago <strong>Gimenez<\/strong> si prepara a lasciare il Milan per trasferirsi al <strong>Porto<\/strong>. Nella notte \u00e8 arrivato l&#8217;ok dei rossoneri all&#8217;ultima offerta del club portoghese e ora restano soltanto da sistemare <strong>i dettagli finali<\/strong>, poi Gimenez sar\u00e0 autorizzato a viaggiare e sostenere <strong>le visite mediche<\/strong><\/p>\n<p>&#8220;,&#8221;postId&#8221;:&#8221;446d7ae5-13ba-47d2-81a0-95bedb51005c&#8221;,&#8221;postLink&#8221;:{&#8220;title&#8221;:&#8221;&#8221;,&#8221;url&#8221;:&#8221;&#8221;,&#8221;imageSrc&#8221;:&#8221;&#8221;}},{&#8220;timestamp&#8221;:&#8221;2026-08-30T07:05:00.038Z&#8221;,&#8221;timestampUtcIt&#8221;:&#8221;2026-08-30T09:05:00+0200&#8243;,&#8221;altBackground&#8221;:false,&#8221;title&#8221;:&#8221;Njie-Fiorentina, attesa per le visite mediche&#8221;,&#8221;content&#8221;:&#8221;<\/p>\n<p><strong>Fiorentina e Torino sono<\/strong> <strong>allo scambio dei documenti per\u00a0Alieu Njie<\/strong>. In mattinata lo svedese sosterr\u00e0 le visite mediche col club toscano, prima di mettere la propria firma sul contratto che lo legher\u00e0 ai viola. <strong>Operazione da 16 milioni pi\u00f9 2 di bonus e il 15% sulla rivendita<\/strong><\/p>\n<p>&#8220;,&#8221;postId&#8221;:&#8221;6012b444-5f14-4031-bac7-f04c205a566a&#8221;,&#8221;postLink&#8221;:{&#8220;title&#8221;:&#8221;&#8221;,&#8221;url&#8221;:&#8221;&#8221;,&#8221;imageSrc&#8221;:&#8221;&#8221;}}]}&#8221; query='{&#8220;configurationName&#8221;:&#8221;LIVEBLOG_CONTAINER_WIDGET&#8221;,&#8221;liveblogId&#8221;:&#8221;f30e98d0-f156-4d2a-9661-0d865dd698aa&#8221;,&#8221;tenant&#8221;:&#8221;sport&#8221;,&#8221;limit&#8221;:800}&#8217; config='{&#8220;live&#8221;:true,&#8221;isWebView&#8221;:false,&#8221;postsPerPageMobile&#8221;:10,&#8221;postsPerPageDesktop&#8221;:10}&#8217;&gt;<br \/>\n          Calciomercato, le news di oggiLeggi di pi\u00f9 <\/p>\n<p>meno di un minuto fa<\/p>\n<p>Milan, i dettagli dell&#8217;operazione Gimenez con il Porto<\/p>\n<p>Chiusa la trattativa che porter\u00e0 Santi <strong>Gimenez <\/strong>dal <strong>Milan <\/strong>al <strong>Porto<\/strong>: l&#8217;operazione sar\u00e0 in prestito gratuito con ingaggio a carico dei portoghesi, che quindi provvederanno a versare gli emolumenti per l&#8217;attaccante. Il diritto di riscatto \u00e8 fissato a 18 milioni di euro<\/p>\n<p>26 minuti fa<\/p>\n<p>Lazio, fatta per il trasferimento di Ratkov al Levante <\/p>\n<p>\u00c8 fatta per il trasferimento di <strong>Ratkov <\/strong>dalla <strong>Lazio <\/strong>al <strong>Levante<\/strong>: dopo l&#8217;intesa tra i due club, gli spagnoli hanno trovato anche l&#8217;accordo con l&#8217;attaccante biancoceleste. Operazione in prestito oneroso a un milione di euro con diritto di riscatto fissato a 14 milioni di euro.\u00a0<\/p>\n<p>40 minuti fa<\/p>\n<p>Adin Licina \u00e8 un nuovo giocatore della Cremonese<\/p>\n<p>Ora \u00e8 ufficiale: <strong>Adin Licina <\/strong>\u00e8 un nuovo giocatore della <strong>Cremonese<\/strong>. Il talento classe 2007 si trasferisce in prestito secco: <strong>la Juventus crede molto in Licina<\/strong> e non voleva cederlo a titolo definitivo nonostante l&#8217;interesse di alcuni club di Serie A. Di seguito la nota ufficiale della Cremonese.<\/p>\n<p>16:00<\/p>\n<p>Lazio, il Rennes in pressing per Dia <\/p>\n<p>Prosegue il pressing del <strong>Rennes <\/strong>per <strong>Dia<\/strong>, il club francese ha raggiunto un&#8217;intesa con l&#8217;attaccante biancoceleste ma non c&#8217;\u00e8 ancora l&#8217;accordo tra <strong>Lazio <\/strong>e <strong>Rennes<\/strong>.\u00a0<\/p>\n<p>15:40<\/p>\n<p>Cagliari, domani visita e firma per Gagliardini <\/p>\n<p>Roberto <strong>Gagliardini <\/strong>sar\u00e0 presto un nuovo calciatore del <strong>Cagliari<\/strong>. Il centrocampista arriva domani in citt\u00e0 e svolger\u00e0 le visite mediche propedeutiche alla firma sul contratto. Il classe &#8217;94 era svincolato dopo l&#8217;ultima esperienza con la maglia del <strong>Verona<\/strong>.\u00a0<\/p>\n<p>15:20<\/p>\n<p>Atalanta, da Rowe a Mbangula: giornata decisiva per l&#8217;attacco nerazzurro<\/p>\n<p>Ore decisive per capire il futuro dell&#8217;attacco dell&#8217;Atalanta. Sono attese novit\u00e0 per Jonathan Rowe del Bologna, ma i nerazzurri hanno avuto dei contatti anche con il Werder Brema per Samuel Mbangula (ex Juventus). Piace anche Alexis Saelemaekers, per cui per\u00f2 non \u00e8 arrivata l&#8217;apertura da parte del Milan<\/p>\n<p><a href=\"https:\/\/sport.sky.it\/calciomercato\/2026\/08\/30\/atalanta-rowe-mbangula-saelemaekers-calciomercato-news\" title=\"Da Rowe a Mbangula, l&#039;Atalanta a caccia di un esterno\" class=\"lvbg-post-link\" data-intcmp=\"skysport_liveblog_liveblog-preview_null\" data-analytics-element=\"liveblog-preview\" rel=\"nofollow noopener\" target=\"_blank\"><img alt=\"Da Rowe a Mbangula, l'Atalanta a caccia di un esterno\" style=\"opacity:0;transition:opacity 0.3s\" class=\"lvbg-post-link__image\"\/>Da Rowe a Mbangula, l&#8217;Atalanta a caccia di un esternoVai al contenuto <\/a><\/p>\n<p>15:00<\/p>\n<p>David-Atletico Madrid, nuovi contatti con la Juve: le news di calciomercato<\/p>\n<p>La Juventus \u00e8 molto attiva sul mercato in uscita e in giornata sono previsti nuovi contatti con l&#8217;Atletico Madrid per Jonathan David. L&#8217;attaccante canadese, che non \u00e8 pi\u00f9 al centro del progetto, potrebbe lasciare Torino dopo soltanto una stagione<\/p>\n<p><a href=\"https:\/\/sport.sky.it\/calciomercato\/2026\/08\/30\/david-atletico-madrid-juventus-calciomercato-news\" title=\"David-Atletico Madrid, nuovi contatti con la Juve\" class=\"lvbg-post-link\" data-intcmp=\"skysport_liveblog_liveblog-preview_null\" data-analytics-element=\"liveblog-preview\" rel=\"nofollow noopener\" target=\"_blank\"><img alt=\"David-Atletico Madrid, nuovi contatti con la Juve\" style=\"opacity:0;transition:opacity 0.3s\" class=\"lvbg-post-link__image\"\/>David-Atletico Madrid, nuovi contatti con la JuveVai al contenuto <\/a><\/p>\n<p>14:40<\/p>\n<p>Cagliari, trattativa con il Fulham per de Fougerolles<\/p>\n<p>Il Cagliari prova a rinforzarsi in difesa, il club rossoblu \u00e8 in trattativa per Luc Rollet<strong> de Fougerolles, <\/strong>difensore canadese del<strong> Fulham.<\/strong> Il punto con Alessandro Sugoni.<\/p>\n<p>14:20<\/p>\n<p>Bologna, il Norwich in pole per il prestito di Jay Enem<\/p>\n<p>Il <strong>Norwich<\/strong> \u00e8 in pole per il prestito di <strong>Jay Enem<\/strong>. Nei giorni scorsi vi avevamo raccontato l&#8217;arrivo a sorpresa dell&#8217;attaccante al <strong>Bologna,<\/strong> che ha <strong>firmato con i rossobl\u00f9 nelle scorse ore<\/strong>. Il Bologna ha intenzione <strong>di girare in prestito il giocatore<\/strong> classe 2003: il Norwich, club attualmente in Championship \u00e8 in pole per lui.<\/p>\n<p>14:00<\/p>\n<p>Bologna, Tedesco: &#8220;Rowe? L&#8217;ho visto poco sereno, lo lasceremo a casa&#8221;<\/p>\n<p>&#8220;Rowe? L&#8217;ho visto poco sereno e quindi <strong>abbiamo deciso di lasciarlo a casa per questa partita<\/strong>&#8220;: con queste parole <strong>Domenico Tedesco<\/strong> ha annunciato in conferenza stampa che l&#8217;esterno inglese non sar\u00e0 convocato contro <strong>l&#8217;Atalanta<\/strong>.<\/p>\n<p>13:40<\/p>\n<p>Calciomercato Serie A, acquisti ufficiali dell&#8217;estate 2026<\/p>\n<p>Due ufficialit\u00e0 in Serie A questa domenica: Balerdi \u00e8 un nuovo giocatore della Roma, mentre il Bologna ha ufficializzato il ritorno di Arthur Theate. Franck Kessie \u00e8 ufficiale all&#8217;Atalanta. Perri \u00e8 il nuovo portiere del Torino. Samuele Ricci \u00e8 un nuovo giocatore del Como, arriva in prestito con diritto di riscatto dal Milan. Di seguito tutte le ufficialit\u00e0 di questo mercato nel nostro campionato<\/p>\n<p><a href=\"https:\/\/sport.sky.it\/calciomercato\/calciomercato-serie-a-estate-2026-acquisti-ufficiali\" title=\"Serie A, due ufficialit\u00e0 questa domenica: i dettagli\" class=\"lvbg-post-link\" data-intcmp=\"skysport_liveblog_liveblog-preview_null\" data-analytics-element=\"liveblog-preview\" rel=\"nofollow noopener\" target=\"_blank\"><img alt=\"Serie A, due ufficialit\u00e0 questa domenica: i dettagli\" style=\"opacity:0;transition:opacity 0.3s\" class=\"lvbg-post-link__image\"\/>Serie A, due ufficialit\u00e0 questa domenica: i dettagliVai al contenuto <\/a><\/p>\n<p>13:20<\/p>\n<p>Il Venezia \u00e8 avanti per Mazzocchi. Su di lui anche Genoa e Parma<\/p>\n<p>Il <strong>Venezia<\/strong> ci prova per <strong>Pasquale Mazzocchi<\/strong>. Il terzino destro del Napoli interessa anche al <strong>Genoa<\/strong> in caso di uscita di <strong>Norton-Cuffy<\/strong> &#8211; su di lui ci sono <strong>Strasburgo<\/strong> e <strong>Besiktas<\/strong> &#8211; e al <strong>Parma<\/strong>, ma al momento gli arancioneroverdi sono avanti.<\/p>\n<p>13:00<\/p>\n<p>Pisa, ufficiale l&#8217;arrivo di Pittarello dal Catanzaro<\/p>\n<p>Il <strong>Pisa <\/strong>ufficializza il rinforzo in attacco: dal <strong>Catanzaro <\/strong>arriva a titolo definitivo <strong>Filippo Pittarello.<\/strong><\/p>\n<p>12:40<\/p>\n<p>Mercato estero, gli acquisti ufficiali estivi: Leao al Galatasaray<\/p>\n<p>Rafael Leao \u00e8 ufficialmente un nuovo giocatore del Galatasaray. Il Chelsea ha ufficializzato l&#8217;acquisto del Dibu Martinez. Pedersen lascia il Torino e si trasferisce all&#8217;Olympiacos. Asllani \u00e8 un nuovo giocatore dell&#8217;Al Jazira: lascia l&#8217;Inter in prestito con obbligo di riscatto condizionato alle presenze. Nico Jackson lascia il Chelsea e va all&#8217;Aston Villa. Di seguito i pi\u00f9 importanti affari ufficiali all&#8217;estero di questa sessione<\/p>\n<p><a href=\"https:\/\/sport.sky.it\/calciomercato\/calciomercato-2026-acquisti-ufficiali-estero-estate\" title=\"Leao-Galatasaray, \u00e8 ufficiale: 38 milioni al Milan, guadagner\u00e0 10 milioni a stagione\" class=\"lvbg-post-link\" data-intcmp=\"skysport_liveblog_liveblog-preview_null\" data-analytics-element=\"liveblog-preview\" rel=\"nofollow noopener\" target=\"_blank\"><img alt=\"Leao-Galatasaray, \u00e8 ufficiale: 38 milioni al Milan, guadagner\u00e0 10 milioni a stagione\" style=\"opacity:0;transition:opacity 0.3s\" class=\"lvbg-post-link__image\"\/>Leao-Galatasaray, \u00e8 ufficiale: 38 milioni al Milan, guadagner\u00e0 10 milioni a stagioneVai al contenuto <\/a><\/p>\n<p>12:20<\/p>\n<p>Cagliari, chiuso Massolin. Idea Gagliardini<\/p>\n<p>Il <strong>Cagliari <\/strong>ha chiuso per l&#8217;arrivo di Yanis <strong>Massolin<\/strong>. Il trequartista arriva in prestito con diritto di riscatto fissato a 7 milioni e un opzione del 10% sulla rivendita, ci sar\u00e0 poi una contro opzione di 1.5 milioni per i nerazzurri. Sempre per il centrocampo, l&#8217;ultima idea \u00e8 Roberto Gagliardini.<\/p>\n<p>12:00<\/p>\n<p>Arthur Theate torna al Bologna: il comunicato<\/p>\n<p><strong>Arthur Theate<\/strong> torna al <strong>Bologna<\/strong>. \u00c8 ufficiale il trasferimento\u00a0del difensore belga, che vestir\u00e0 di nuovo la maglia rossobl\u00f9 <strong>a quattro anni di distanza<\/strong> dall&#8217;ultima volta. Il Bologna ha trovato un accordo con l&#8217;Eintracht Francoforte <strong>per un prestito con diritto di riscatto fissato a 15 milioni di euro<\/strong>. Di seguito la nota ufficiale dei rossobl\u00f9: &#8220;Il Bologna FC 1909 comunica di avere acquisito dall\u2019Eintracht Frankfurt il diritto alle prestazioni sportive del difensore Arthur\u00a0Theate\u00a0a titolo temporaneo fino al 30 giugno 2027, con opzione per l\u2019acquisizione definitiva&#8221;.<\/p>\n<p>Leggi di pi\u00f9 <\/p>\n<p>11:40<\/p>\n<p>Tutti gli acquisti ufficiali in Serie B<a href=\"https:\/\/sport.sky.it\/calciomercato\/calciomercato-serie-b-estate-2026-acquisti-ufficiali\" title=\"Palermo, ufficiale l&#039;arrivo di Gabrielloni\" class=\"lvbg-post-link\" data-intcmp=\"skysport_liveblog_liveblog-preview_null\" data-analytics-element=\"liveblog-preview\" rel=\"nofollow noopener\" target=\"_blank\"><img alt=\"Palermo, ufficiale l'arrivo di Gabrielloni\" style=\"opacity:0;transition:opacity 0.3s\" class=\"lvbg-post-link__image\"\/>Palermo, ufficiale l&#8217;arrivo di GabrielloniVai al contenuto <\/a><\/p>\n<p>11:30<\/p>\n<p>Genoa, su Mart\u00edn c&#8217;\u00e8 il Racing Santander: piace anche ad Atalanta e Torino<\/p>\n<p>Il <strong>Racing Santander<\/strong> vuole\u00a0Aar\u00f3n\u00a0<strong>Mart\u00edn<\/strong>, terzino sinistro spagnolo del <strong>Genoa<\/strong>. Il club spagnolo ha formulato un&#8217;offerta ai rossobl\u00f9, che per\u00f2 l&#8217;hanno reputata bassa. Per questo motivo servir\u00e0 nel caso un rilancio per convincere il Genoa a lasciarlo partire.\u00a0In Italia piace anche ad Atalanta e Torino, che per\u00f2 non hanno ancora affondato<\/p>\n<p>11:20<\/p>\n<p>Mihailo Ivanovic verso il Cagliari: contatti continui per chiudere<\/p>\n<p><strong>Mihailo Ivanovic<\/strong> verso il <strong>Cagliari<\/strong>. Continuano i contatti tra le parti per provare a chiudere con il <strong>Millwall<\/strong>, proprietario del cartellino dell&#8217;attaccante classe 2004.<\/p>\n<p>11:11<\/p>\n<p>Juventus, ipotesi Tagliafico in caso di uscita di Cabal<\/p>\n<p>L&#8217;Atalanta segue <strong>Juan Cabal<\/strong> e insiste per il suo arrivo. Il ds nerazzurro <strong>Giuntoli<\/strong> lo aveva portato proprio in bianconero nell&#8217;estate del 2024. In caso di uscita del colombiano, pu\u00f2 prendere corpo l&#8217;ipotesi\u00a0<strong>Nicol\u00e1s Tagliafico<\/strong>\u00a0per la corsia sinistra: il terzino argentino ha un contratto in scadenza nel 2027 con il <strong>Lione<\/strong>.<\/p>\n<p>11:10<\/p>\n<p>Il Torino insiste per Mandragora: al Genoa serve prima una cessione<\/p>\n<p><strong>Il Torino insiste per Rolando Mandragora.<\/strong> Al momento il centrocampista della Fiorentina \u00e8 pi\u00f9 vicino al ritorno in granata piuttosto che al Genoa, a cui servirebbe la cessione di Frendrup prima di eventualmente affondare per Mandragora. La trattativa con l&#8217;Olympiakos, per\u00f2,<strong> ancora non \u00e8 chiusa<\/strong> e per questo motivo <strong>il Torino \u00e8 pi\u00f9 vicino al suo ritorno.<\/strong><\/p>\n<p>11:00<\/p>\n<p>Venezia, accordo verbale con Juan Jesus<\/p>\n<p><strong>Il Venezia ha trovato un accordo verbale con Juan Jesus<\/strong>. Il difensore brasiliano, svincolato dopo l&#8217;ultima esperienza con il Napoli, \u00e8 pronto a ripartire dalla Serie A con i lagunari. <strong>Per lui \u00e8 previsto un contratto di un anno con opzione per una seconda stagione<\/strong>. Le firme sono attese nella giornata di domenica 30 agosto<\/p>\n<p>10:50<\/p>\n<p>L&#8217;Atalanta ha avviato i contatti per Mbangula del Werder Brema<\/p>\n<p><strong>Sprint dell&#8217;Atalanta<\/strong> per <strong>Samuel Mbangula<\/strong>: avviati i contatti, il club nerazzurro ci prova. L&#8217;esterno del Werder Brema ritroverebbe cos\u00ec Cristiano <strong>Giuntoli<\/strong>, vecchia conoscenza gi\u00e0 ai tempi della Juventus. <strong>Il suo arrivo non escluderebbe per\u00f2 l&#8217;acquisto di Rowe<\/strong><\/p>\n<p>10:45<\/p>\n<p>Atalanta, si insiste per Cabal della Juventus<\/p>\n<p>L&#8217;Atalanta insiste per <strong>Cabal <\/strong>della <strong>Juventus<\/strong>. Sul tema esterno se non dovesse uscire una pedina in casa nerazzurra ne arriver\u00e0 solamente uno: <strong>Mbangoula, Rowe e Salemakers<\/strong> i profili attenzionati. Se dovesse uscire qualcuno &#8211; un indiziato potrebbe essere <strong>Raspadori <\/strong>&#8211; si cerca un profilo pi\u00f9 strutturato. In quel caso le pedine in arrivo potrebbero essere due.\u00a0<\/p>\n<p>10:41<\/p>\n<p>Juventus, nuovi contatti per David con l&#8217;Atletico Madrid<\/p>\n<p>In casa <strong>Juventus<\/strong>, nuovi contatti per la cessione di <strong>David <\/strong>con <strong>l&#8217;Atletico Madrid<\/strong>. Da capire se oggi ci saranno nuovi sviluppi sull&#8217;attaccante canandese.<\/p>\n<p>10:40<\/p>\n<p>Sassuolo, in definizione l&#8217;arrivo di Caleta-Car dal Lione<\/p>\n<p>Il <strong>Sassuolo <\/strong>sta definendo l&#8217;arrivo di <strong>Duje Caleta-Car<\/strong> dal Lione. Al club francese andranno circa<strong> 2 milioni<\/strong>, pronti invece per <strong>2 anni di contratto<\/strong> per il difensore. Nella passata stagione il classe 1996 ha giocato in prestito alla Real Sociedad e ha collezionato 27 presenze e un gol ne LaLiga<\/p>\n<p>10:30<\/p>\n<p>Juve in pressing su Pape Sarr del Tottenham: contatti positivi<\/p>\n<p>La <strong>Juventus <\/strong>vuole potenziare il centrocampo e sta pensando a <strong>Pape Sarr<\/strong>, centrocampista classe 2002. Dopo i problemi fisici di Khephren Thuram, infatti, i bianconeri sono alla ricerca di un rinforzo in mediana e continua il pressing sul Tottenham per il prestito<\/p>\n<p>10:20<\/p>\n<p>Milan, il Galatasaray torna su Fofana: sondaggio per il prestito<\/p>\n<p>Dopo il tentativo non andato a buon fine dello scorso gennaio, il <strong>Galatasaray<\/strong> \u00e8 tornato sulle tracce di <strong>Youssouf Fofana<\/strong>. Dopo aver prelevato dai rossoneri Rafael Leao, il club turco ha sondato il terreno per un possibile prestito del francese, ma al momento non ha ancora presentato alcuna offerta ufficiale al Milan. Sul centrocampista ex Monaco anche sondaggi di diversi club di Premier League.<\/p>\n<p>10:18<\/p>\n<p>Roma, lo Stoccarda rifiuta la prima offerta per Leweling<\/p>\n<p>Lo <strong>Stoccarda<\/strong> ha rifiutato la prima offerta della <strong>Roma<\/strong> per <strong>Jamie Leweling<\/strong>. La proposta della Roma allo Stoccarda per Leweling prevedeva un <strong>prestito oneroso da 5 milioni<\/strong> con un <strong>obbligo di riscatto condizionato fissato a 35<\/strong>.<\/p>\n<p>10:10<\/p>\n<p>Serie A, ufficiali due cessioni all&#8217;estero: Pedersen all&#8217;Olympiacos, Asllani all&#8217;Al Jazira<\/p>\n<p>Tutti gli acquisti ufficiali all&#8217;estero<\/p>\n<p><a href=\"https:\/\/sport.sky.it\/calciomercato\/calciomercato-2026-acquisti-ufficiali-estero-estate#00\" title=\"Calciomercato Torino, ufficiale la cessione di Pedersen: i dettagli\" class=\"lvbg-post-link\" data-intcmp=\"skysport_liveblog_liveblog-preview_null\" data-analytics-element=\"liveblog-preview\" rel=\"nofollow noopener\" target=\"_blank\"><img alt=\"Calciomercato Torino, ufficiale la cessione di Pedersen: i dettagli\" style=\"opacity:0;transition:opacity 0.3s\" class=\"lvbg-post-link__image\"\/>Calciomercato Torino, ufficiale la cessione di Pedersen: i dettagliVai al contenuto <\/a><\/p>\n<p>10:00<\/p>\n<p>Roma-De Roon, operazione in chiusura. El Aynaoui verso il Lipsia<\/p>\n<p><strong>Roma e Atalanta<\/strong> stanno definendo il trasferimento di Marten <strong>De Roon<\/strong> in giallorosso. Il giocatore ha infatti chiesto la cessione e il club nerazzurro ha deciso di accontentarlo. Sar\u00e0 lui a sostituire Neil <strong>El Aynaoui<\/strong>, che si prepara a trasferirsi al <strong>Lipsia<\/strong>. Per l&#8217;esterno d&#8217;attacco, invece, piacciono <strong>Luiz Henrique<\/strong> dello Zenit e <strong>Jamie Leweling<\/strong> dello Stoccarda<\/p>\n<p><a href=\"https:\/\/sport.sky.it\/calciomercato\/2026\/08\/30\/roma-de-roon-calciomercato-news\" title=\"El Aynaoui verso il Lipsia, De Roon in chiusura alla Roma\" class=\"lvbg-post-link\" data-intcmp=\"skysport_liveblog_liveblog-preview_null\" data-analytics-element=\"liveblog-preview\" rel=\"nofollow noopener\" target=\"_blank\"><img alt=\"El Aynaoui verso il Lipsia, De Roon in chiusura alla Roma\" style=\"opacity:0;transition:opacity 0.3s\" class=\"lvbg-post-link__image\"\/>El Aynaoui verso il Lipsia, De Roon in chiusura alla RomaVai al contenuto <\/a><\/p>\n<p>09:56<\/p>\n<p>Juventus, in chiusura Pape Sarr<\/p>\n<p>La <strong>Juventus<\/strong> \u00e8 sempre pi\u00f9 vicina a <strong>Pape Sarr<\/strong>. La trattativa con il <strong>Tottenham<\/strong> per il centrocampista \u00e8 in definizione: affare in chiusura<\/p>\n<p>09:50<\/p>\n<p>E nel frattempo Leao \u00e8 in Turchia: &#8220;Al Milan mi sono sentito a casa, ringrazio i tifosi&#8221;<\/p>\n<p>Rafael <strong>Leao <\/strong>\u00e8 pronto a iniziare una nuova avventura dopo 7 anni di <strong>Milan<\/strong>. Il portoghese \u00e8 atterrato a Istanbul, dove svolger\u00e0 nelle prossime ore le visite mediche e firmer\u00e0 il suo nuovo contratto con il Galatasaray. &#8220;<strong>Volevo ringraziare tutti i tifosi<\/strong>, mi sarebbe piaciuto salutarli per l&#8217;ultima volta sul campo di San Siro ma non \u00e8 stato possibile. A Milano mi sono sempre sentito a casa&#8221;, ha detto Leao prima di partire<\/p>\n<p>09:45<\/p>\n<p>Fulham, contatti in corso per Soul\u00e9 della Roma<\/p>\n<p>Il <strong>Fulham<\/strong> ha messo nel mirino Matias <strong>Soul\u00e9<\/strong> e ha avviato i contatti con la Roma per il cartellino dell&#8217;argentino. Per questo il club giallorosso segue diversi nomi per l&#8217;attacco, visto che potrebbe dover acquistare due giocatori in queste ultime ore di mercato. Piacciono <strong>Luiz Henrique<\/strong> dello Zenit, <strong>Jamie Gittens<\/strong> del Chelsea e <strong>Jamie Leweling<\/strong> dello Stoccarda. La prima offerta della Roma per quest&#8217;ultimo, per\u00f2, \u00e8 stata giudicata insufficiente dal club tedesco<\/p>\n<p>09:40<\/p>\n<p>Milan-Hutchinson, accordo col Nottingham Forest definito nelle prossime ore<\/p>\n<p>Il <strong>Milan <\/strong>si avvicina a Omari <strong>Hutchinson<\/strong>. L&#8217;accordo con il Nottingham Forest verr\u00e0 formalmente definito nelle prossime ore e il club sta gi\u00e0 organizzando il viaggio del giocatore per domenica. <strong>L&#8217;operazione resta impostata su un prestito oneroso con diritto di riscatto<\/strong> che pu\u00f2 diventare obbligo al verificarsi di determinate condizioni<\/p>\n<p>09:33<\/p>\n<p>Roma, contatti con il Fulham per Soul\u00e8<\/p>\n<p>La <strong>Roma <\/strong>lavora anche alle uscite. Nelle ultime ore contatti con il <strong>Fulham <\/strong>per la cessione di <strong>Matias Soul\u00e8<\/strong> verso la Premier League. In caso di partenza dell&#8217;argentino i primi nomi per sostituirlo sono <strong>Leweling <\/strong>dello <strong>Stoccarda <\/strong>e <strong>Gittens <\/strong>del <strong>Chelsea<\/strong>. Sullo sfondo rimane <strong>Luiz Henrique <\/strong>dello <strong>Zenit<\/strong>.\u00a0<\/p>\n<p>09:30<\/p>\n<p>Juventus, Carnevali: &#8220;Non un \u00e8 un problema economico ma di parametri Uefa&#8221;<\/p>\n<p>Prima dell&#8217;inizio della sfida contro il Parma, l&#8217;amministratore delegato della Juventus Giovanni <strong>Carnevali<\/strong> ha parlato proprio della trattativa per il centrocampista ivoriano: &#8220;Per Kessie \u00e8 molto semplice. <strong>\u00c8 un giocatore che a me interessava. Abbiamo trattato per pi\u00f9 giorni con lui<\/strong>. Dobbiamo tener presente che abbiamo il <strong>settlement agreement<\/strong>. Ho la fortuna di lavorare con Massara e Ottolini e anche con il mister c\u2019\u00e8 un rapporto eccezionale. Abbiamo una grande propriet\u00e0 e quindi <strong>non \u00e8 un problema economico ma di parametri che la Uefa ci impone<\/strong>. A volte \u00e8 complicato. Oggi bisogna tenere conto del giocatore che si vende per acquistare. Con Kessi\u00e9 si pensava di poter chiudere perch\u00e9 noi siamo riusciti con tante difficolt\u00e0 a trovare cosa aveva richiesto. Probabilmente, lo penso io, <strong>non era cos\u00ec grande o l\u2019interesse del giocatore o da parte del procuratore<\/strong>&#8220;.<\/p>\n<p>Leggi di pi\u00f9 <\/p>\n<p>09:20<\/p>\n<p>E tra questi, c&#8217;\u00e8 anche il clamoroso ritorno di Kessie all&#8217;Atalanta<\/p>\n<p>Franck <strong>Kessie <\/strong>\u00e8 di nuovo un giocatore dell&#8217;<strong>Atalanta<\/strong>. Poche ore dopo il no all&#8217;offerta della Juventus la soprendente svolta con il centrocampista ivoriano che torna a vestire la maglia nerazzurra dopo 9 anni. <strong>Il classe 1996 ha firmato un contratto di 3 anni con opzione per il rinnovo<\/strong><\/p>\n<p><a href=\"https:\/\/sport.sky.it\/calciomercato\/2026\/08\/29\/kessie-calciomercato-news\" title=\"Atalanta, ufficiale il clamoroso ritorno di Kessie\" class=\"lvbg-post-link\" data-intcmp=\"skysport_liveblog_liveblog-preview_null\" data-analytics-element=\"liveblog-preview\" rel=\"nofollow noopener\" target=\"_blank\"><img alt=\"Atalanta, ufficiale il clamoroso ritorno di Kessie\" style=\"opacity:0;transition:opacity 0.3s\" class=\"lvbg-post-link__image\"\/>Atalanta, ufficiale il clamoroso ritorno di KessieVai al contenuto <\/a><\/p>\n<p>09:10<\/p>\n<p>Ricci, Esposito e non solo: tutti gli acquisti ufficiali in Serie A<\/p>\n<p>Sono stati ben 5 gli acquisti ufficiali in Serie A ieri: ecco tutti i nomi<\/p>\n<p><a href=\"https:\/\/sport.sky.it\/calciomercato\/calciomercato-serie-a-estate-2026-acquisti-ufficiali\" title=\"Serie A, sono quattro le ufficialit\u00e0 del sabato\" class=\"lvbg-post-link\" data-intcmp=\"skysport_liveblog_liveblog-preview_null\" data-analytics-element=\"liveblog-preview\" rel=\"nofollow noopener\" target=\"_blank\"><img alt=\"Serie A, sono quattro le ufficialit\u00e0 del sabato\" style=\"opacity:0;transition:opacity 0.3s\" class=\"lvbg-post-link__image\"\/>Serie A, sono quattro le ufficialit\u00e0 del sabatoVai al contenuto <\/a><\/p>\n<p>09:08<\/p>\n<p>Gimenez-Porto, c&#8217;\u00e8 l&#8217;ok del Milan: ultimi dettagli<\/p>\n<p>Santiago <strong>Gimenez<\/strong> si prepara a lasciare il Milan per trasferirsi al <strong>Porto<\/strong>. Nella notte \u00e8 arrivato l&#8217;ok dei rossoneri all&#8217;ultima offerta del club portoghese e ora restano soltanto da sistemare <strong>i dettagli finali<\/strong>, poi Gimenez sar\u00e0 autorizzato a viaggiare e sostenere <strong>le visite mediche<\/strong><\/p>\n<p>09:05<\/p>\n<p>Njie-Fiorentina, attesa per le visite mediche<\/p>\n<p><strong>Fiorentina e Torino sono<\/strong> <strong>allo scambio dei documenti per\u00a0Alieu Njie<\/strong>. In mattinata lo svedese sosterr\u00e0 le visite mediche col club toscano, prima di mettere la propria firma sul contratto che lo legher\u00e0 ai viola. <strong>Operazione da 16 milioni pi\u00f9 2 di bonus e il 15% sulla rivendita<\/strong><\/p>\n","protected":false},"excerpt":{"rendered":"\\n Juventus, in chiusura l&#8217;arrivo di Pape Sarr \\n Mercato estero, gli acquisti ufficiali estivi: Leao al Galatasaray&hellip;\n","protected":false},"author":3,"featured_media":612905,"comment_status":"","ping_status":"","sticky":false,"template":"","format":"standard","meta":{"footnotes":"","_share_on_mastodon":"0"},"categories":[176],"tags":[7724,569,586,6300,6295,6293,6294,3705,2263,5281,6298,350,1537,90,89,558,5188,6296,553,11121,248,6301,6299,245,244,1641,2817,222],"class_list":["post-656660","post","type-post","status-publish","format-standard","has-post-thumbnail","category-sport","tag-as-roma","tag-atalanta","tag-bologna","tag-cagliari","tag-calciomercato-estero","tag-calciomercato-serie-a","tag-calciomercato-serie-b","tag-como","tag-fiorentina","tag-frosinone","tag-genoa","tag-inter","tag-it","tag-italia","tag-italy","tag-juventus","tag-lazio","tag-lecce","tag-milan","tag-monza","tag-napoli","tag-parma","tag-sassuolo","tag-sport","tag-sports","tag-torino","tag-udinese","tag-venezia"],"share_on_mastodon":{"url":"https:\/\/pubeurope.com\/@it\/117185104137201866","error":""},"_links":{"self":[{"href":"https:\/\/www.europesays.com\/it\/wp-json\/wp\/v2\/posts\/656660","targetHints":{"allow":["GET"]}}],"collection":[{"href":"https:\/\/www.europesays.com\/it\/wp-json\/wp\/v2\/posts"}],"about":[{"href":"https:\/\/www.europesays.com\/it\/wp-json\/wp\/v2\/types\/post"}],"author":[{"embeddable":true,"href":"https:\/\/www.europesays.com\/it\/wp-json\/wp\/v2\/users\/3"}],"replies":[{"embeddable":true,"href":"https:\/\/www.europesays.com\/it\/wp-json\/wp\/v2\/comments?post=656660"}],"version-history":[{"count":0,"href":"https:\/\/www.europesays.com\/it\/wp-json\/wp\/v2\/posts\/656660\/revisions"}],"wp:featuredmedia":[{"embeddable":true,"href":"https:\/\/www.europesays.com\/it\/wp-json\/wp\/v2\/media\/612905"}],"wp:attachment":[{"href":"https:\/\/www.europesays.com\/it\/wp-json\/wp\/v2\/media?parent=656660"}],"wp:term":[{"taxonomy":"category","embeddable":true,"href":"https:\/\/www.europesays.com\/it\/wp-json\/wp\/v2\/categories?post=656660"},{"taxonomy":"post_tag","embeddable":true,"href":"https:\/\/www.europesays.com\/it\/wp-json\/wp\/v2\/tags?post=656660"}],"curies":[{"name":"wp","href":"https:\/\/api.w.org\/{rel}","templated":true}]}}