{"id":656673,"date":"2026-08-30T15:18:15","date_gmt":"2026-08-30T15:18:15","guid":{"rendered":"https:\/\/www.europesays.com\/it\/656673\/"},"modified":"2026-08-30T15:18:15","modified_gmt":"2026-08-30T15:18:15","slug":"chiara-ferragni-con-la-maschera-per-lossigeno-ecco-cosa-e-successo","status":"publish","type":"post","link":"https:\/\/www.europesays.com\/it\/656673\/","title":{"rendered":"Chiara Ferragni con la maschera per l&#8217;ossigeno: ecco cosa \u00e8 successo"},"content":{"rendered":"<p>                                Preoccupazione per l&#8217;influencer durante il suo viaggio in Sud America con il fidanzato, Jose Hernandez<\/p>\n<p>                    30 agosto &#8211; 16:42  &#8211; MILANO<\/p>\n<p class=\"paragraph\" spellcheck=\"true\">Momenti di grande apprensione per <a href=\"https:\/\/www.gazzetta.it\/spettacolo-tv-gossip\/27-08-2026\/chiara-ferragni-e-jose-hernandes-insieme-a-machu-picchu.shtml?intcmp=hyperlink-articolo-gazit\" title=\"Chiara Ferragni: amore ad alta quota tra le rovine di Machu Picchu insieme a Jose Hernandez\" rel=\"nofollow noopener\" target=\"_blank\">Chiara Ferragni<\/a> durante la sua romantica e avventurosa <a href=\"https:\/\/www.gazzetta.it\/spettacolo-tv-gossip\/storie\/23-08-2026\/chiara-ferragni-il-viaggio-in-peru-continua-tra-lusso-terremoti-e-tarantole\/\" title=\"Chiara Ferragni in Per\u00f9: la camera senza pareti, il terremoto, la tarantola\" rel=\"nofollow noopener\" target=\"_blank\">vacanza in Per\u00f9 insieme al fidanzato Jos\u00e9 Hernandez<\/a>. L&#8217;imprenditrice digitale, arrivata a toccare i <b>5.036 metri di quota<\/b> durante l&#8217;escursione alla celebre <b>Montagna Arcobaleno<\/b> (Vinicunca), ha fatto spaventare i suoi follower mostrandosi su Instagram con <b>una maschera per l&#8217;ossigeno in un albergo di Cusco<\/b>. Dopo essersi vantata con il compagno per aver resistito alle altitudini estreme senza l&#8217;ausilio di farmaci preventivi, <b>la situazione \u00e8 precipitata improvvisamente al rientro in citt\u00e0<\/b>, subito dopo aver mangiato una pizza.<\/p>\n<p>    chiara ferragni si sente male in per\u00f9\u2014 \u00a0<\/p>\n<p class=\"paragraph is-inline\" spellcheck=\"true\">Il malessere si \u00e8 manifestato in modo fulmineo, cogliendo l&#8217;influencer del tutto impreparata. Come lei stessa ha raccontato sui social per tranquillizzare i fan, i sintomi tipici del mal d&#8217;altitudine si sono tradotti in una <b>forte vampata di calore<\/b> e in un <b>senso di smarrimento<\/b>: &#8220;Una botta di calore, <b>come se il corpo non rispondesse bene<\/b>&#8220;, ha spiegato Chiara, aggiungendo di essere piombata nel panico quando &#8220;<b>mi sembrava di non respirare bene<\/b>, che i polmoni non si aprissero bene e che le braccia non mi rispondessero&#8221;. Fortunatamente, la presenza di alcuni amici medici nel gruppo e la perfetta attrezzatura degli hotel locali <b>hanno evitato il peggio<\/b>.<\/p>\n<p><a class=\"is-partner-link\" href=\"https:\/\/gazzaplay.gazzetta.it\/?intcmp=cta_articolo\" rel=\"nofollow noopener\" target=\"_blank\">Quanto ne sai di sport? Metti alla prova la tua abilit\u00e0 e gioca su GazzaPlay<\/a><\/p>\n<p>    chiara ferragni: mai sentirsi una figa\u2014 \u00a0<\/p>\n<p class=\"paragraph is-inline\" spellcheck=\"true\">Superato lo spavento iniziale <b>grazie a circa un quarto d&#8217;ora di ossigeno terapeutico<\/b>, la Ferragni \u00e8 tornata a scherzare sull&#8217;accaduto, liquidando la disavventura con autoironia e con una massima social che \u00e8 gi\u00e0 diventata virale. Sottolineando come <b>ogni volta che si vanti della propria resistenza la sfiga sia sempre dietro l&#8217;angolo<\/b>, l&#8217;imprenditrice ha voluto lasciare una chiara morale ai suoi ammiratori: &#8220;Lezione del giorno: <b>mai sentirsi una figa<\/b>&#8220;. Un piccolo incidente di percorso che le \u00e8 servito da lezione, ricordandole che di fronte alla maestosit\u00e0 delle Ande la prudenza non \u00e8 mai troppa.<\/p>\n<p class=\"is-above-copyright is-mr-r-10\" spellcheck=\"true\">La Gazzetta dello Sport<\/p>\n<p class=\"is-copyright\">\u00a9 RIPRODUZIONE RISERVATA<\/p>\n","protected":false},"excerpt":{"rendered":"Preoccupazione per l&#8217;influencer durante il suo viaggio in Sud America con il fidanzato, Jose Hernandez 30 agosto &#8211;&hellip;\n","protected":false},"author":3,"featured_media":656674,"comment_status":"","ping_status":"","sticky":false,"template":"","format":"standard","meta":{"footnotes":"","_share_on_mastodon":"0"},"categories":[6],"tags":[500,362288,15085,40,1774,14,1778,5226,161075,8,12523,1233,2734,1537,90,89,10324,20583,259756,7,15,82,9,83,10,58923,6274,22439,362287,1686,13,11,80,84,12,81,85],"class_list":["post-656673","post","type-post","status-publish","format-standard","has-post-thumbnail","category-ultime-notizie","tag-accaduto","tag-accaduto-liquidando","tag-calore","tag-chiara","tag-chiara-ferragni","tag-cronaca","tag-ferragni","tag-fidanzato","tag-figa","tag-headlines","tag-hernandez","tag-imprenditrice","tag-influencer","tag-it","tag-italia","tag-italy","tag-lezione","tag-maschera","tag-maschera-ossigeno","tag-news","tag-notizie","tag-notizie-di-cronaca","tag-notizie-principali","tag-notiziedicronaca","tag-notizieprincipali","tag-ossigeno","tag-peru","tag-sentirsi","tag-sentirsi-figa","tag-social","tag-titoli","tag-ultime-notizie","tag-ultime-notizie-di-cronaca","tag-ultime-notizie-e-news-di-oggi","tag-ultimenotizie","tag-ultimenotiziedicronaca","tag-ultimenotizieenewsdioggi"],"share_on_mastodon":{"url":"","error":"Validation failed: Text character limit of 500 exceeded"},"_links":{"self":[{"href":"https:\/\/www.europesays.com\/it\/wp-json\/wp\/v2\/posts\/656673","targetHints":{"allow":["GET"]}}],"collection":[{"href":"https:\/\/www.europesays.com\/it\/wp-json\/wp\/v2\/posts"}],"about":[{"href":"https:\/\/www.europesays.com\/it\/wp-json\/wp\/v2\/types\/post"}],"author":[{"embeddable":true,"href":"https:\/\/www.europesays.com\/it\/wp-json\/wp\/v2\/users\/3"}],"replies":[{"embeddable":true,"href":"https:\/\/www.europesays.com\/it\/wp-json\/wp\/v2\/comments?post=656673"}],"version-history":[{"count":0,"href":"https:\/\/www.europesays.com\/it\/wp-json\/wp\/v2\/posts\/656673\/revisions"}],"wp:featuredmedia":[{"embeddable":true,"href":"https:\/\/www.europesays.com\/it\/wp-json\/wp\/v2\/media\/656674"}],"wp:attachment":[{"href":"https:\/\/www.europesays.com\/it\/wp-json\/wp\/v2\/media?parent=656673"}],"wp:term":[{"taxonomy":"category","embeddable":true,"href":"https:\/\/www.europesays.com\/it\/wp-json\/wp\/v2\/categories?post=656673"},{"taxonomy":"post_tag","embeddable":true,"href":"https:\/\/www.europesays.com\/it\/wp-json\/wp\/v2\/tags?post=656673"}],"curies":[{"name":"wp","href":"https:\/\/api.w.org\/{rel}","templated":true}]}}