{"id":656697,"date":"2026-08-30T15:44:18","date_gmt":"2026-08-30T15:44:18","guid":{"rendered":"https:\/\/www.europesays.com\/it\/656697\/"},"modified":"2026-08-30T15:44:18","modified_gmt":"2026-08-30T15:44:18","slug":"cipro-del-nord-affonda-un-traghetto-con-267-persone-a-bordo-almeno-7-morti-237-tratte-in-salvo-si-cercano-23-dispersi","status":"publish","type":"post","link":"https:\/\/www.europesays.com\/it\/656697\/","title":{"rendered":"Cipro del Nord, affonda un traghetto con 267 persone a bordo: \u00abAlmeno 7 morti, 237 tratte in salvo\u00bb. Si cercano 23 dispersi"},"content":{"rendered":"<p>    di<br \/>\n    Silvia Morosi<\/p>\n<p class=\"summary-art is-line-h-12\">Un traghetto passeggeri partito dal porto di Kyrenia\/Girne si \u00e8 capovolto al largo della costa. Il sindaco di Girne: \u00abTratte in salvo 237 persone\u00bb<\/p>\n<p class=\"chapter-paragraph\">Un traghetto passeggeri della compagnia Filo Denizcilik\u00a0<b>in viaggio da Girne a Tasucu, <\/b>si \u00e8 capovolto domenica mattina dopo aver imbarcato acqua al largo della costa settentrionale di Cipro. Sul posto sono intervenute navi della Guardia Costiera, elicotteri e imbarcazioni civili, mentre le ambulanze attendevano al porto di Girne (nota anche come\u00a0Kyrenia).\u00a0<\/p>\n<p class=\"chapter-paragraph\"><b>Secondo le autorit\u00e0 a bordo c&#8217;erano tra 259 passeggeri e otto membri dell&#8217;equipaggio (<\/b>comunque al di sotto della capacit\u00e0 massima indicata per la nave):\u00a0<b>\u00abCi sono vittime nel naufragio, almeno sette<\/b>\u00bb, mentre <b>\u00ab237 persone sono state tratte in salvo e 23 risultano ancora disperse\u00bb<\/b>. Le ricerche proseguono\u00a0con droni e un aereo messo a disposizione da Ankara:\u00a0<br \/>\u00abSperiamo di ricevere notizie positive dalle operazioni di ricerca\u00bb, ha dichiarato il presidente turco <b>Recep Tayyip Erdogan,\u00a0<\/b>porgendo le sue <br \/>condoglianze alle famiglie delle vittime.\u00a0<br \/>&#13;<br \/>\n&#13;<br \/>\n&#13;<br \/>\n&#13;<br \/>\n&#13;<br \/>\n&#13;<br \/>\n&#13;<br \/>\n&#13;<br \/>\n&#13;<br \/>\n&#13;<br \/>\n&#13;<br \/>\n&#13;<br \/>\n&#13;<br \/>\n&#13;<br \/>\n&#13;<br \/>\n&#13;<br \/>\n&#13;<br \/>\n&#13;<br \/>\n&#13;<br \/>\n&#13;<br \/>\n&#13;<br \/>\n&#13;<br \/>\n&#13;<br \/>\n&#13;<br \/>\n&#13;<br \/>\n&#13;<br \/>\n&#13;<br \/>\n&#13;<br \/>\n&#13;<br \/>\n&#13;<br \/>\n&#13;<br \/>\n&#13;<br \/>\n&#13;<br \/>\n&#13;<br \/>\n&#13;<br \/>\n&#13;<br \/>\n&#13;<br \/>\n&#13;<br \/>\n&#13;<br \/>\n&#13;<br \/>\n&#13;<br \/>\n&#13;<br \/>\n&#13;<br \/>\n&#13;<br \/>\n&#13;<br \/>\n&#13;<br \/>\n&#13;<br \/>\n&#13;<br \/>\n&#13;<br \/>\n&#13;<br \/>\n&#13;<br \/>\n&#13;<br \/>\n&#13;\n<\/p>\n<p class=\"chapter-paragraph\">Le operazioni di soccorso sono in corso da ore, mentre il traghetto \u00e8 completamente affondato. \u00abSono state adottate tutte le misure necessarie per consentire una rapida risposta da parte dei servizi di soccorso e di quelli sanitari\u00bb, ha riferito il ministro dei <b>Lavori pubblici e dei<\/b> <b>Trasporti Erhan Arikli.\u00a0<\/b>Sono in corso verifiche sulla presenza di italiani a bordo del traghetto affondato, si apprende dalla Farnesina.<\/p>\n<p>        <img decoding=\"async\" class=\"is_full_image\" loading=\"lazy\" alt=\"Cipro del Nord, affonda un traghetto con 267 persone a bordo: \u00abAlmeno 7 morti, 237 tratte in salvo\u00bb. Si cercano 23 dispersi\" src=\"https:\/\/www.europesays.com\/it\/wp-content\/uploads\/2026\/08\/6a94471dd57a1.jpeg\" data-full-src=\"https:\/\/www.europesays.com\/it\/wp-content\/uploads\/2026\/08\/6a94471dd57a1.jpeg\"\/><\/p>\n<p class=\"chapter-paragraph\">L&#8217;imbarcazione aveva lanciato un segnale di soccorso alle 12.10, segnalando<br \/><b>un&#8217;infiltrazione d&#8217;acqua a circa tre miglia a nord della costa di Cipro<\/b>,\u00a0<br \/>subito dopo aver lasciato il porto. Secondo il quotidiano Kibris Postasi, quando il traghetto si trovava a circa 2-2,5 chilometri dalla costa di Girne, il comandante si \u00e8 accorto che stava imbarcando acqua dalla prua e ha tentato di invertire la rotta, senza riuscirci.\u00a0La nave avrebbe dovuto raggiungere la Turchia ieri (sabato, ndr), ma \u00ab\u00e8 partita oggi a causa delle condizioni meteorologiche avverse. \u00c8 stata, per\u00f2, colpita da una prima onda in mare aperto e mentre il capitano cercava di riprendere il controllo la nave ha iniziato a imbarcare acqua dopo l&#8217;arrivo di una seconda onda\u00bb, spiega il<b> primo ministro della Repubblica turca di Cipro del Nord, Unal Ustel.<\/b><\/p>\n<p class=\"chapter-paragraph\">Le prime immagini diffuse sui social mostrano il mezzo rovesciato, con parte dello scafo ancora visibile sulla superficie del mare, e numerosi passeggeri in acqua <b>con i giubbotti di salvataggio. <\/b>Alcuni testimoni hanno riferito che, quando la nave ha cominciato a inclinarsi e a imbarcare acqua, molte persone si sono gettate in mare.\u00a0<b>Le autorit\u00e0 hanno aperto un&#8217;indagine <\/b>per stabilire se all&#8217;origine del naufragio vi sia stato un problema tecnico o strutturale, un&#8217;avaria o un altro fattore. Il vicepresidente turco <b>Cevdet Yilmaz<\/b> ha dichiarato che il Paese sta seguendo da vicino l&#8217;incidente e fornendo tutto il supporto necessario alle operazioni di ricerca e soccorso.<\/p>\n<p class=\"chapter-paragraph\">La rotta tra\u00a0Girne, a\u00a0Cipro del Nord, e Ta\u015fucu, in Turchia, attraversa il Mediterraneo in senso verticale, collegando la costa meridionale turca con la costa settentrionale dell&#8217;isola. <b>La distanza in linea d&#8217;aria lungo la tratta \u00e8 di circa 110-120 chilometri <\/b>(circa 59 miglia nautiche).<\/p>\n<p class=\"chapter-paragraph\">Articolo in aggiornamento&#8230;<\/p>\n<p>        <img decoding=\"async\" class=\"is_full_image\" loading=\"lazy\" alt=\"Cipro Nord, affonda un traghetto con 267 persone a bordo: \u00abAlmeno 7 vittime, 237 tratte in salvo\u00bb. Soccorsi in corso\" src=\"https:\/\/www.europesays.com\/it\/wp-content\/uploads\/2026\/08\/6a9430b900e95.jpeg\" data-full-src=\"https:\/\/www.europesays.com\/it\/wp-content\/uploads\/2026\/08\/6a9430b900e95.jpeg\"\/><\/p>\n<p>        <img decoding=\"async\" class=\"is_full_image\" loading=\"lazy\" alt=\"Cipro del Nord, affonda un traghetto con 267 persone a bordo: \u00abAlmeno 7 morti, 237 tratte in salvo\u00bb. Soccorsi in corso\" src=\"https:\/\/www.europesays.com\/it\/wp-content\/uploads\/2026\/08\/6a943b5ca6693.jpeg\" data-full-src=\"https:\/\/www.europesays.com\/it\/wp-content\/uploads\/2026\/08\/6a943b5ca6693.jpeg\"\/><\/p>\n<p class=\"is-last-update\" datetime=\"2026-08-30T17:11:39+02:00\">30 agosto 2026 ( modifica il 30 agosto 2026 | 17:11)<\/p>\n<p class=\"is-copyright\">\n            \u00a9 RIPRODUZIONE RISERVATA\n        <\/p>\n","protected":false},"excerpt":{"rendered":"di Silvia Morosi Un traghetto passeggeri partito dal porto di Kyrenia\/Girne si \u00e8 capovolto al largo della costa.&hellip;\n","protected":false},"author":3,"featured_media":656698,"comment_status":"","ping_status":"","sticky":false,"template":"","format":"standard","meta":{"footnotes":"","_share_on_mastodon":"0"},"categories":[160],"tags":[412,6165,839,12672,917,8650,267386,2225,49401,362290,790,6985,107438,14,164,165,766,362289,362291,362292,362293,7810,326386,2050,6172,166,6994,13402,7,101,15,9167,892,307182,11021,2755,614,11115,36297,136446,11,167,12,168,161,162,163],"class_list":["post-656697","post","type-post","status-publish","format-standard","has-post-thumbnail","category-mondo","tag-acqua","tag-affondato","tag-almeno","tag-aperto","tag-autorita","tag-bordo","tag-capovolto","tag-chilometri","tag-cipro","tag-cipro-nord","tag-corso","tag-costa","tag-costa-settentrionale","tag-cronaca","tag-dal-mondo","tag-dalmondo","tag-dichiarato","tag-girne","tag-imbarcare","tag-imbarcare-acqua","tag-kyrenia","tag-largo","tag-largo-costa","tag-mare","tag-miglia","tag-mondo","tag-naufragio","tag-nave","tag-news","tag-nord","tag-notizie","tag-onda","tag-operazioni","tag-operazioni-ricerca","tag-passeggeri","tag-porto","tag-ricerca","tag-soccorso","tag-traghetto","tag-tratte","tag-ultime-notizie","tag-ultime-notizie-di-mondo","tag-ultimenotizie","tag-ultimenotiziedimondo","tag-world","tag-world-news","tag-worldnews"],"share_on_mastodon":{"url":"","error":"Validation failed: Text character limit of 500 exceeded"},"_links":{"self":[{"href":"https:\/\/www.europesays.com\/it\/wp-json\/wp\/v2\/posts\/656697","targetHints":{"allow":["GET"]}}],"collection":[{"href":"https:\/\/www.europesays.com\/it\/wp-json\/wp\/v2\/posts"}],"about":[{"href":"https:\/\/www.europesays.com\/it\/wp-json\/wp\/v2\/types\/post"}],"author":[{"embeddable":true,"href":"https:\/\/www.europesays.com\/it\/wp-json\/wp\/v2\/users\/3"}],"replies":[{"embeddable":true,"href":"https:\/\/www.europesays.com\/it\/wp-json\/wp\/v2\/comments?post=656697"}],"version-history":[{"count":0,"href":"https:\/\/www.europesays.com\/it\/wp-json\/wp\/v2\/posts\/656697\/revisions"}],"wp:featuredmedia":[{"embeddable":true,"href":"https:\/\/www.europesays.com\/it\/wp-json\/wp\/v2\/media\/656698"}],"wp:attachment":[{"href":"https:\/\/www.europesays.com\/it\/wp-json\/wp\/v2\/media?parent=656697"}],"wp:term":[{"taxonomy":"category","embeddable":true,"href":"https:\/\/www.europesays.com\/it\/wp-json\/wp\/v2\/categories?post=656697"},{"taxonomy":"post_tag","embeddable":true,"href":"https:\/\/www.europesays.com\/it\/wp-json\/wp\/v2\/tags?post=656697"}],"curies":[{"name":"wp","href":"https:\/\/api.w.org\/{rel}","templated":true}]}}