{"id":656701,"date":"2026-08-30T15:46:15","date_gmt":"2026-08-30T15:46:15","guid":{"rendered":"https:\/\/www.europesays.com\/it\/656701\/"},"modified":"2026-08-30T15:46:15","modified_gmt":"2026-08-30T15:46:15","slug":"svizzera-spari-a-un-rave-party-morta-una-ragazza-italiana-5-feriti-e-killer-in-fuga","status":"publish","type":"post","link":"https:\/\/www.europesays.com\/it\/656701\/","title":{"rendered":"Svizzera, spari a un rave party: morta una ragazza italiana, 5 feriti e killer in fuga"},"content":{"rendered":"<p>Colpi d&#8217;arma da fuoco sono stati esplosi contro la folla presente all&#8217;ippodromo di Schachen, nel canton Argovia in Svizzera, dove era in corso un rave party. Una ragazza italiana di 22 anni \u00e8 morta e altre cinqui giovani (quattro ragazzi e una ragazza di et\u00e0 compresa tra 24 e 27 anni) sono ricoverati in ospedale con ferite di gravit\u00e0 variabile, da lievi a gravi. Anche due dei feriti, come anticipato dal Corriere della Sera, sarebbero italiani. Non \u00e8 ancora chiaro chi abbia sparato n\u00e9 quale sia il movente: un sospetto \u00e8 in fuga. La situazione resta confusa e dalle 3 di questa mattina \u00e8 in corso una vasta operazione delle forze dell&#8217;ordine. La giovane italia deceduta si chiamava Maria Spinelli, era originaria di Atri, in Abruzzo e lavorava in Svizzera.\u00a0<\/p>\n<p>\u00a0<\/p>\n<p>Il cordoglio di Meloni: &#8220;Seguiamo gli sviluppi&#8221;<\/p>\n<p>&#8220;Esprimo il mio pi\u00f9 profondo cordoglio per la morte di Maria Spinelli, la giovane italiana rimasta vittima della tragica sparatoria di Aarau, in Svizzera&#8221; ha affermato la presidente el Consiglio Giorgia Meloni. &#8220;Il mio pensiero &#8211; aggiunge &#8211; va anche agli altri feriti, tra i quali risultano due cittadini italiani, e a tutte le persone coinvolte in questa drammatica vicenda. Seguiamo con attenzione gli sviluppi attraverso la Farnesina e le nostre rappresentanze diplomatiche, confidando nel lavoro delle autorit\u00e0 svizzere per fare piena luce sull&#8217;accaduto e individuare i responsabili&#8221;.<\/p>\n<p>Chiesta ai testimoni la consegna di eventuali foto o video<\/p>\n<p>La polizia cantonale ha segnalato su X la presenza di &#8220;diverse persone colpite&#8221; e ha invitato la popolazione a tenersi lontana dall&#8217;area. Gli investigatori hanno inoltre chiesto a eventuali testimoni di consegnare video e fotografie dell&#8217;accaduto. I vigili del fuoco hanno isolato la zona per un ampio raggio. Sul posto sono intervenuti numerosi soccorritori, un elicottero Super Puma dell&#8217;esercito e l&#8217;unit\u00e0 cantonale specializzata negli interventi in caso di catastrofe.\u00a0<\/p>\n<p>\t\t\tI racconti dei testimoni<\/p>\n<p>\u00a0&#8220;Alle 2.30 la musica si \u00e8 interrotta improvvisamente e, dopo uno o due minuti, ho sentito degli spari. Pensavo fossero fuochi d&#8217;artificio e non ci ho dato peso&#8221;, ha raccontato al sito Blick un partecipante al rave party. Un uomo, accompagnato da una donna, gli ha detto di nascondersi dietro un frigorifero. &#8220;Mi sono chiesto perch\u00e9: pensavo ancora che fossero soltanto fuochi d&#8217;artificio&#8221;, ha spiegato. Quando \u00e8 uscito dalla tenda e ha attraversato il cortile ha sentito un proiettile rimbalzare sul tetto. &#8220;Sono corso verso la donna. Era stata colpita. Abbiamo cercato di rianimarla, ma \u00e8 morta dissanguata davanti ai nostri occhi&#8221;. Il testimone ha riferito che altri partecipanti avrebbero visto una sagoma armata con un fucile d&#8217;assalto nei pressi delle automobili parcheggiate, poi fuggita verso il bosco. L&#8217;uomo non ha per\u00f2 assistito direttamente alla scena. &#8220;Quando \u00e8 arrivata la polizia, ci hanno portati tutti in una palestra vicina e ci hanno interrogati. Sono appena tornato a casa. \u00c8 stato terribile&#8221;, ha aggiunto. Un&#8217;altra donna ha raccontato che un&#8217;amica presente al rave l&#8217;ha contattata intorno alle 4 del mattino per riferirle della sparatoria. Anche in questo caso, inizialmente i partecipanti avrebbero scambiato i colpi per fuochi d&#8217;artificio, dopo aver visto alcune scintille sul soffitto. Poi qualcuno ha gridato: &#8220;Tutti a terra!&#8221; e il gruppo si \u00e8 nascosto sotto la consolle del dj. Una delle presenti sarebbe successivamente uscita dal nascondiglio e avrebbe tentato, senza successo, di rianimare una donna distesa a terra.\u00a0<\/p>\n","protected":false},"excerpt":{"rendered":"Colpi d&#8217;arma da fuoco sono stati esplosi contro la folla presente all&#8217;ippodromo di Schachen, nel canton Argovia in&hellip;\n","protected":false},"author":3,"featured_media":656702,"comment_status":"","ping_status":"","sticky":false,"template":"","format":"standard","meta":{"footnotes":"","_share_on_mastodon":"0"},"categories":[6],"tags":[364,14,55368,8,1537,90,89,7,15,82,9,83,10,117910,19595,8093,13,11,80,84,12,81,85],"class_list":["post-656701","post","type-post","status-publish","format-standard","has-post-thumbnail","category-ultime-notizie","tag-collaboratori","tag-cronaca","tag-fps","tag-headlines","tag-it","tag-italia","tag-italy","tag-news","tag-notizie","tag-notizie-di-cronaca","tag-notizie-principali","tag-notiziedicronaca","tag-notizieprincipali","tag-rave-party","tag-sparatoria","tag-svizzera","tag-titoli","tag-ultime-notizie","tag-ultime-notizie-di-cronaca","tag-ultime-notizie-e-news-di-oggi","tag-ultimenotizie","tag-ultimenotiziedicronaca","tag-ultimenotizieenewsdioggi"],"share_on_mastodon":{"url":"","error":""},"_links":{"self":[{"href":"https:\/\/www.europesays.com\/it\/wp-json\/wp\/v2\/posts\/656701","targetHints":{"allow":["GET"]}}],"collection":[{"href":"https:\/\/www.europesays.com\/it\/wp-json\/wp\/v2\/posts"}],"about":[{"href":"https:\/\/www.europesays.com\/it\/wp-json\/wp\/v2\/types\/post"}],"author":[{"embeddable":true,"href":"https:\/\/www.europesays.com\/it\/wp-json\/wp\/v2\/users\/3"}],"replies":[{"embeddable":true,"href":"https:\/\/www.europesays.com\/it\/wp-json\/wp\/v2\/comments?post=656701"}],"version-history":[{"count":0,"href":"https:\/\/www.europesays.com\/it\/wp-json\/wp\/v2\/posts\/656701\/revisions"}],"wp:featuredmedia":[{"embeddable":true,"href":"https:\/\/www.europesays.com\/it\/wp-json\/wp\/v2\/media\/656702"}],"wp:attachment":[{"href":"https:\/\/www.europesays.com\/it\/wp-json\/wp\/v2\/media?parent=656701"}],"wp:term":[{"taxonomy":"category","embeddable":true,"href":"https:\/\/www.europesays.com\/it\/wp-json\/wp\/v2\/categories?post=656701"},{"taxonomy":"post_tag","embeddable":true,"href":"https:\/\/www.europesays.com\/it\/wp-json\/wp\/v2\/tags?post=656701"}],"curies":[{"name":"wp","href":"https:\/\/api.w.org\/{rel}","templated":true}]}}