{"id":656714,"date":"2026-08-30T16:03:16","date_gmt":"2026-08-30T16:03:16","guid":{"rendered":"https:\/\/www.europesays.com\/it\/656714\/"},"modified":"2026-08-30T16:03:16","modified_gmt":"2026-08-30T16:03:16","slug":"brugherio-alberto-ravagnani-lex-prete-influencer-a-ballando-con-le-stelle","status":"publish","type":"post","link":"https:\/\/www.europesays.com\/it\/656714\/","title":{"rendered":"Brugherio, Alberto Ravagnani: l&#8217;ex prete influencer a Ballando con le Stelle"},"content":{"rendered":"<p class=\"wp-block-paragraph\"><strong>Il brugherese Alberto Ravagnani \u00e8 un nuovo concorrente di Ballando con le Stelle.<\/strong> Nel mese di febbraio l\u2019annuncio della decisione di <strong>lasciare il sacerdozio<\/strong> e la pubblicazione di <strong>un libro<\/strong> per spiegare le ragioni. <\/p>\n<p>Brugherio, Alberto Ravagnani e il tempo per ballare: il viaggio<\/p>\n<p class=\"wp-block-paragraph\">Poi<strong> la partenza per la Thailandia <\/strong>per un viaggio ed esperienze documentate sui social su cui ha perso il \u201cdon\u201d nel nome ma continua a essere \u201cinfluencer\u201d parlando al suo pubblico. Infine, dopo giorni di indicrezioni come sempre si dice in questi casi, il video per comunicare la prossima partecipazione al programma di Rai 1.<\/p>\n<p class=\"wp-block-paragraph\">\u201cCombattere e ballare, sono le due cose che ho sempre rimpianto di non sapere fare \u2013 ha spiegato \u2013 Sembrano opposte, ma in realta sono due modi per far parlare il corpo. Ho sempre detto tante parole, adesso \u00e8 il momento in cui voglio riappropriarmi del mio corpo e dargli voce. Sono in Thailandia per imparare a combattere, tra un po\u2019 sar\u00f2 su Ra1 per imparare a ballare\u201d.<\/p>\n<p><img loading=\"lazy\" decoding=\"async\" width=\"997\" height=\"550\" src=\"https:\/\/www.europesays.com\/it\/wp-content\/uploads\/2026\/08\/alberto-ravagnani-2.jpg\" alt=\"Alberto Ravagnani, originario di Brugherio \" class=\"wp-image-461804\"  \/>Alberto Ravagnani, originario di Brugherio <\/p>\n<p>Brugherio, Alberto Ravagnani e il tempo per ballare: le critiche<\/p>\n<p class=\"wp-block-paragraph\">Una scelta<strong> non inattesa<\/strong> tra chi lo segue, che non ha mancato per\u00f2 di creare <strong>malumori<\/strong> nei commenti soprattutto da parte di chi lo accusa di avere avuto un \u201ccomportamento falso\u201d <strong>rispetto<\/strong> alla <strong>chiesa<\/strong> e al credo.<br \/>\u201cOgnuno vede quello che vuole, a quanto pare\u201d, ha risposto lui in calce a un contributo pubblicato \u2013 un dialogo sulla figura della Vergine Maria. <\/p>\n<p>Brugherio, Alberto Ravagnani e il tempo per ballare: il rapporto con il corpo<\/p>\n<p class=\"wp-block-paragraph\"><strong>Ora a parlare saranno la pista da ballo e la trasmissione<\/strong> condotta da Milly Carlucci, che affianca persone conosciute a ballerini professionisti col compito di insegnare loro a ballare, o in certi casi a portare al meglio una tecnica gi\u00e0 acquisita. Per poi passare all\u2019esame della giuria.<\/p>\n<p class=\"wp-block-paragraph\">\u201cEro convinto che trascurare il mio corpo potesse rendermi pi\u00f9 santo. Dormivo poco, mangiavo male, mi vestivo di grigio. Pi\u00f9 ero pallido e stanco, pi\u00f9 mi sentivo dalla parte giusta \u2013 aveva scritto nei giorni scorsi \u2013 In seminario il corpo era un argomento di serie B: qualcosa da contenere, non da abitare. Un ostacolo alla crescita dello spirito. Un inutile inciampo. D\u2019altronde io volevo diventare un prete. E a un prete a cosa serve il corpo? Non mi interessavo di apparire bello, di vestirmi bene, di trovare un taglio di capelli che valorizzasse il mio volto, di curare la mia pelle, di scolpire i miei muscoli. Ora invece mi vedo e mi sento diverso. Esteriormente, certo. Ma questa \u00e8 solo una conseguenza di un cambiamento pi\u00f9 profondo. Ho fatto pace con la mia carne. E sto da Dio\u201d.<\/p>\n<p class=\"wp-block-paragraph\">Ora per l\u2019ex don Rava \u00e8 arrivato <strong>il tempo per ballare<\/strong>, proprio come dice l\u2019Ecclesiaste citato al cinema nel film <strong>Footloose<\/strong> in un\u2019accorata difesa della festa di fine anno in una cittadina in cui il ballo era vietato: \u00abPer ogni cosa c\u2019\u00e8 il suo momento, il suo tempo per ogni faccenda sotto il cielo \u2013 dice \u2013 un tempo per ridere e un tempo per piangere, un tempo per partire e un tempo per danzare\u00bb, si legge nel capitolo 3.<\/p>\n","protected":false},"excerpt":{"rendered":"Il brugherese Alberto Ravagnani \u00e8 un nuovo concorrente di Ballando con le Stelle. Nel mese di febbraio l\u2019annuncio&hellip;\n","protected":false},"author":3,"featured_media":653631,"comment_status":"","ping_status":"","sticky":false,"template":"","format":"standard","meta":{"footnotes":"","_share_on_mastodon":"0"},"categories":[1444],"tags":[819,203,8118,204,1537,90,89,1517,5486,253],"class_list":["post-656714","post","type-post","status-publish","format-standard","has-post-thumbnail","category-tv","tag-chiesa","tag-entertainment","tag-internet","tag-intrattenimento","tag-it","tag-italia","tag-italy","tag-social-network","tag-televisione","tag-tv"],"share_on_mastodon":{"url":"https:\/\/pubeurope.com\/@it\/117185309508655885","error":""},"_links":{"self":[{"href":"https:\/\/www.europesays.com\/it\/wp-json\/wp\/v2\/posts\/656714","targetHints":{"allow":["GET"]}}],"collection":[{"href":"https:\/\/www.europesays.com\/it\/wp-json\/wp\/v2\/posts"}],"about":[{"href":"https:\/\/www.europesays.com\/it\/wp-json\/wp\/v2\/types\/post"}],"author":[{"embeddable":true,"href":"https:\/\/www.europesays.com\/it\/wp-json\/wp\/v2\/users\/3"}],"replies":[{"embeddable":true,"href":"https:\/\/www.europesays.com\/it\/wp-json\/wp\/v2\/comments?post=656714"}],"version-history":[{"count":0,"href":"https:\/\/www.europesays.com\/it\/wp-json\/wp\/v2\/posts\/656714\/revisions"}],"wp:featuredmedia":[{"embeddable":true,"href":"https:\/\/www.europesays.com\/it\/wp-json\/wp\/v2\/media\/653631"}],"wp:attachment":[{"href":"https:\/\/www.europesays.com\/it\/wp-json\/wp\/v2\/media?parent=656714"}],"wp:term":[{"taxonomy":"category","embeddable":true,"href":"https:\/\/www.europesays.com\/it\/wp-json\/wp\/v2\/categories?post=656714"},{"taxonomy":"post_tag","embeddable":true,"href":"https:\/\/www.europesays.com\/it\/wp-json\/wp\/v2\/tags?post=656714"}],"curies":[{"name":"wp","href":"https:\/\/api.w.org\/{rel}","templated":true}]}}