{"id":656719,"date":"2026-08-30T16:07:17","date_gmt":"2026-08-30T16:07:17","guid":{"rendered":"https:\/\/www.europesays.com\/it\/656719\/"},"modified":"2026-08-30T16:07:17","modified_gmt":"2026-08-30T16:07:17","slug":"long-covid-e-virus-fantasma-perche-linfezione-sveglia-i-patogeni-latenti-nel-nostro-corpo","status":"publish","type":"post","link":"https:\/\/www.europesays.com\/it\/656719\/","title":{"rendered":"Long Covid e virus &#8220;fantasma&#8221;: perch\u00e9 l&#8217;infezione sveglia i patogeni latenti nel nostro corpo"},"content":{"rendered":"<p><b>I virus che &#8220;dormono&#8221; dentro di noi<\/b><b\/><\/p>\n<p>Molti virus non scompaiono mai del tutto dopo l\u2019infezione primaria. Rimangono silenti nell\u2019organismo, perfettamente controllati dal sistema immunitario: \u00e8 il caso del virus di Epstein-Barr, del citomegalovirus e dell\u2019Herpes simplex.<\/p>\n<p>Tuttavia, quando le difese crollano o subiscono uno shock intenso, questi patogeni possono tornare a replicarsi. Se finora il fenomeno era noto soprattutto nei pazienti oncologici o trapiantati, un grande studio pubblicato su Nature dimostra che la riattivazione avviene con frequenza anche durante una forma grave di Covid-19, persino in persone precedentemente sane.<\/p>\n<p><img loading=\"lazy\" decoding=\"async\" src=\"https:\/\/www.europesays.com\/it\/wp-content\/uploads\/2026\/08\/Cover_2_Long_Covid-1787932570073.webp\" alt=\"\" width=\"1200\" height=\"895\" caption=\"false\"\/><\/p>\n<p><b>Lo studio: 1.154 pazienti seguiti per un anno<\/b><b\/><\/p>\n<p>I ricercatori hanno attinto ai dati dello studio prospettico IMPACC, monitorando 1.154 adulti ricoverati per Covid-19 in 20 ospedali statunitensi durante le prime ondate della pandemia (tutti non vaccinati).<\/p>\n<p>Analizzando sangue, tamponi e campioni respiratori dal ricovero fino a 12 mesi dopo, il team ha integrato i sequenziamenti virologici con l&#8217;analisi di proteine, citochine e risposte immunitarie.<\/p>\n<p>I risultati chiave:<\/p>\n<ul>&#13;<\/p>\n<li><b>Frequenza:<\/b> Quasi 1 paziente su 2 (circa 550 su 1.148) ha mostrato la riattivazione di almeno un virus latente, in particolare delle famiglie Herpesviridae e Anelloviridae.<\/li>\n<p>&#13;<\/p>\n<li><b>Tempistiche differenti:<\/b> Epstein-Barr ed anellovirus sono comparsi nelle prime fasi dell&#8217;infezione; citomegalovirus ed Herpes simplex sono emersi pi\u00f9 tardi.<\/li>\n<p>&#13;<\/p>\n<li><b>Non solo farmaci:<\/b> Le riattivazioni si sono verificate anche senza l&#8217;uso di immunosoppressori, suggerendo che lo stress cellulare e l&#8217;infiammazione sistemica acuta bastino a far saltare i &#8220;sigilli&#8221; immunitari.<\/li>\n<p>&#13;\n<\/ul>\n<p><b>Il ruolo degli Anellovirus e il legame con il Long Covid<\/b><b\/><\/p>\n<p>L&#8217;attenzione dei ricercatori si \u00e8 concentrata in particolare sugli <b>anellovirus<\/b>, virus diffusissimi ma di cui non \u00e8 ancora chiara la patogenicit\u00e0 diretta.<\/p>\n<p>Nei mesi successivi al ricovero, la presenza prolungata di anellovirus \u00e8 risultata significativamente pi\u00f9 frequente nei pazienti che riferivano stanchezza cronica, deficit fisici e difficolt\u00e0 nelle attivit\u00e0 quotidiane.<\/p>\n<p><img loading=\"lazy\" decoding=\"async\" src=\"https:\/\/www.europesays.com\/it\/wp-content\/uploads\/2026\/08\/Infografica_1_Long_Covid-1787932600184.webp\" alt=\"\" width=\"1200\" height=\"903\" caption=\"false\"\/><\/p>\n<p><b>Causa o semplice indizio?<\/b><b\/><\/p>\n<p>Il dato non prova che gli anellovirus causino direttamente il Long Covid. La loro persistenza potrebbe rappresentare una causa attiva dell&#8217;infiammazione, un fattore amplificatore oppure una semplice &#8220;impronta digitale&#8221; di un sistema immunitario che non \u00e8 ancora riuscito a tornare in equilibrio.<\/p>\n<p><b>Cosa resta da chiarire<\/b><b\/><\/p>\n<p>La ricerca presenta alcuni limiti strutturali che invitano alla cautela:<\/p>\n<ol>&#13;<\/p>\n<li><b>Nessun legame diretto per l&#8217;Epstein-Barr:<\/b> Non \u00e8 emersa un&#8217;associazione chiara tra la sua riattivazione acuta e i sintomi a lungo termine (anche se gli strumenti di misurazione del Long Covid usati all&#8217;epoca potrebbero aver perso alcune sfumature).<\/li>\n<p>&#13;<\/p>\n<li><b>Popolazione specifica:<\/b> I dati riguardano pazienti ospedalizzati non vaccinati delle prime ondate; non sono estrapolabili a chi ha contratto forme lievi o infezioni da varianti successive.<\/li>\n<p>&#13;<\/p>\n<li><b>Terapie:<\/b> Lo studio non dimostra che l&#8217;uso preventivo di antivirali contro gli herpesvirus possa prevenire il Long Covid. Per questo serviranno trial clinici dedicati.<\/li>\n<p>&#13;\n<\/ol>\n<p><img loading=\"lazy\" decoding=\"async\" src=\"https:\/\/www.europesays.com\/it\/wp-content\/uploads\/2026\/08\/Infografica_2_Long_Covid-1787932621674.webp\" alt=\"\" width=\"1200\" height=\"903\" caption=\"false\"\/><\/p>\n<p><b>In conclusione<\/b><b\/><\/p>\n<p>Il Covid-19 grave non va considerato solo come un&#8217;infezione isolata, ma come uno shock capace di perturbare l&#8217;intero &#8220;ecosistema&#8221; di virus che ospitiamo. Capire se il risveglio di questi microbi sia un motore della malattia o solo uno spia del danno immunitario sar\u00e0 il passo fondamentale per sviluppare diagnosi di precisione e nuove strategie terapeutiche.<\/p>\n<p><b>Fonti e Referenze<\/b><\/p>\n<ul>&#13;<\/p>\n<li>Maguire C. et al. \u201cVirus reactivation in acute and long COVID-19\u201d. Nature (2026). DOI: 10.1038\/s41586-026-10740-z.<\/li>\n<p>&#13;<\/p>\n<li>Kozlov M. \u201cCOVID can wake up a slew of dormant viruses inside you\u201d. Nature News (2026).<\/li>\n<p>&#13;<\/p>\n<li>Proal A.D., VanElzakker M.B. et al. \u201cLong COVID: major findings, mechanisms and recommendations\u201d. Nature Reviews Microbiology. DOI: 10.1038\/s41579-022-00846-2<\/li>\n<p>&#13;\n<\/ul>\n","protected":false},"excerpt":{"rendered":"I virus che &#8220;dormono&#8221; dentro di noi Molti virus non scompaiono mai del tutto dopo l\u2019infezione primaria. Rimangono&hellip;\n","protected":false},"author":3,"featured_media":656720,"comment_status":"","ping_status":"","sticky":false,"template":"","format":"standard","meta":{"footnotes":"","_share_on_mastodon":"0"},"categories":[175],"tags":[362308,362312,23571,4124,325068,239,113170,362309,362310,1537,90,89,197521,131590,103047,240,242,362311],"class_list":["post-656719","post","type-post","status-publish","format-standard","has-post-thumbnail","category-salute","tag-anelloviridae","tag-anellovirus","tag-citomegalovirus","tag-covid","tag-epstein-barr","tag-health","tag-herpes-simplex","tag-herpesviridae","tag-impacc","tag-it","tag-italia","tag-italy","tag-long-covid","tag-maguire","tag-nature","tag-salute","tag-stati-uniti","tag-virus-di-epstein-barr"],"share_on_mastodon":{"url":"https:\/\/pubeurope.com\/@it\/117185324784633384","error":""},"_links":{"self":[{"href":"https:\/\/www.europesays.com\/it\/wp-json\/wp\/v2\/posts\/656719","targetHints":{"allow":["GET"]}}],"collection":[{"href":"https:\/\/www.europesays.com\/it\/wp-json\/wp\/v2\/posts"}],"about":[{"href":"https:\/\/www.europesays.com\/it\/wp-json\/wp\/v2\/types\/post"}],"author":[{"embeddable":true,"href":"https:\/\/www.europesays.com\/it\/wp-json\/wp\/v2\/users\/3"}],"replies":[{"embeddable":true,"href":"https:\/\/www.europesays.com\/it\/wp-json\/wp\/v2\/comments?post=656719"}],"version-history":[{"count":0,"href":"https:\/\/www.europesays.com\/it\/wp-json\/wp\/v2\/posts\/656719\/revisions"}],"wp:featuredmedia":[{"embeddable":true,"href":"https:\/\/www.europesays.com\/it\/wp-json\/wp\/v2\/media\/656720"}],"wp:attachment":[{"href":"https:\/\/www.europesays.com\/it\/wp-json\/wp\/v2\/media?parent=656719"}],"wp:term":[{"taxonomy":"category","embeddable":true,"href":"https:\/\/www.europesays.com\/it\/wp-json\/wp\/v2\/categories?post=656719"},{"taxonomy":"post_tag","embeddable":true,"href":"https:\/\/www.europesays.com\/it\/wp-json\/wp\/v2\/tags?post=656719"}],"curies":[{"name":"wp","href":"https:\/\/api.w.org\/{rel}","templated":true}]}}