{"id":656721,"date":"2026-08-30T16:08:14","date_gmt":"2026-08-30T16:08:14","guid":{"rendered":"https:\/\/www.europesays.com\/it\/656721\/"},"modified":"2026-08-30T16:08:14","modified_gmt":"2026-08-30T16:08:14","slug":"chi-e-toni-capuozzo-il-giornalista-che-racconta-i-grandi-della-storia-in-giganti","status":"publish","type":"post","link":"https:\/\/www.europesays.com\/it\/656721\/","title":{"rendered":"Chi \u00e8 Toni Capuozzo, il giornalista che racconta i grandi della storia in Giganti"},"content":{"rendered":"<p>Il suo nome risuona e il suo volto \u00e8 gi\u00e0 visto, seppur Toni Capuozzo non gode forse della fama che meriterebbe. Si tratta di uno dei reporter che pi\u00f9 hanno contributo a raccontare agli italiani quel che accade nel mondo, dalle guerre agli avvenimenti rivoluzionari. Dopo esser stato <strong>testimone in presa diretta della storia<\/strong>, adesso la racconta con un nuovo show di approfondimento su Mediaset. In vista della prima puntata, conosciamone meglio la storia e la carriera.\n<\/p>\n<p>Toni Capuozzo, non chiamatelo inviato di guerra<\/p>\n<p>Toni Capuozzo \u00e8 nato nel 1948 a <strong>Palmanova<\/strong>, in provincia di Udine, figlio di padre napoletano e madre triestina. Ha studiato sociologia all\u2019Universit\u00e0 di Trento, ma la sua vera passione \u00e8 sempre stata la politica. Fin da giovanissimo ha iniziato a scrivere su quotidiani locali, per poi diventare<strong> giornalista professionista<\/strong> nel 1983.<\/p>\n<p>Collabora con testate note come il quotidiano Reporter e i periodici Panorama e Epoca. Qualche anno dopo, l\u2019approdo in tv. Per <strong>Giovanni Minoli<\/strong> e il suo Mixer (Rai 2) si \u00e8 occupato di approfondimenti sulla mafia. \u00c8 stato inviato di<strong> Giuliano Ferrara<\/strong> per L\u2019istruttoria su Italia 1 e per le reti Mediaset ha raccontato le guerre pi\u00f9 cruente degli ultimi 50 anni, da quella in ex Jugoslavia al conflitto in Medio Oriente fino alla guerra in Afghanistan.<\/p>\n<p>Ha continuato a curare reportage e rubriche dedicati alla politica e alle guerre del mondo, seppur <a href=\"https:\/\/dilei.it\/interviste\/toni-capuozzo-io-non-racconto-la-guerra-racconto-la-vita\/978286\/\" rel=\"nofollow noopener\" target=\"_blank\">non gli piaccia essere etichettato come reporter dal fronte<\/a>. \u201cSia per equilibrio personale sia per spiegare bene un conflitto, \u00e8 importante restare una persona come tutti, avere consapevolezza della normalit\u00e0 della vita e di chi poi ti ascolta in salotto o in cucina. <strong>Non ci si pu\u00f2 abituare alla guerra<\/strong>\u201d ha raccontato a Tv, Sorrisi e Canzoni.<\/p>\n<p>Fino al 2013 Capuozzo \u00e8 stato <strong>vicedirettore del Tg5<\/strong>, per cui ha curato il settimanale di approfondimento giornalistico Terra!, in seguito spostatosi nella seconda serata di Rete 4. Dal 2017 non ha pi\u00f9 condotto alcuna trasmissione.<\/p>\n<p>Il bimbo accudito a Sarajevo<\/p>\n<p>Toni Capuozzo \u00e8 sposato e ha due figlie, ma della sua vita privata non condivide nulla. Quel che \u00e8 noto \u00e8 che il giornalista scelse di prendersi cura di un neonato di nome<strong> Kemal<\/strong>, che perse una gamba e la mamma durante uno dei bombardamenti di cui fu vittima <strong>Sarajevo<\/strong>. Capuozzo port\u00f2 il bambino con s\u00e9 in Italia per garantirgli le cure necessarie.<\/p>\n<p>Dopo cinque anni assieme il piccolo \u00e8 tornato in patria per ricongiungersi con il padre biologico. Oltre 20 anni dopo \u201csui social si fa chiamare Kemal Capuozzo. \u2013 racconta il giornalista \u2013 Ha 33 anni, sta bene, lavora, anche se con una certa\u2026 pigrizia balcanica. E siamo sempre in contatto. Ha vissuto con la mia famiglia per cinque anni, abbiamo un <strong>rapporto che sconfina nel paterno<\/strong>\u201d.<\/p>\n<p>Con Giganti racconta i grandi della storia<\/p>\n<p>A quasi un decennio di distanza dall\u2019ultima volta, Toni Capuozzo torna sul piccolo schermo con <strong>Giganti \u2013 I protagonisti della storia<\/strong>, in onda nella prima serata di <strong>Rete 4<\/strong> per quattro puntate, a partire da<strong> domenica 30 agosto<\/strong> 2026.<\/p>\n<p>La trasmissione approfondir\u00e0 in ogni puntata la storia di un uomo o una donna tra coloro che hanno cambiato per sempre il corso della storia. \u201cForse perch\u00e9 io nel mio lavoro ho sempre<strong> raccontato le storie dei piccoli<\/strong>, degli anonimi, le sofferenze della gente qualunque in tutti i conflitti. Raramente ho avuto a che fare con i grandi, i potenti\u201d.<\/p>\n<p>La prima puntata sar\u00e0 dedicata a\u00a0<strong>Karol Wojty\u0142a<\/strong>, divenuto pontefice con il nome di Giovanni Paolo II. Il primo Pontefice non italiano dopo oltre quattro secoli e una delle figure centrali del Novecento. Il racconto partir\u00e0 dalla sua Polonia per ricostruire non soltanto il percorso religioso, ma anche il ruolo politico e sociale avuto durante il pontificato.<\/p>\n<p>\t\t\t\tScopri i personaggi in trend, le storie del momento e molto altro.<br \/>Dove? Sul <a href=\"https:\/\/whatsapp.com\/channel\/0029Vb68mVyHVvTWezDm7d0R\" target=\"_blank\" rel=\"noopener nofollow\">canale WhatsApp di DiLei!<\/a><\/p>\n<p>\t\t\t<a class=\"buttonCall\" href=\"https:\/\/whatsapp.com\/channel\/0029Vb68mVyHVvTWezDm7d0R\" target=\"_blank\" rel=\"noopener nofollow\" title=\"Seguici su WhatsApp\"><br \/>\n\t\t\t\tSeguici su WhatsApp<br \/>\n\t\t\t<\/a><\/p>\n","protected":false},"excerpt":{"rendered":"Il suo nome risuona e il suo volto \u00e8 gi\u00e0 visto, seppur Toni Capuozzo non gode forse della&hellip;\n","protected":false},"author":3,"featured_media":656722,"comment_status":"","ping_status":"","sticky":false,"template":"","format":"standard","meta":{"footnotes":"","_share_on_mastodon":"0"},"categories":[174],"tags":[203,204,1537,90,89,86],"class_list":["post-656721","post","type-post","status-publish","format-standard","has-post-thumbnail","category-intrattenimento","tag-entertainment","tag-intrattenimento","tag-it","tag-italia","tag-italy","tag-vip"],"share_on_mastodon":{"url":"https:\/\/pubeurope.com\/@it\/117185328237864408","error":""},"_links":{"self":[{"href":"https:\/\/www.europesays.com\/it\/wp-json\/wp\/v2\/posts\/656721","targetHints":{"allow":["GET"]}}],"collection":[{"href":"https:\/\/www.europesays.com\/it\/wp-json\/wp\/v2\/posts"}],"about":[{"href":"https:\/\/www.europesays.com\/it\/wp-json\/wp\/v2\/types\/post"}],"author":[{"embeddable":true,"href":"https:\/\/www.europesays.com\/it\/wp-json\/wp\/v2\/users\/3"}],"replies":[{"embeddable":true,"href":"https:\/\/www.europesays.com\/it\/wp-json\/wp\/v2\/comments?post=656721"}],"version-history":[{"count":0,"href":"https:\/\/www.europesays.com\/it\/wp-json\/wp\/v2\/posts\/656721\/revisions"}],"wp:featuredmedia":[{"embeddable":true,"href":"https:\/\/www.europesays.com\/it\/wp-json\/wp\/v2\/media\/656722"}],"wp:attachment":[{"href":"https:\/\/www.europesays.com\/it\/wp-json\/wp\/v2\/media?parent=656721"}],"wp:term":[{"taxonomy":"category","embeddable":true,"href":"https:\/\/www.europesays.com\/it\/wp-json\/wp\/v2\/categories?post=656721"},{"taxonomy":"post_tag","embeddable":true,"href":"https:\/\/www.europesays.com\/it\/wp-json\/wp\/v2\/tags?post=656721"}],"curies":[{"name":"wp","href":"https:\/\/api.w.org\/{rel}","templated":true}]}}