{"id":656747,"date":"2026-08-30T16:33:16","date_gmt":"2026-08-30T16:33:16","guid":{"rendered":"https:\/\/www.europesays.com\/it\/656747\/"},"modified":"2026-08-30T16:33:16","modified_gmt":"2026-08-30T16:33:16","slug":"napoli-como-live-risultato-e-gol-in-diretta-serie-a","status":"publish","type":"post","link":"https:\/\/www.europesays.com\/it\/656747\/","title":{"rendered":"Napoli-Como LIVE | Risultato e gol in diretta | Serie A"},"content":{"rendered":"<p>                                        Dopo la vittoria a Marassi, Allegri punta a rispondere a Milan e Juve. Ma Fabregas \u00e8 in cerca del primo successo dopo il pareggio all&#8217;esordio con l&#8217;Udinese<\/p>\n<p>la partita\u2014 \u00a0<\/p>\n<p>Dopo la vittoria all&#8217;esordio contro il Genoa, il Napoli di Massimiliano Allegri ospita al Maradona il Como di Fabregas, fermato sul pareggio dall&#8217;Udinese. Con il mercato ancora aperto, gli azzurri proveranno a puntellare la rosa: finora \u00e8 arrivato solo il difensore Badiashile dal Chelsea, oltre al riscatto di Favasuli dal Catanzaro, ma qualcosa potrebbe cambiare nelle prossime ore. Tanti invece i volti nuovi nel Como, che si prepara allo storico esordio in Champions: da Yan Couto a Chalobah, da Kaiki a Milla, con Samuele Ricci e Moise Kean sempre pi\u00f9 vicini alla firma. Intanto per\u00f2 c&#8217;\u00e8 da pensare al campo: il fischio d&#8217;inizio di Napoli-Como \u00e8 in programma\u00a0domenica alle 18.30.\u00a0<\/p>\n<p class=\"is-above-copyright is-mr-r-10\" spellcheck=\"true\">La Gazzetta dello Sport<\/p>\n<p class=\"is-copyright\">\u00a9 RIPRODUZIONE RISERVATA<\/p>\n","protected":false},"excerpt":{"rendered":"Dopo la vittoria a Marassi, Allegri punta a rispondere a Milan e Juve. Ma Fabregas \u00e8 in cerca&hellip;\n","protected":false},"author":3,"featured_media":656748,"comment_status":"","ping_status":"","sticky":false,"template":"","format":"standard","meta":{"footnotes":"","_share_on_mastodon":"0"},"categories":[176],"tags":[3076,3705,4975,1537,90,89,248,245,244],"class_list":["post-656747","post","type-post","status-publish","format-standard","has-post-thumbnail","category-sport","tag-allegri","tag-como","tag-fabregas","tag-it","tag-italia","tag-italy","tag-napoli","tag-sport","tag-sports"],"share_on_mastodon":{"url":"https:\/\/pubeurope.com\/@it\/117185426374342529","error":""},"_links":{"self":[{"href":"https:\/\/www.europesays.com\/it\/wp-json\/wp\/v2\/posts\/656747","targetHints":{"allow":["GET"]}}],"collection":[{"href":"https:\/\/www.europesays.com\/it\/wp-json\/wp\/v2\/posts"}],"about":[{"href":"https:\/\/www.europesays.com\/it\/wp-json\/wp\/v2\/types\/post"}],"author":[{"embeddable":true,"href":"https:\/\/www.europesays.com\/it\/wp-json\/wp\/v2\/users\/3"}],"replies":[{"embeddable":true,"href":"https:\/\/www.europesays.com\/it\/wp-json\/wp\/v2\/comments?post=656747"}],"version-history":[{"count":0,"href":"https:\/\/www.europesays.com\/it\/wp-json\/wp\/v2\/posts\/656747\/revisions"}],"wp:featuredmedia":[{"embeddable":true,"href":"https:\/\/www.europesays.com\/it\/wp-json\/wp\/v2\/media\/656748"}],"wp:attachment":[{"href":"https:\/\/www.europesays.com\/it\/wp-json\/wp\/v2\/media?parent=656747"}],"wp:term":[{"taxonomy":"category","embeddable":true,"href":"https:\/\/www.europesays.com\/it\/wp-json\/wp\/v2\/categories?post=656747"},{"taxonomy":"post_tag","embeddable":true,"href":"https:\/\/www.europesays.com\/it\/wp-json\/wp\/v2\/tags?post=656747"}],"curies":[{"name":"wp","href":"https:\/\/api.w.org\/{rel}","templated":true}]}}