{"id":656749,"date":"2026-08-30T16:34:16","date_gmt":"2026-08-30T16:34:16","guid":{"rendered":"https:\/\/www.europesays.com\/it\/656749\/"},"modified":"2026-08-30T16:34:16","modified_gmt":"2026-08-30T16:34:16","slug":"influenza-2026-dallaustralia-arriva-il-primo-segnale-meno-casi-ma-i-ricoveri-stanno-salendo","status":"publish","type":"post","link":"https:\/\/www.europesays.com\/it\/656749\/","title":{"rendered":"Influenza 2026, dall\u2019Australia arriva il primo segnale: meno casi, ma i ricoveri stanno salendo"},"content":{"rendered":"<p>Mancano ancora settimane all\u2019arrivo dell\u2019<strong>influenza<\/strong> in <strong>Italia<\/strong>, ma dall\u2019altra parte del mondo possiamo gi\u00e0 vedere qualche anticipazione di quello che potrebbe aspettarci. In <strong>Australia<\/strong> i casi registrati dall\u2019inizio dell\u2019anno sono molti meno rispetto al <strong>2025<\/strong>, ma nelle ultime settimane l\u2019<strong>influenza<\/strong> ha ripreso a correre e stanno aumentando anche i <strong>ricoveri<\/strong>.<\/p>\n<p>\u00c8 un segnale che interessa direttamente anche l\u2019<strong>Europa<\/strong>. L\u2019<strong>inverno australiano<\/strong> arriva infatti quando da noi \u00e8 estate e ci\u00f2 che accade nell\u2019<strong>emisfero australe<\/strong> viene seguito ogni anno dagli <strong>esperti<\/strong> per capire quali <strong>virus<\/strong> stanno circolando e con quale intensit\u00e0.<\/p>\n<p>Attenzione, per\u00f2: l\u2019<strong>Australia<\/strong> non \u00e8 una sfera di cristallo. Non possiamo dire oggi che l\u2019<strong>inverno italiano<\/strong> sar\u00e0 pi\u00f9 o meno pesante. Possiamo invece osservare ci\u00f2 che sta succedendo e <strong>prepararci<\/strong>.<\/p>\n<p><strong>Cosa sta succedendo in Australia<\/strong><\/p>\n<p>Il dato che colpisce \u00e8 il confronto con lo scorso anno. Secondo l\u2019ultimo rapporto dell\u2019<strong>Australian Centre for Disease Control<\/strong>, nel <strong>2026<\/strong> i casi di <strong>influenza<\/strong> registrati fino al <strong>23 agosto<\/strong> sono circa il <strong>68%<\/strong> in meno rispetto allo stesso periodo del <strong>2025<\/strong>.<\/p>\n<p>Ma nelle ultime settimane la situazione \u00e8 cambiata rapidamente: i <strong>nuovi casi<\/strong> sono aumentati e negli <strong>ospedali<\/strong> sotto sorveglianza sono cresciuti anche i <strong>ricoveri<\/strong> legati all\u2019<strong>influenza<\/strong>.<\/p>\n<p>Questo non significa che sia arrivato un <strong>virus \u201cpi\u00f9 cattivo\u201d<\/strong>. L\u2019<strong>impatto<\/strong> dell\u2019<strong>influenza<\/strong> dipende da molti fattori, soprattutto dall\u2019<strong>et\u00e0<\/strong> e dalle <strong>condizioni di salute<\/strong> delle persone contagiate.<\/p>\n<p><strong>Il vaccino cambia: ecco cosa ci sar\u00e0 dentro<\/strong><\/p>\n<p>Intanto il <strong>vaccino<\/strong> che utilizzeremo in <strong>autunno<\/strong> \u00e8 gi\u00e0 stato <strong>aggiornato<\/strong>.<\/p>\n<p>L\u2019<strong>Organizzazione Mondiale della Sanit\u00e0<\/strong> ha scelto di proteggerci contro <strong>tre principali virus<\/strong> influenzali attesi nella stagione <strong>2026-2027<\/strong>: due appartenenti all\u2019<strong>influenza A<\/strong>, <strong>H1N1<\/strong> e <strong>H3N2<\/strong>, e uno dell\u2019<strong>influenza B<\/strong>.<\/p>\n<p>In parole semplici, ogni anno il <strong>vaccino<\/strong> viene \u201critoccato\u201d perch\u00e9 anche i <strong>virus<\/strong> cambiano. Gli <strong>esperti<\/strong> osservano quello che circola nel mondo e cercano di anticipare le <strong>varianti<\/strong> che con maggiore probabilit\u00e0 incontreremo durante l\u2019<strong>inverno<\/strong>.<\/p>\n<p><strong>La novit\u00e0 per chi ha pi\u00f9 di 60 anni<\/strong><\/p>\n<p>In <strong>Italia<\/strong> c\u2019\u00e8 poi una <strong>novit\u00e0<\/strong> che riguarda <strong>milioni di persone<\/strong>.<\/p>\n<p>Da questa stagione il <strong>Ministero della Salute<\/strong> raccomanda gi\u00e0 dai <strong>60 anni<\/strong> alcuni <strong>vaccini antinfluenzali<\/strong> capaci di stimolare una <strong>risposta immunitaria<\/strong> pi\u00f9 forte, finora indicati soprattutto a partire dai <strong>65 anni<\/strong>.<\/p>\n<p>Il motivo \u00e8 semplice: con l\u2019avanzare dell\u2019et\u00e0 le <strong>difese immunitarie<\/strong> diventano meno efficienti e aumenta il <strong>rischio<\/strong> che un\u2019<strong>influenza<\/strong> apparentemente banale provochi <strong>conseguenze pi\u00f9 serie<\/strong>.<\/p>\n<p>La <strong>vaccinazione<\/strong> resta particolarmente importante anche per <strong>bambini tra 6 mesi e 6 anni<\/strong>, <strong>donne in gravidanza<\/strong>, <strong>persone con malattie croniche<\/strong> e <strong>operatori sanitari<\/strong>.<\/p>\n<p><strong>Ottobre \u00e8 il mese da segnare<\/strong><\/p>\n<p>Quando bisogna <strong>vaccinarsi<\/strong>? Per l\u2019<strong>Italia<\/strong> l\u2019indicazione \u00e8 di partire dall\u2019<strong>inizio di ottobre<\/strong>.<\/p>\n<p>Non significa per\u00f2 che dopo <strong>ottobre<\/strong> sia troppo tardi. Chi appartiene alle <strong>categorie<\/strong> per le quali il <strong>vaccino \u00e8 raccomandato<\/strong> pu\u00f2 riceverlo anche successivamente durante la stagione.<\/p>\n<p>La priorit\u00e0 resta proteggere soprattutto gli <strong>anziani<\/strong>. In questa fascia d\u2019et\u00e0 l\u2019<strong>influenza<\/strong> pu\u00f2 aggravare <strong>problemi cardiaci o respiratori<\/strong> gi\u00e0 presenti e aumentare il <strong>rischio di complicanze e ricovero<\/strong>.<\/p>\n<p>E proprio qui l\u2019<strong>Italia<\/strong> continua ad avere un problema: tra gli <strong>over 65<\/strong> si vaccina ancora poco rispetto agli <strong>obiettivi<\/strong>. Il traguardo minimo indicato dalle autorit\u00e0 sanitarie \u00e8 raggiungere il <strong>75%<\/strong>, mentre quello ideale \u00e8 il <strong>95%<\/strong>.<\/p>\n<p>Dall\u2019<strong>Australia<\/strong>, dunque, non arriva la previsione di un\u2019<strong>influenza \u201cpeggiore\u201d<\/strong>. Arriva piuttosto un <strong>promemoria<\/strong>: anche una stagione con <strong>meno casi<\/strong> pu\u00f2 pesare sugli <strong>ospedali<\/strong> e, per chi \u00e8 <strong>pi\u00f9 fragile<\/strong>, <strong>prepararsi prima<\/strong> pu\u00f2 fare la differenza.<\/p>\n<p><img loading=\"lazy\" decoding=\"async\" src=\"https:\/\/www.europesays.com\/it\/wp-content\/uploads\/2026\/08\/ChatGPT_Image_30_ago_2026,_11_47_08-1788083251422.webp\" alt=\"\" width=\"1024\" height=\"1536\" caption=\"false\"\/><\/p>\n<p><strong>FONTI:<\/strong><\/p>\n<p><strong>Australian Centre for Disease Control<\/strong>, Australian Respiratory Surveillance Report \u2013 <strong>10 to 23 August 2026<\/strong>, <strong>28 agosto 2026<\/strong>.<\/p>\n<p><strong>World Health Organization<\/strong>, Recommended composition of influenza virus vaccines for use in the <strong>2026-2027<\/strong> northern hemisphere influenza season, <strong>27 febbraio 2026<\/strong>.<\/p>\n<p><strong>Ministero della Salute<\/strong>, Prevenzione e controllo dell\u2019influenza: raccomandazioni per la stagione <strong>2026-2027<\/strong>, Circolare del <strong>23 giugno 2026<\/strong>.<\/p>\n<p><strong>Istituto Superiore di Sanit\u00e0 \u2013 Epicentro<\/strong>, Prevenzione e controllo dell\u2019influenza: raccomandazioni per la stagione <strong>2026-2027<\/strong>, aggiornamento <strong>30 luglio 2026<\/strong>.<\/p>\n","protected":false},"excerpt":{"rendered":"Mancano ancora settimane all\u2019arrivo dell\u2019influenza in Italia, ma dall\u2019altra parte del mondo possiamo gi\u00e0 vedere qualche anticipazione di&hellip;\n","protected":false},"author":3,"featured_media":656750,"comment_status":"","ping_status":"","sticky":false,"template":"","format":"standard","meta":{"footnotes":"","_share_on_mastodon":"0"},"categories":[175],"tags":[3631,362335,362336,3085,362338,125593,239,362337,1537,90,89,16451,240,333648],"class_list":["post-656749","post","type-post","status-publish","format-standard","has-post-thumbnail","category-salute","tag-australia","tag-australian-centre-for-disease-control","tag-australian-respiratory-surveillance-report","tag-europa","tag-h1n1","tag-h3n2","tag-health","tag-istituto-superiore-di-sanita-epicentro","tag-it","tag-italia","tag-italy","tag-ministero-della-salute","tag-salute","tag-world-health-organization"],"share_on_mastodon":{"url":"https:\/\/pubeurope.com\/@it\/117185431659680577","error":""},"_links":{"self":[{"href":"https:\/\/www.europesays.com\/it\/wp-json\/wp\/v2\/posts\/656749","targetHints":{"allow":["GET"]}}],"collection":[{"href":"https:\/\/www.europesays.com\/it\/wp-json\/wp\/v2\/posts"}],"about":[{"href":"https:\/\/www.europesays.com\/it\/wp-json\/wp\/v2\/types\/post"}],"author":[{"embeddable":true,"href":"https:\/\/www.europesays.com\/it\/wp-json\/wp\/v2\/users\/3"}],"replies":[{"embeddable":true,"href":"https:\/\/www.europesays.com\/it\/wp-json\/wp\/v2\/comments?post=656749"}],"version-history":[{"count":0,"href":"https:\/\/www.europesays.com\/it\/wp-json\/wp\/v2\/posts\/656749\/revisions"}],"wp:featuredmedia":[{"embeddable":true,"href":"https:\/\/www.europesays.com\/it\/wp-json\/wp\/v2\/media\/656750"}],"wp:attachment":[{"href":"https:\/\/www.europesays.com\/it\/wp-json\/wp\/v2\/media?parent=656749"}],"wp:term":[{"taxonomy":"category","embeddable":true,"href":"https:\/\/www.europesays.com\/it\/wp-json\/wp\/v2\/categories?post=656749"},{"taxonomy":"post_tag","embeddable":true,"href":"https:\/\/www.europesays.com\/it\/wp-json\/wp\/v2\/tags?post=656749"}],"curies":[{"name":"wp","href":"https:\/\/api.w.org\/{rel}","templated":true}]}}