{"id":656768,"date":"2026-08-30T16:54:19","date_gmt":"2026-08-30T16:54:19","guid":{"rendered":"https:\/\/www.europesays.com\/it\/656768\/"},"modified":"2026-08-30T16:54:19","modified_gmt":"2026-08-30T16:54:19","slug":"roger-federer-le-parole-per-la-compagna-della-sua-vita-mirka-e-mia-moglie-la-mia-allenatrice-la-mia-stylist-colei-che-mi-ha-fatto-tenere-i-piedi-per-terra","status":"publish","type":"post","link":"https:\/\/www.europesays.com\/it\/656768\/","title":{"rendered":"Roger Federer, le parole per la compagna della sua vita: \u00abMirka \u00e8 mia moglie, la mia allenatrice, la mia stylist, colei che mi ha fatto tenere i piedi per terra\u00bb"},"content":{"rendered":"<p>Ha detto di aver bisogno di fazzoletti e occhiali da sole il campione gi\u00e0 in lacrime all&#8217;inizio del suo discorso. \u00abMirka \u00e8 mia moglie, ma definirla cos\u00ec \u00e8 anche il pi\u00f9 grande eufemismo che possa usare, perch\u00e9 \u00e8 stata la mia allenatrice, la mia compagna di allenamento, colei che mi ha fatto tenere i piedi per terra, la mia stylist. E allora ne avevo davvero bisogno. Mirka \u00e8 la persona che mi ha insegnato a essere concretato sul tennis e divertirmi in tutto il resto\u00bb. La definisce una madre meravigliosa per i loro quattro figli e i ricorda i muri che hanno superato tenendosi per mano. Tutte queste cose messe insieme sono la vera Hall of Fame per Federer.<\/p>\n<p>E lo sono anche tutte le altre persone che lo hanno accompagnato nel viaggio con la racchetta in mano compresi il padre Robert, il vero RF, e gli allenatori, anche quelli che non ci sono pi\u00f9. Pierre Paganini , Peter Carter, Peter Lundgren, Paul Annacone, Tony Roche, Ivan Ljubicic, Severin Luthi. Su tutti Stefan Edberg: \u00abSono stato fortunato ad avere al mio fianco un eroe d\u2019infanzia\u00bb. Ci sono amici e avversari parte di quel tennis che \u00e8 stato il tessuto della sua vita.<\/p>\n","protected":false},"excerpt":{"rendered":"Ha detto di aver bisogno di fazzoletti e occhiali da sole il campione gi\u00e0 in lacrime all&#8217;inizio del&hellip;\n","protected":false},"author":3,"featured_media":656769,"comment_status":"","ping_status":"","sticky":false,"template":"","format":"standard","meta":{"footnotes":"","_share_on_mastodon":"0"},"categories":[1451],"tags":[1621,1620,203,204,1537,90,89,15585,245,1273],"class_list":["post-656768","post","type-post","status-publish","format-standard","has-post-thumbnail","category-celebrita","tag-celebrita","tag-celebrities","tag-entertainment","tag-intrattenimento","tag-it","tag-italia","tag-italy","tag-roger-federer","tag-sport","tag-tennis"],"share_on_mastodon":{"url":"https:\/\/pubeurope.com\/@it\/117185509122522214","error":""},"_links":{"self":[{"href":"https:\/\/www.europesays.com\/it\/wp-json\/wp\/v2\/posts\/656768","targetHints":{"allow":["GET"]}}],"collection":[{"href":"https:\/\/www.europesays.com\/it\/wp-json\/wp\/v2\/posts"}],"about":[{"href":"https:\/\/www.europesays.com\/it\/wp-json\/wp\/v2\/types\/post"}],"author":[{"embeddable":true,"href":"https:\/\/www.europesays.com\/it\/wp-json\/wp\/v2\/users\/3"}],"replies":[{"embeddable":true,"href":"https:\/\/www.europesays.com\/it\/wp-json\/wp\/v2\/comments?post=656768"}],"version-history":[{"count":0,"href":"https:\/\/www.europesays.com\/it\/wp-json\/wp\/v2\/posts\/656768\/revisions"}],"wp:featuredmedia":[{"embeddable":true,"href":"https:\/\/www.europesays.com\/it\/wp-json\/wp\/v2\/media\/656769"}],"wp:attachment":[{"href":"https:\/\/www.europesays.com\/it\/wp-json\/wp\/v2\/media?parent=656768"}],"wp:term":[{"taxonomy":"category","embeddable":true,"href":"https:\/\/www.europesays.com\/it\/wp-json\/wp\/v2\/categories?post=656768"},{"taxonomy":"post_tag","embeddable":true,"href":"https:\/\/www.europesays.com\/it\/wp-json\/wp\/v2\/tags?post=656768"}],"curies":[{"name":"wp","href":"https:\/\/api.w.org\/{rel}","templated":true}]}}