{"id":656793,"date":"2026-08-30T17:20:14","date_gmt":"2026-08-30T17:20:14","guid":{"rendered":"https:\/\/www.europesays.com\/it\/656793\/"},"modified":"2026-08-30T17:20:14","modified_gmt":"2026-08-30T17:20:14","slug":"cagliari-i-convocati-per-linter-out-mina-le-sue-condizioni","status":"publish","type":"post","link":"https:\/\/www.europesays.com\/it\/656793\/","title":{"rendered":"Cagliari, i convocati per l&#8217;Inter: out Mina, le sue condizioni"},"content":{"rendered":"<p class=\"wp-block-paragraph\">Sono ventiquattro i calciatori a disposizione di mister Pisacane per la gara di stasera contro l\u2019Inter all\u2019Unipol Domus. <strong>Non convocato Yerry Mina, bloccato da un affaticamento al polpaccio<\/strong>; prima convocazione invece per il neo acquisto rossobl\u00f9 Riccardo Ciervo.<\/p>\n<p>\n<strong>I CONVOCATI<\/strong> &#8211; Caprile, Z\u00e9 Pedro, Romano, Winks, Adopo, Kevin Carlos, Fazzini, Sherri, Deiola, Rodr\u00edguez, Felici, Ciervo, Gavuoti, Kofler, Radunovi\u0107, Aurelio, Liteta, Borrelli, Akarakiri, Mendy, Sulev, Obert, Fadera, Maldini.\n<\/p>\n<p>        <img src=\"https:\/\/www.europesays.com\/it\/wp-content\/uploads\/2026\/08\/GettyImages-2215763501-4a0782355411-e1788092661738-480x270.jpg\"   width=\"700\" height=\"394\" alt=\"Cagliari v Venezia - Serie A\" title=\"Cagliari v Venezia - Serie A\" loading=\"eager\" fetchpriority=\"high\" decoding=\"sync\" class=\"w-full h-auto aspect-3\/2 object-cover object-top rounded-lg\"\/><\/p>\n","protected":false},"excerpt":{"rendered":"Sono ventiquattro i calciatori a disposizione di mister Pisacane per la gara di stasera contro l\u2019Inter all\u2019Unipol Domus.&hellip;\n","protected":false},"author":3,"featured_media":656794,"comment_status":"","ping_status":"","sticky":false,"template":"","format":"standard","meta":{"footnotes":"","_share_on_mastodon":"0"},"categories":[1452],"tags":[2842,362359,362360,721,81938,10111,38157,362361,362362,1740,350,1537,90,89,16229,1739,245,244],"class_list":["post-656793","post","type-post","status-publish","format-standard","has-post-thumbnail","category-calcio","tag-acquisto","tag-acquisto-rossoblu","tag-acquisto-rossoblu-riccardo","tag-calcio","tag-ciervo","tag-convocati","tag-convocazione","tag-convocazione-neo","tag-convocazione-neo-acquisto","tag-football","tag-inter","tag-it","tag-italia","tag-italy","tag-mina","tag-soccer","tag-sport","tag-sports"],"share_on_mastodon":{"url":"https:\/\/pubeurope.com\/@it\/117185612068217377","error":""},"_links":{"self":[{"href":"https:\/\/www.europesays.com\/it\/wp-json\/wp\/v2\/posts\/656793","targetHints":{"allow":["GET"]}}],"collection":[{"href":"https:\/\/www.europesays.com\/it\/wp-json\/wp\/v2\/posts"}],"about":[{"href":"https:\/\/www.europesays.com\/it\/wp-json\/wp\/v2\/types\/post"}],"author":[{"embeddable":true,"href":"https:\/\/www.europesays.com\/it\/wp-json\/wp\/v2\/users\/3"}],"replies":[{"embeddable":true,"href":"https:\/\/www.europesays.com\/it\/wp-json\/wp\/v2\/comments?post=656793"}],"version-history":[{"count":0,"href":"https:\/\/www.europesays.com\/it\/wp-json\/wp\/v2\/posts\/656793\/revisions"}],"wp:featuredmedia":[{"embeddable":true,"href":"https:\/\/www.europesays.com\/it\/wp-json\/wp\/v2\/media\/656794"}],"wp:attachment":[{"href":"https:\/\/www.europesays.com\/it\/wp-json\/wp\/v2\/media?parent=656793"}],"wp:term":[{"taxonomy":"category","embeddable":true,"href":"https:\/\/www.europesays.com\/it\/wp-json\/wp\/v2\/categories?post=656793"},{"taxonomy":"post_tag","embeddable":true,"href":"https:\/\/www.europesays.com\/it\/wp-json\/wp\/v2\/tags?post=656793"}],"curies":[{"name":"wp","href":"https:\/\/api.w.org\/{rel}","templated":true}]}}