{"id":656810,"date":"2026-08-30T17:33:15","date_gmt":"2026-08-30T17:33:15","guid":{"rendered":"https:\/\/www.europesays.com\/it\/656810\/"},"modified":"2026-08-30T17:33:15","modified_gmt":"2026-08-30T17:33:15","slug":"lodi-attacchi-choc-alla-dem-roberta-vallacchi-via-quello-schifo-di-foulard-dalla-testa-lei-in-cura-replica-agli-hater-vorrei-incontrarvi","status":"publish","type":"post","link":"https:\/\/www.europesays.com\/it\/656810\/","title":{"rendered":"Lodi, attacchi choc alla dem Roberta Vallacchi: \u00abVia quello schifo di foulard dalla testa\u00bb. Lei, in cura, replica agli hater: \u00abVorrei incontrarvi\u00bb"},"content":{"rendered":"<p>    di<br \/>\n    Carlo d&#8217;Elia<\/p>\n<p class=\"summary-art is-line-h-12\">La consigliera regionale del Pd ha presentato la prima serata della festa dell&#8217;Unit\u00e0 a Lodi e sotto il suo video sono scattati insulti anche personali. Lei, che combatte con un tumore e porta un foulard, non arretra: \u00abQuando una donna parla di donne e femminismo si scatenano gli istinti peggiori\u00bb<\/p>\n<p class=\"chapter-paragraph\">\u00abCos\u2019\u00e8 quel preservativo sulla testa\u00bb. \u00abTogliti quello schifo\u00bb. \u00abSiete la rovina del mondo, zecche maledette\u00bb. Sono alcuni degli insulti comparsi sotto un video pubblicato sui social da<b> Roberta Vallacchi, 61 anni, consigliera regionale del Partito Democratico<\/b> e volto storico dei dem nel Lodigiano,<a href=\"https:\/\/milano.corriere.it\/notizie\/cronaca\/23_febbraio_16\/lombardia-una-squadra-di-ex-sindaci-al-pirellone-undici-eletti-grazie-ai-voti-del-territorio-7c1391b3-5e09-4d22-92ac-b2b1d401fxlk.shtml\" title=\"Lombardia, una squadra di (ex) sindaci al Pirellone: undici eletti grazie ai voti del \u00abterritorio\u00bb\" rel=\"nofollow noopener\" target=\"_blank\"> oltre che madre del sindaco di Lodi Andrea Furegato<\/a>. Una valanga di<b> commenti offensivi arrivati per un motivo apparentemente banale: Vallacchi ha presentato la prima serata della Festa dell\u2019Unit\u00e0 del Lodigiano<\/b>, iniziata venerd\u00ec con un dibattito dedicato alle donne al diritto di voto del 1946. Un appuntamento che ha finito per trasformarsi, sui social, nel pretesto per<b> una raffica di attacchi personali.<\/b>\u00a0<\/p>\n<p class=\"chapter-paragraph\">Da alcuni mesi Vallacchi sta combattendo contro un tumore al seno e con l\u2019inizio della<b> chemioterapia<\/b> ha cominciato a perdere i capelli e ha scelto di coprire la testa con un foulard. \u00c8 proprio quell\u2019immagine, mostrata nel video della serata, ad aver scatenato alcuni degli insulti. <b>Vallacchi, per\u00f2, ha deciso di rispondere punto su punto<\/b>, senza sottrarsi al confronto: \u00abQuando una donna parla di donne e femminismo si scatenano gli istinti peggiori &#8211; dice la consigliera regionale dem -. E i social offrono il luogo ideale. Ma noi resistiamo\u00bb.\u00a0    &#13;<br \/>\n&#13;<br \/>\n&#13;<br \/>\n&#13;<br \/>\n&#13;<br \/>\n&#13;<br \/>\n&#13;<br \/>\n&#13;<br \/>\n&#13;<br \/>\n&#13;<br \/>\n&#13;<br \/>\n&#13;<br \/>\n&#13;<br \/>\n&#13;<br \/>\n&#13;<br \/>\n&#13;<br \/>\n&#13;<br \/>\n&#13;<br \/>\n&#13;<br \/>\n&#13;<br \/>\n&#13;<br \/>\n&#13;<br \/>\n&#13;<br \/>\n&#13;<br \/>\n&#13;<br \/>\n&#13;<br \/>\n&#13;<br \/>\n&#13;<br \/>\n&#13;<br \/>\n&#13;<br \/>\n&#13;<br \/>\n&#13;<br \/>\n&#13;<br \/>\n&#13;<br \/>\n&#13;<br \/>\n&#13;<br \/>\n&#13;<br \/>\n&#13;<br \/>\n&#13;<br \/>\n&#13;<br \/>\n&#13;<br \/>\n&#13;<br \/>\n&#13;<br \/>\n&#13;<br \/>\n&#13;<br \/>\n&#13;<br \/>\n&#13;<br \/>\n&#13;<br \/>\n&#13;<br \/>\n&#13;<br \/>\n&#13;<br \/>\n&#13;<br \/>\n&#13;\n<\/p>\n<p class=\"chapter-paragraph\">E rivolgendosi a chi ha lasciato i commenti pi\u00f9 violenti aggiunge: \u00abPer i pi\u00f9 scatenati direi che \u00e8 sufficiente che parliamo per liberare la loro brutalit\u00e0. <b>Mi piacerebbe vederli<\/b>\u00bb. Nelle ultime ore sono stati <b>tanti i messaggi di solidariet\u00e0<\/b> ricevuti dall\u2019esponente politica. \u00abNon si pu\u00f2 stare zitti, e soprattutto zitte, di fronte a tanta ignoranza e volgarit\u00e0 &#8211; commenta<b> Manuela Minojetti<\/b>, assessora alla Sicurezza del Comune di Lodi -. Roberta Vallacchi \u00e8 una donna straordinaria e una politica di altissimo livello. Nonostante la malattia, non arretra e continua a battersi per ci\u00f2 in cui crede. Di fronte a insulti che colpiscono una donna in quanto donna e per il suo impegno politico non possiamo restare in silenzio. La misoginia non si combatte con l\u2019indifferenza, ma prendendo posizione. <b>Chi sceglie di restare indifferente deve sapere che anche quella \u00e8 una scelta.<\/b> E, francamente, ci fa schifo\u00bb.<\/p>\n<p class=\"chapter-paragraph\">\u00abAnche se certi che Roberta Vallacchi abbia le capacit\u00e0 e la forza di affrontare temi ben pi\u00f9 complessi rispetto alla stupidit\u00e0 di certe offese, desideriamo a nome del <b>Movimento Cinque Stelle Lombardia<\/b> manifestarle la nostra <b>solidariet\u00e0<\/b>\u00bb, scrivono il coordinatore regionale lombardo del M5s,<b> Dario Violi<\/b>, e il capogruppo del M5s Lombardia in Consiglio regionale, <b>Nicola Di Marco<\/b>, in una nota congiunta, in cui aggiungono:\u00a0\u00abIl<b> filtro della tastiera<\/b> garantisce all<b>\u2019ignoranza <\/b>pi\u00f9 becera la copertura dell\u2019<b>anonimato<\/b>&#8230; Uno schema che si ripete con sempre maggiore frequenza, come se il continuo lisciare il pelo agli estremismi, portato avanti da programma da alcune forze politiche, abbia rappresentato una sorta di \u201ctana libera tutti\u201d, dove per &#8220;tutti&#8221; si intende gli istinti pi\u00f9 biechi\u00bb.<\/p>\n<p class=\"is-mr-t-20 is-mr-b-20\"><b><br \/>\n                    <a href=\"https:\/\/milano.corriere.it\/?intcmp=Notizielocali_nd_010623_corriere_ss_milano\" target=\"_blank\" rel=\"nofollow noopener\">Vai a tutte le notizie di Milano<\/a><br \/>\n            <\/b><\/p>\n<p class=\"chapter-paragraph\"><b><a href=\"https:\/\/www.corriere.it\/newsletter\/?theme=41&amp;intcmp=IIIcolonna_NL_CorMilano\" target=\"_blank\" rel=\"nofollow noopener\">Iscriviti alla newsletter di Corriere Milano<\/a><\/b><\/p>\n<p class=\"is-last-update\" datetime=\"2026-08-30T17:21:02+02:00\">29 agosto 2026 ( modifica il 30 agosto 2026 | 17:21)<\/p>\n<p class=\"is-copyright\">\n            \u00a9 RIPRODUZIONE RISERVATA\n        <\/p>\n","protected":false},"excerpt":{"rendered":"di Carlo d&#8217;Elia La consigliera regionale del Pd ha presentato la prima serata della festa dell&#8217;Unit\u00e0 a Lodi&hellip;\n","protected":false},"author":3,"featured_media":656811,"comment_status":"","ping_status":"","sticky":false,"template":"","format":"standard","meta":{"footnotes":"","_share_on_mastodon":"0"},"categories":[79],"tags":[148231,787,74086,2715,8281,7308,14,93,94,1370,1731,362372,362373,2429,362374,362375,7937,362376,362377,2217,75873,138056,1346,47291,14843,49540,362378,1537,90,89,46798,41921,5762,7,15,2463,8150,9818,362371,9674,9065,1686,1928,11,84,91,12,85,92,362370,2392],"class_list":["post-656810","post","type-post","status-publish","format-standard","has-post-thumbnail","category-italia","tag-arretra","tag-attacchi","tag-combatte","tag-commenti","tag-consigliera","tag-consigliera-regionale","tag-cronaca","tag-cronaca-italiana","tag-cronacaitaliana","tag-dem","tag-donna","tag-donna-parla","tag-donna-parla-donne","tag-donne","tag-donne-femminismo","tag-donne-femminismo-scatenano","tag-femminismo","tag-femminismo-scatenano","tag-femminismo-scatenano-istinti","tag-festa","tag-festa-unita","tag-foulard","tag-fronte","tag-ignoranza","tag-insulti","tag-istinti","tag-istinti-peggiori","tag-it","tag-italia","tag-italy","tag-lodi","tag-lodigiano","tag-lombardia","tag-news","tag-notizie","tag-parla","tag-regionale","tag-roberta","tag-roberta-vallacchi","tag-schifo","tag-serata","tag-social","tag-testa","tag-ultime-notizie","tag-ultime-notizie-e-news-di-oggi","tag-ultime-notizie-italia","tag-ultimenotizie","tag-ultimenotizieenewsdioggi","tag-ultimenotizieitalia","tag-vallacchi","tag-video"],"share_on_mastodon":{"url":"","error":"Validation failed: Text character limit of 500 exceeded"},"_links":{"self":[{"href":"https:\/\/www.europesays.com\/it\/wp-json\/wp\/v2\/posts\/656810","targetHints":{"allow":["GET"]}}],"collection":[{"href":"https:\/\/www.europesays.com\/it\/wp-json\/wp\/v2\/posts"}],"about":[{"href":"https:\/\/www.europesays.com\/it\/wp-json\/wp\/v2\/types\/post"}],"author":[{"embeddable":true,"href":"https:\/\/www.europesays.com\/it\/wp-json\/wp\/v2\/users\/3"}],"replies":[{"embeddable":true,"href":"https:\/\/www.europesays.com\/it\/wp-json\/wp\/v2\/comments?post=656810"}],"version-history":[{"count":0,"href":"https:\/\/www.europesays.com\/it\/wp-json\/wp\/v2\/posts\/656810\/revisions"}],"wp:featuredmedia":[{"embeddable":true,"href":"https:\/\/www.europesays.com\/it\/wp-json\/wp\/v2\/media\/656811"}],"wp:attachment":[{"href":"https:\/\/www.europesays.com\/it\/wp-json\/wp\/v2\/media?parent=656810"}],"wp:term":[{"taxonomy":"category","embeddable":true,"href":"https:\/\/www.europesays.com\/it\/wp-json\/wp\/v2\/categories?post=656810"},{"taxonomy":"post_tag","embeddable":true,"href":"https:\/\/www.europesays.com\/it\/wp-json\/wp\/v2\/tags?post=656810"}],"curies":[{"name":"wp","href":"https:\/\/api.w.org\/{rel}","templated":true}]}}