{"id":656814,"date":"2026-08-30T17:40:15","date_gmt":"2026-08-30T17:40:15","guid":{"rendered":"https:\/\/www.europesays.com\/it\/656814\/"},"modified":"2026-08-30T17:40:15","modified_gmt":"2026-08-30T17:40:15","slug":"volley-donne-italia-il-cerchio-magico-di-velasco","status":"publish","type":"post","link":"https:\/\/www.europesays.com\/it\/656814\/","title":{"rendered":"Volley donne Italia: il cerchio magico di Velasco"},"content":{"rendered":"<p>                                Da quando nel maggio 2024 Julio Velasco ha iniziato a lavorare con la selezione femminile ha scelto di intraprendere questo percorso con Massimo Barbolini e Juan Manuel Cichello, due fidati scudieri con i quali forma un trio invincibile<\/p>\n<p>                    30 agosto &#8211; 18:36  &#8211; BRNO (REPUBBLICA CECA)<\/p>\n<p class=\"paragraph\" spellcheck=\"true\">Julio, Massimo e Juan sono i tre moschettieri della Nazionale italiana. Da quando nel maggio 2024 Julio Velasco ha iniziato a lavorare con la selezione femminile ha scelto di intraprendere questo percorso in compagnia di Massimo Barbolini e Juan Manuel Cichello, due fidati scudieri con i quali forma un trio (a Parigi con Lorenzo Bernardi erano in quattro) invincibile. Due assistenti che sono entrati nella vita del tecnico di La Plata in momenti diversi della sua carriera ma che hanno lasciato in lui un ricordo importante tanto da meritarsi la chiamata in azzurro.<\/p>\n<p>    VINCENTE\u2014 \u00a0<\/p>\n<p class=\"paragraph is-inline\" spellcheck=\"true\">Il rapporto tra Massimo Barbolini e Julio Velasco inizia met\u00e0 degli anni 80 quando il tecnico argentino si trasferisce da Jesi alla Panini Modena. Dall\u2019estate 1985 al 1989 quando arriva la chiamata della Nazionale maschile: 4 anni nei quali il club emiliano vince 4 scudetti e 3 Coppe Italia. &#8220;Allora allenavo nel settore giovanile e Velasco mi chiese se volessi diventare il suo assistente \u2013 racconta Barbolini -. Una scelta che mi ha cambiato la vita&#8221;. Gi\u00e0, perch\u00e9 negli anni successivi il 62enne tecnico modenese diventa uno degli allenatori pi\u00f9 affermati della pallavolo femminile con un palmares che comprende 5 scudetti, 4 Champions (con 4 squadre diverse), 8 Coppe Italia, 2 Supercoppe, 1 Mondiale per Club e soprattutto due ori europei, i primi due della storia della pallavolo femminile italiana. &#8220;Quando Julio mi ha chiesto di seguirlo in Nazionale non ho avuto dubbi: credo che nessun altro me lo avrebbe chiesto&#8221;.<\/p>\n<p>    allievo\u2014 \u00a0<\/p>\n<p class=\"paragraph is-inline\" spellcheck=\"true\">Diverso \u00e8 il percorso che ha portato Velasco a legarsi a Juan Manuel Cichello. Classe 1975, Juan \u00e8 un adepto del pensiero velaschiano (&#8220;ho seguito tutti i corsi di Julio in Argentina e ho sempre tentato di mettere in pratica tutte le sue teorie&#8221;) e durante l\u2019esperienza da allenatore delle giovanili dell\u2019Argentina ha l\u2019occasione di coronare un sogno: incontra per un caff\u00e8 Velasco: &#8220;L\u2019ho fatto durare tanto \u2013 spiega Cichello -. Dalle 7 del pomeriggio alle 4 di notte a parlare di pallavolo. Ho riempito un block notes di appunti&#8221;. La carriera di Cichello prosegue, \u00e8 il primo allenatore che porta l\u2019Argentina juniores all\u2019oro del sudamericano battendo il Brasile. Nel 2011 riceve la classica telefonata che gli cambia la vita: \u201cMi suona il telefono e quando rispondo sento: \u2018Hola, soy Julio Velasco\u2019. Butto gi\u00e0 perch\u00e9 penso a uno scherzo dei miei amici che conoscono la venerazione che ho per lui. Il telefono risuona e ancora: \u2018Hola, soy Julio Velasco\u2019. Questa volta non riattacco, divento il suo assistente nell\u2019esperienza sulla panchina dell\u2019Iran\u201d. Il rapporto si fortifica e nel 2024 Velasco lo richiama per l\u2019avventura azzurra.<\/p>\n<p>    compiti\u2014 \u00a0<\/p>\n<p class=\"paragraph is-inline\" spellcheck=\"true\">Et\u00e0, storie e competenze diverse. La forza di questo trio di tecnici \u00e8 proprio questa: \u201cIo mi occupo dello studio delle palleggiatrici avversarie \u2013 spiega Barbolini che nei giorni di pausa tra il girone in Svezia e le gare in Repubblica Ceca \u00e8 andato a vedere le altre squadre impegnate a Istanbul \u2013 mentre Juan guarda le direzioni d\u2019attacco delle squadre che incontreremo. Il segreto \u00e8 dare poche informazioni ma corrette a Velasco. L\u2019ultima parola spetta sempre a lui\u201d. Ai Giochi 2024 e al Mondiale 2025 la catena di lavoro ha funzionato. Ora mancano 4 partite per entrare nella leggenda dello sport di squadra: eguagliare l\u2019Unione Sovietica e diventare la nazionale in grado di essere contemporaneamente campione olimpica, del mondo ed europea.<\/p>\n<p class=\"is-copyright\">\u00a9 RIPRODUZIONE RISERVATA<\/p>\n","protected":false},"excerpt":{"rendered":"Da quando nel maggio 2024 Julio Velasco ha iniziato a lavorare con la selezione femminile ha scelto di&hellip;\n","protected":false},"author":3,"featured_media":656815,"comment_status":"","ping_status":"","sticky":false,"template":"","format":"standard","meta":{"footnotes":"","_share_on_mastodon":"0"},"categories":[1474],"tags":[1960,2648,14997,3187,248138,362383,362384,1902,8950,1061,362379,362385,362386,554,24939,189206,5115,4876,1944,362387,362388,362389,1537,90,89,12034,63545,362380,15319,8057,26372,362381,1285,362382,2347,491,245,244,10976,3375,102737,15822,1869],"class_list":["post-656814","post","type-post","status-publish","format-standard","has-post-thumbnail","category-volley","tag-allenatore","tag-argentina","tag-assistente","tag-azzurra","tag-barbolini","tag-barbolini-juan","tag-barbolini-juan-manuel","tag-carriera","tag-chiamata","tag-chiesto","tag-cichello","tag-cichello-fidati","tag-cichello-fidati-scudieri","tag-club","tag-coppe","tag-coppe-italia","tag-diverse","tag-esperienza","tag-femminile","tag-femminile-scelto","tag-femminile-scelto-intraprendere","tag-fidati","tag-it","tag-italia","tag-italy","tag-juan","tag-juan-manuel","tag-juan-manuel-cichello","tag-julio","tag-julio-velasco","tag-manuel","tag-manuel-cichello","tag-massimo","tag-massimo-barbolini","tag-pallavolo","tag-percorso","tag-sport","tag-sports","tag-squadre","tag-tecnico","tag-trio","tag-velasco","tag-volley"],"share_on_mastodon":{"url":"","error":"Validation failed: Text character limit of 500 exceeded"},"_links":{"self":[{"href":"https:\/\/www.europesays.com\/it\/wp-json\/wp\/v2\/posts\/656814","targetHints":{"allow":["GET"]}}],"collection":[{"href":"https:\/\/www.europesays.com\/it\/wp-json\/wp\/v2\/posts"}],"about":[{"href":"https:\/\/www.europesays.com\/it\/wp-json\/wp\/v2\/types\/post"}],"author":[{"embeddable":true,"href":"https:\/\/www.europesays.com\/it\/wp-json\/wp\/v2\/users\/3"}],"replies":[{"embeddable":true,"href":"https:\/\/www.europesays.com\/it\/wp-json\/wp\/v2\/comments?post=656814"}],"version-history":[{"count":0,"href":"https:\/\/www.europesays.com\/it\/wp-json\/wp\/v2\/posts\/656814\/revisions"}],"wp:featuredmedia":[{"embeddable":true,"href":"https:\/\/www.europesays.com\/it\/wp-json\/wp\/v2\/media\/656815"}],"wp:attachment":[{"href":"https:\/\/www.europesays.com\/it\/wp-json\/wp\/v2\/media?parent=656814"}],"wp:term":[{"taxonomy":"category","embeddable":true,"href":"https:\/\/www.europesays.com\/it\/wp-json\/wp\/v2\/categories?post=656814"},{"taxonomy":"post_tag","embeddable":true,"href":"https:\/\/www.europesays.com\/it\/wp-json\/wp\/v2\/tags?post=656814"}],"curies":[{"name":"wp","href":"https:\/\/api.w.org\/{rel}","templated":true}]}}