{"id":656833,"date":"2026-08-30T17:57:14","date_gmt":"2026-08-30T17:57:14","guid":{"rendered":"https:\/\/www.europesays.com\/it\/656833\/"},"modified":"2026-08-30T17:57:14","modified_gmt":"2026-08-30T17:57:14","slug":"audi-q9-il-gigante-dei-quattro-anelli","status":"publish","type":"post","link":"https:\/\/www.europesays.com\/it\/656833\/","title":{"rendered":"Audi Q9, il gigante dei Quattro Anelli"},"content":{"rendered":"<p>Pi\u00f9 che un nuovo modello, una dichiarazione di ingombro. A lungo rumoreggiata, finalmente Audi Q9 arriva per occupare il gradino pi\u00f9 alto della gamma Suv di Ingolstadt: 5,31 metri di lunghezza, sette posti, una calandra single frame che fa provincia. Il suo habitat naturale, pi\u00f9 che le strette vie europee, sono Stati Uniti e Cina. Ma si far\u00e0 largo anche in Italia, entro il quarto trimestre del 2026. Rispetto alla gi\u00e0 imponente Q7, la nuova ammiraglia allunga ulteriormente il passo, fino a 3,14 metri: 14 centimetri in pi\u00f9 che si traducono soprattutto in spazio per chi siede dietro. Sette posti o, in alternativa, sei con due poltrone singole in seconda fila. Lusso significa anche tecnologia in abbondanza: la plancia ospita l\u2019Audi Digital Stage a tre schermi, cio\u00e8 strumentazione da 12,3\u201d, infotainment da 14,5\u201d e display passeggero della stessa diagonale. Non mancano maxi tetto panoramico, impianto Bang &amp; Olufsen sincronizzato con le luci ambientali. Al lancio, sotto il cofano resiste il Diesel, anche se elettrificato: V63.0 mild hybrid da 245 o 299 Cv, cambio automatico a otto rapporti e trazione integrale. Pi\u00f9 avanti toccher\u00e0 alla plug-in hybrid. Sospensioni adattive, sterzo integrale e pacchetto Adas di Livello 2 completano la ricetta del Suv Audi anti-Mercedes GLS e Bmw X7. Anche il prezzo (da 116.900 euro) \u00e8 coerente con le dimensioni: extra large.<\/p>\n<p role=\"heading\" aria-level=\"2\" class=\"text \">\u00a9 Riproduzione riservata<\/p>\n","protected":false},"excerpt":{"rendered":"Pi\u00f9 che un nuovo modello, una dichiarazione di ingombro. A lungo rumoreggiata, finalmente Audi Q9 arriva per occupare&hellip;\n","protected":false},"author":3,"featured_media":656834,"comment_status":"","ping_status":"","sticky":false,"template":"","format":"standard","meta":{"footnotes":"","_share_on_mastodon":"0"},"categories":[173],"tags":[3359,362416,319361,73903,356,362414,1537,90,89,362415,362413,195,198,199,197,200,201,242,194,196],"class_list":["post-656833","post","type-post","status-publish","format-standard","has-post-thumbnail","category-scienza-e-tecnologia","tag-audi","tag-audi-digital-stage","tag-bang-olufsen","tag-bmw-x7","tag-cina","tag-ingolstadt","tag-it","tag-italia","tag-italy","tag-mercedes-gls","tag-q9","tag-science","tag-science-and-technology","tag-scienceandtechnology","tag-scienza","tag-scienza-e-tecnologia","tag-scienzaetecnologia","tag-stati-uniti","tag-technology","tag-tecnologia"],"share_on_mastodon":{"url":"https:\/\/pubeurope.com\/@it\/117185757139942483","error":""},"_links":{"self":[{"href":"https:\/\/www.europesays.com\/it\/wp-json\/wp\/v2\/posts\/656833","targetHints":{"allow":["GET"]}}],"collection":[{"href":"https:\/\/www.europesays.com\/it\/wp-json\/wp\/v2\/posts"}],"about":[{"href":"https:\/\/www.europesays.com\/it\/wp-json\/wp\/v2\/types\/post"}],"author":[{"embeddable":true,"href":"https:\/\/www.europesays.com\/it\/wp-json\/wp\/v2\/users\/3"}],"replies":[{"embeddable":true,"href":"https:\/\/www.europesays.com\/it\/wp-json\/wp\/v2\/comments?post=656833"}],"version-history":[{"count":0,"href":"https:\/\/www.europesays.com\/it\/wp-json\/wp\/v2\/posts\/656833\/revisions"}],"wp:featuredmedia":[{"embeddable":true,"href":"https:\/\/www.europesays.com\/it\/wp-json\/wp\/v2\/media\/656834"}],"wp:attachment":[{"href":"https:\/\/www.europesays.com\/it\/wp-json\/wp\/v2\/media?parent=656833"}],"wp:term":[{"taxonomy":"category","embeddable":true,"href":"https:\/\/www.europesays.com\/it\/wp-json\/wp\/v2\/categories?post=656833"},{"taxonomy":"post_tag","embeddable":true,"href":"https:\/\/www.europesays.com\/it\/wp-json\/wp\/v2\/tags?post=656833"}],"curies":[{"name":"wp","href":"https:\/\/api.w.org\/{rel}","templated":true}]}}