{"id":656856,"date":"2026-08-30T18:18:21","date_gmt":"2026-08-30T18:18:21","guid":{"rendered":"https:\/\/www.europesays.com\/it\/656856\/"},"modified":"2026-08-30T18:18:21","modified_gmt":"2026-08-30T18:18:21","slug":"beautiful-anticipazioni-puntate-30-agosto-5-settembre-2026-le-trame","status":"publish","type":"post","link":"https:\/\/www.europesays.com\/it\/656856\/","title":{"rendered":"Beautiful: anticipazioni puntate 30 agosto 5 settembre 2026, le trame"},"content":{"rendered":"<p class=\"paragraph\" spellcheck=\"true\">Proseguir\u00e0 domenica 30 agosto 2026 l&#8217;appuntamento quotidiano con <b>Beautiful<\/b>, la longeva soap opera che ha debuttato nel 1987 negli Stati Uniti arrivando in Italia prima nel 1990 su Rai 2 e poi dal 1994 sulle reti Mediaset. Attualmente la programmazione italiana \u00e8 in ritardo di oltre un anno rispetto a quella statunitense complice anche al breve durata delle puntate trasmesse dal luned\u00ec alla domenica su Canale 5.\u00a0<\/p>\n<p class=\"paragraph\" spellcheck=\"true\">Prima di scoprire quello che ci aspetta<b> tra domenica 30 agosto e sabato 5 settembre<\/b>, vediamo dove eravamo rimasti. Sia Steffy che Ridge sono preoccupati per il calo delle vendite della <b>Hope for the Future<\/b>. Carter, che recentemente si \u00e8 molto avvicinato a Hope, li ha invitati a guardare le cose in prospettiva, immaginando come sia un investimento sul futuro dell&#8217;azienda perch\u00e9 quella collezione parla a un pubblico pi\u00f9 giovane da sempre lontano dalla Forrester. Non solo ma Carter ha l&#8217;idea che la societ\u00e0 dovrebbe occuparsi anche di profumi, pelletteria e gioielli per questo vuole rilanciare la linea di gioielli disegnata da Ivy con l&#8217;aiuto di Electra.<\/p>\n","protected":false},"excerpt":{"rendered":"Proseguir\u00e0 domenica 30 agosto 2026 l&#8217;appuntamento quotidiano con Beautiful, la longeva soap opera che ha debuttato nel 1987&hellip;\n","protected":false},"author":3,"featured_media":656857,"comment_status":"","ping_status":"","sticky":false,"template":"","format":"standard","meta":{"footnotes":"","_share_on_mastodon":"0"},"categories":[1444],"tags":[2699,88905,362420,1518,11536,551,16275,16281,16285,269027,10721,34935,2773,36661,362421,475,1112,203,8231,362418,16272,332779,128,362419,204,1537,90,89,4781,529,9167,16282,8202,8835,51441,20617,407,362417,16289,12051,14861,253,4981],"class_list":["post-656856","post","type-post","status-publish","format-standard","has-post-thumbnail","category-tv","tag-agosto","tag-ammaliato","tag-ammaliato-bellezza","tag-anticipazioni","tag-anticipazioni-puntata","tag-attualmente","tag-beautiful","tag-beautiful-onda","tag-beautiful-onda-canale","tag-beautiful-scoprire","tag-bellezza","tag-brooke","tag-canale","tag-carter","tag-carter-hope","tag-chiede","tag-domenica","tag-entertainment","tag-eric","tag-eric-ridge","tag-hope","tag-hope-carter","tag-idea","tag-idea-carter","tag-intrattenimento","tag-it","tag-italia","tag-italy","tag-linea","tag-lusso","tag-onda","tag-onda-canale","tag-puntata","tag-puntate","tag-ridge","tag-scoprire","tag-settembre","tag-settembre-beautiful","tag-steffy","tag-taylor","tag-trasformare","tag-tv","tag-vediamo"],"share_on_mastodon":{"url":"","error":"Validation failed: Text character limit of 500 exceeded"},"_links":{"self":[{"href":"https:\/\/www.europesays.com\/it\/wp-json\/wp\/v2\/posts\/656856","targetHints":{"allow":["GET"]}}],"collection":[{"href":"https:\/\/www.europesays.com\/it\/wp-json\/wp\/v2\/posts"}],"about":[{"href":"https:\/\/www.europesays.com\/it\/wp-json\/wp\/v2\/types\/post"}],"author":[{"embeddable":true,"href":"https:\/\/www.europesays.com\/it\/wp-json\/wp\/v2\/users\/3"}],"replies":[{"embeddable":true,"href":"https:\/\/www.europesays.com\/it\/wp-json\/wp\/v2\/comments?post=656856"}],"version-history":[{"count":0,"href":"https:\/\/www.europesays.com\/it\/wp-json\/wp\/v2\/posts\/656856\/revisions"}],"wp:featuredmedia":[{"embeddable":true,"href":"https:\/\/www.europesays.com\/it\/wp-json\/wp\/v2\/media\/656857"}],"wp:attachment":[{"href":"https:\/\/www.europesays.com\/it\/wp-json\/wp\/v2\/media?parent=656856"}],"wp:term":[{"taxonomy":"category","embeddable":true,"href":"https:\/\/www.europesays.com\/it\/wp-json\/wp\/v2\/categories?post=656856"},{"taxonomy":"post_tag","embeddable":true,"href":"https:\/\/www.europesays.com\/it\/wp-json\/wp\/v2\/tags?post=656856"}],"curies":[{"name":"wp","href":"https:\/\/api.w.org\/{rel}","templated":true}]}}