{"id":656869,"date":"2026-08-30T18:27:20","date_gmt":"2026-08-30T18:27:20","guid":{"rendered":"https:\/\/www.europesays.com\/it\/656869\/"},"modified":"2026-08-30T18:27:20","modified_gmt":"2026-08-30T18:27:20","slug":"il-foulard-non-e-un-simbolo-politico-e-una-malattia","status":"publish","type":"post","link":"https:\/\/www.europesays.com\/it\/656869\/","title":{"rendered":"\u00abIl foulard non \u00e8 un simbolo politico. \u00c8 una malattia\u00bb"},"content":{"rendered":"<p>            <a class=\"link-section-article\" href=\"https:\/\/www.ilcittadino.it\/publisher\/cronaca\/section\/\" alt=\"Cronaca\" rel=\"nofollow noopener\" target=\"_blank\">Cronaca<\/a><\/p>\n<p>                \/<br \/>\n                <a class=\"link-location-article\" href=\"https:\/\/www.ilcittadino.it\/publisher\/lodi\/section\/\" alt=\"Lodi\" rel=\"nofollow noopener\" target=\"_blank\">Lodi<\/a><\/p>\n<p>                Domenica 30 Agosto 2026<\/p>\n<p class=\"mb-0\">\n             Lodi  La consigliera regionale del Pd risponde agli haters e pensa alle denunce\n        <\/p>\n<p>        Lettura 1 min.<\/p>\n<p>                <img decoding=\"async\" width=\"30\" src=\"https:\/\/www.europesays.com\/it\/wp-content\/uploads\/2025\/07\/1753567450_640_default_user.png\" alt=\"Francesca Fornaroli\"\/><\/p>\n<p>\n                Francesca Fornaroli\n            <\/p>\n<p>\u201cIl foulard non \u00e8 un simbolo politico. \u00c8 una malattia\u201d. \u00c8 da qui che Roberta Vallacchi sceglie di ripartire dopo gli insulti comparsi sotto il video della Festa dell\u2019Unit\u00e0. Parole che spostano il caso oltre la semplice polemica sui social e riportano al centro una domanda molto pi\u00f9 pesante: cosa succede quando il confronto politico smette di colpire le idee e comincia a colpire la persona? Tutto nasce da un video apparentemente innocuo.<\/p>\n<p>Gioved\u00ec sera si era aperta la Festa dell\u2019Unit\u00e0 del Lodigiano e il primo dibattito era dedicato agli 80 anni del voto alle donne, alle madri costituenti e alle grandi conquiste che hanno segnato il percorso dell\u2019emancipazione femminile. Poi, sotto quel video, \u00e8 arrivato altro. Insulti politici, attacchi personali e commenti rivolti anche a una fotografia di gruppo di donne, definite \u201ccesse\u201d. E ancora: \u201cSiete la rovina del mondo, zecche maledette\u201d e \u201cTogliti quello schifo\u201d, riferito al foulard indossato da Vallacchi.<\/p>\n<p>Leggi anche<\/p>\n<p><a class=\"link-image-article\" href=\"https:\/\/www.ilcittadino.it\/stories\/lodi\/insulti-pesanti-contro-la-consigliera-regionale-pd-roberta-vallacchi-sui-social-o_210920_96\/\" rel=\"nofollow noopener\" target=\"_blank\"><br \/>\n<img decoding=\"async\" alt=\"Insulti pesanti contro la consigliera regionale Pd Roberta Vallacchi sui social: \u00abTogliti quel foulard...\u00bb\" class=\"lozad\" src=\"https:\/\/www.europesays.com\/it\/wp-content\/uploads\/2026\/08\/insulti-pesanti-contro-la-consigliera-regionale-pd-roberta-vallacchi-sui-social_b24b43ae-a450-11f1-b.jpeg\" bad-src=\"https:\/\/www.europesays.com\/it\/wp-content\/uploads\/2026\/08\/insulti-pesanti-contro-la-consigliera-regionale-pd-roberta-vallacchi-sui-social_b24b43ae-a450-11f1-b.jpeg\"\/><br \/>\n<\/a><\/p>\n<p>Per la consigliera regionale del Pd, per\u00f2, non si tratta soltanto di una serie di commenti offensivi. C\u2019\u00e8 un elemento che rende la vicenda ancora pi\u00f9 grave: quel foulard \u00e8 legato alla sua malattia. Vallacchi sta affrontando un tumore al seno e, dopo la chemioterapia, ha scelto di non indossare una parrucca. Ha scelto il foulard e di continuare a mostrarsi pubblicamente cos\u00ec, anche nel suo ruolo istituzionale. \u201cRitengo di non dovermi nascondere\u201d, \u00e8 il concetto da cui parte la consigliera. E proprio per questo considera particolarmente grave che una condizione di salute possa diventare materia di derisione.<\/p>\n<p>\u201cSi perde la solidariet\u00e0 umana, la compassione\u201d, il senso delle sue parole. Non sarebbe stato colpito un simbolo politico, dunque, ma una persona alle prese con una fase delicata della propria vita. Vallacchi interpreta inoltre gli attacchi come qualcosa che riguarda anche il rapporto con le donne e con il loro percorso verso una reale parit\u00e0 di genere. \u201cQuando non c\u2019\u00e8 la capacit\u00e0, o la volont\u00e0, di affrontare un confronto politico sulle idee &#8211; sostiene -, l\u2019unica strada scelta da alcuni diventa quella dell\u2019insulto e dell\u2019attacco personale. E il bersaglio, in questo caso, \u00e8 arrivato proprio durante una serata dedicata alle conquiste delle donne\u201d. La consigliera non nasconde la durezza della situazione, ma precisa di non sentirsi personalmente sconfitta dagli attacchi. \u00c8 al secondo tumore, dopo dieci anni, e proprio la sua esperienza l\u2019ha spinta a scegliere di non nascondersi. Anche per questo sta valutando la possibilit\u00e0 di denunciare quanto accaduto. Non soltanto per s\u00e9. \u201cL\u2019obiettivo &#8211; spiega &#8211; \u00e8 anche tutelare chi vive situazioni analoghe e potrebbe sentirsi umiliato, isolato o spinto a nascondere la propria condizione. Perch\u00e9 il rischio \u00e8 che un attacco di questo tipo finisca per colpire non soltanto chi lo riceve, ma anche tutte quelle persone che ogni giorno attraversano percorsi di malattia e fragilit\u00e0\u201d.<\/p>\n<p class=\"articolo-riservato\">\n                            \u00a9 RIPRODUZIONE RISERVATA\n                        <\/p>\n","protected":false},"excerpt":{"rendered":"Cronaca \/ Lodi Domenica 30 Agosto 2026 Lodi La consigliera regionale del Pd risponde agli haters e pensa&hellip;\n","protected":false},"author":3,"featured_media":656870,"comment_status":"","ping_status":"","sticky":false,"template":"","format":"standard","meta":{"footnotes":"","_share_on_mastodon":"0"},"categories":[79],"tags":[185,14,93,94,184,114475,1537,90,89,370,7,15,490,35739,362371,240,25203,11,84,91,12,85,92],"class_list":["post-656869","post","type-post","status-publish","format-standard","has-post-thumbnail","category-italia","tag-affari-e-finanza","tag-cronaca","tag-cronaca-italiana","tag-cronacaitaliana","tag-economia","tag-francesca-fornaroli","tag-it","tag-italia","tag-italy","tag-malattia","tag-news","tag-notizie","tag-pd","tag-ricerca-medica","tag-roberta-vallacchi","tag-salute","tag-servizi-finanziari","tag-ultime-notizie","tag-ultime-notizie-e-news-di-oggi","tag-ultime-notizie-italia","tag-ultimenotizie","tag-ultimenotizieenewsdioggi","tag-ultimenotizieitalia"],"share_on_mastodon":{"url":"https:\/\/pubeurope.com\/@it\/117185875799381378","error":""},"_links":{"self":[{"href":"https:\/\/www.europesays.com\/it\/wp-json\/wp\/v2\/posts\/656869","targetHints":{"allow":["GET"]}}],"collection":[{"href":"https:\/\/www.europesays.com\/it\/wp-json\/wp\/v2\/posts"}],"about":[{"href":"https:\/\/www.europesays.com\/it\/wp-json\/wp\/v2\/types\/post"}],"author":[{"embeddable":true,"href":"https:\/\/www.europesays.com\/it\/wp-json\/wp\/v2\/users\/3"}],"replies":[{"embeddable":true,"href":"https:\/\/www.europesays.com\/it\/wp-json\/wp\/v2\/comments?post=656869"}],"version-history":[{"count":0,"href":"https:\/\/www.europesays.com\/it\/wp-json\/wp\/v2\/posts\/656869\/revisions"}],"wp:featuredmedia":[{"embeddable":true,"href":"https:\/\/www.europesays.com\/it\/wp-json\/wp\/v2\/media\/656870"}],"wp:attachment":[{"href":"https:\/\/www.europesays.com\/it\/wp-json\/wp\/v2\/media?parent=656869"}],"wp:term":[{"taxonomy":"category","embeddable":true,"href":"https:\/\/www.europesays.com\/it\/wp-json\/wp\/v2\/categories?post=656869"},{"taxonomy":"post_tag","embeddable":true,"href":"https:\/\/www.europesays.com\/it\/wp-json\/wp\/v2\/tags?post=656869"}],"curies":[{"name":"wp","href":"https:\/\/api.w.org\/{rel}","templated":true}]}}