{"id":656871,"date":"2026-08-30T18:28:17","date_gmt":"2026-08-30T18:28:17","guid":{"rendered":"https:\/\/www.europesays.com\/it\/656871\/"},"modified":"2026-08-30T18:28:17","modified_gmt":"2026-08-30T18:28:17","slug":"guerra-ucraina-russia-le-notizie-in-diretta-il-cremlino-incontro-putin-trump-zelensky-possibile-solo-per-la-firma-di-un-accordo-linviato-del-vaticano-per-risolvere-la-guerra","status":"publish","type":"post","link":"https:\/\/www.europesays.com\/it\/656871\/","title":{"rendered":"Guerra Ucraina-Russia, le notizie in diretta | Il Cremlino: \u00abIncontro Putin-Trump-Zelensky possibile solo per la firma di un accordo\u00bb. L&#8217;inviato del Vaticano: \u00abPer risolvere la guerra, non isolare Mosca\u00bb"},"content":{"rendered":"<p>\t\t\tAttacco al deposito di armi: strage alle porte di Kiev. La furia di Zelensky:\u00a0\u00abGravi negligenze da parte nostra\u00bb<\/p>\n<p>(Marta Serafini) Era gi\u00e0 successo poche settimane fa a una manciata di chilometri di distanza. Un drone russo ha centrato un deposito di armi nel villaggio di Myla, nel distretto di Bucha, alle porte di Kiev, provocando una strage: almeno 37 morti, oltre quaranta feriti, almeno quattro dispersi, case danneggiate, evacuazioni e soccorsi andati avanti per ore tra incendi e detonazioni successive. Il magazzino colpito custodiva, secondo le autorit\u00e0 ucraine, munizioni, mine, droni e altro materiale esplosivo. Un obiettivo militare, dunque, ma collocato in un\u2019area abitata. In particolare la maggior parte delle vittime erano residenti di una casa di riposo per anziani che si trovava nelle vicinanze. L\u2019attacco, inoltre, non si \u00e8 esaurito in un solo momento. L\u2019allarme e le esplosioni sono andati avanti per ore: prima il raid, poi gli incendi, quindi le deflagrazioni secondarie del materiale custodito nel deposito, che hanno reso pi\u00f9 difficile l\u2019intervento dei soccorritori e prolungato l\u2019emergenza ben oltre l\u2019impatto iniziale. \u00c8 una dinamica che spiega anche l\u2019alto numero di vittime e la gravit\u00e0 dei danni nell\u2019area circostante.<\/p>\n<p>In questo quadro pesa anche il tipo di mezzo usato da Mosca. Sempre pi\u00f9 spesso la Russia impiega droni a propulsione, velivoli pi\u00f9 veloci e con un profilo diverso rispetto ai droni lenti di fabbricazione iraniana. Sono apparecchi che possono rendere pi\u00f9 difficile l\u2019intercettazione e che si prestano meglio a colpire obiettivi puntuali e sensibili, come infrastrutture, magazzini e snodi logistici.<\/p>\n<p>Quello di Myla non \u00e8 un episodio isolato, ma il secondo caso nel giro di poco pi\u00f9 di un mese e a una ventina di chilometri di distanza. A luglio era gi\u00e0 successo a Vyshneve, sempre alle porte di Kiev, dove un altro attacco contro un deposito di munizioni aveva provocato vittime e gravi danni alle abitazioni. Su quel caso la magistratura ucraina ha aperto un\u2019inchiesta per accertare eventuali negligenze nelle modalit\u00e0 di stoccaggio del materiale esplosivo vicino ai centri abitati. A Kiev, e non solo a Kiev, la presenza di depositi militari in zone densamente popolate sta diventando un problema sempre pi\u00f9 visibile.<\/p>\n<p>La reazione pi\u00f9 dura \u00e8 arrivata da Volodymyr Zelensky. Il presidente ucraino ha parlato apertamente di \u00abgrave negligenza\u00bb, sottolineando che quel deposito non avrebbe dovuto trovarsi in quel punto e ordinando accertamenti sulle responsabilit\u00e0.<\/p>\n<p>Sul piano operativo, il raid si colloca in un quadro che a Kiev viene letto come sempre pi\u00f9 minaccioso. A evocarlo \u00e8 stato Pavlo Palisa, vice capo dell\u2019ufficio presidenziale ucraino e figura che segue da vicino i dossier militari e di sicurezza. \u00c8 lui ad aver sostenuto che Vladimir Putin avrebbe ordinato di pianificare operazioni su Kiev e Chernihiv, cio\u00e8 sul nord del Paese e sulla direttrice della capitale. In quest\u2019ottica l\u2019attacco a Myla appare non come un episodio isolato ma come un tassello di una pressione pi\u00f9 ampia: colpire depositi, logistica e infrastrutture militari attorno a Kiev, aumentando insieme l\u2019impatto psicologico e la vulnerabilit\u00e0 civile.<br \/>In parallelo Putin ha ricevuto Alexander Lukashenko a Novo-Ogariovo, la residenza presidenziale fuori Mosca, per una visita che il Cremlino ha definito informale ma che cade in una fase di strettissimo coordinamento tra Russia e Bielorussia. Il presidente russo ha rivendicato la crescita della cooperazione economica tra i due Paesi, parlando di un interscambio arrivato lo scorso anno a quasi 52 miliardi di dollari e cresciuto ancora nel primo semestre. Ma il significato dell\u2019incontro va oltre i numeri: mentre a nord di Kiev si concentrano nuovi timori, l\u2019asse Mosca-Minsk viene ribadito come un blocco politico e strategico pienamente operativo.<\/p>\n<p>C\u2019\u00e8 infine il riflesso europeo di questa fase della guerra. Secondo Politico , il cancelliere tedesco Friedrich Merz si prepara ad attribuire alla Russia la responsabilit\u00e0 del tentato attacco con drone esplosivo all\u2019aeroporto di Lipsia\/Halle e ad annunciare nuove sanzioni. Secondo le ricostruzioni, il drone avrebbe dovuto colpire un cargo Antonov ucraino impiegato anche per il trasporto di equipaggiamento militare.<\/p>\n<p>Se Berlino formalizzer\u00e0 davvero questa accusa, il significato politico sar\u00e0 netto: la pressione russa non verr\u00e0 pi\u00f9 letta soltanto come minaccia sul fronte ucraino, ma come fattore diretto di destabilizzazione della sicurezza europea. E altrettanto netto \u00e8 l\u2019avvertimento del premier polacco Donald Tusk dopo un colloquio col segretario della Nato Mark Rutte. \u00abL\u2019escalation russa sta progredendo\u00bb, ha commentato. \u00abE i prossimi sei mesi saranno decisivi\u00bb .<\/p>\n","protected":false},"excerpt":{"rendered":"Attacco al deposito di armi: strage alle porte di Kiev. La furia di Zelensky:\u00a0\u00abGravi negligenze da parte nostra\u00bb&hellip;\n","protected":false},"author":3,"featured_media":656872,"comment_status":"","ping_status":"","sticky":false,"template":"","format":"standard","meta":{"footnotes":"","_share_on_mastodon":"0"},"categories":[6],"tags":[16246,1471,579,506,61231,362435,362436,1002,1005,867,343276,362437,797,763,6463,8708,2699,839,8573,1495,31,7574,3825,288050,362438,1238,841,1018,4486,4495,7961,787,362439,362440,765,362441,72785,1963,917,4431,362442,362443,1305,788,2333,39547,6475,1033,52889,8642,920,3986,108351,2773,10493,392,777,48723,362444,362445,362446,37030,727,11474,3844,1052,4970,40741,5697,2225,52539,432,48722,275211,275212,362447,362448,294,1065,362449,9789,353384,200541,433,701,6350,93335,394,46767,2573,41,362450,934,21107,1089,790,395,362451,362452,14,420,15954,2708,45517,10176,362422,239021,5114,766,767,6352,6927,1508,5631,1109,75899,358500,14567,3669,21615,1462,5115,211147,2391,5225,1690,1112,18644,1113,206,1907,362453,4125,18253,4467,362454,6390,4726,6777,362455,362456,78779,362457,27011,1116,9288,65881,768,3085,1595,826,827,82608,769,4488,3044,1251,946,77,52455,8,459,3411,399,1173,1174,98911,1302,952,362423,2629,88925,151934,1537,90,89,1602,245116,400,362424,75638,8499,362425,1212,39626,278757,11079,9889,794,888,851,6333,6358,964,770,382,30753,362426,2737,7,101,15,82,9,83,10,4476,1312,273,4483,35118,362427,855,362428,362429,350251,72817,66112,10567,857,24848,387,9864,975,332,7522,141113,4565,7901,3522,13282,11872,135,404,6338,6339,28214,362430,112442,122683,383,36348,362431,40000,24723,13814,6438,203469,8213,111,795,38147,5822,4152,4465,4477,171,388,4484,243738,989,863,408,4470,3185,362432,18148,4583,13,44682,379,35455,362433,37279,170,4523,4485,4472,6342,6343,61818,11,80,84,12,81,85,3414,1418,2529,4468,838,4494,4526,4527,4528,4473,362434],"class_list":["post-656871","post","type-post","status-publish","format-standard","has-post-thumbnail","category-ultime-notizie","tag-abitazioni","tag-accordi","tag-accordo","tag-accusa","tag-accusare","tag-accusare-formalmente","tag-accusare-formalmente-russia","tag-aerea","tag-aereo","tag-aeroporto","tag-aeroporto-lipsia","tag-aeroporto-lipsia-halle","tag-affermato","tag-agenzia","tag-agenzia-stampa","tag-aggiungendo","tag-agosto","tag-almeno","tag-almeno-morti","tag-altre","tag-amministrazione","tag-andati","tag-annuncio","tag-antonov","tag-antonov-ucraino","tag-aperta","tag-area","tag-aree","tag-armate","tag-armate-ucraine","tag-armi","tag-attacchi","tag-attacchi-installazioni","tag-attacchi-installazioni-settore","tag-attacco","tag-attacco-deposito","tag-attacco-ucraino","tag-attuale","tag-autorita","tag-avviato","tag-avviato-preparazione","tag-avviato-preparazione-massicci","tag-axios","tag-bambini","tag-base","tag-base-aerea","tag-berlino","tag-bilancio","tag-bishkek","tag-blocco","tag-bombardamenti","tag-bretagna","tag-bucha","tag-canale","tag-cancelliere","tag-capitale","tag-capo","tag-capo-cia","tag-capo-cia-proposto","tag-capo-unita","tag-capo-unita-guerra","tag-cargo","tag-case","tag-catena","tag-centinaia","tag-centri","tag-cercando","tag-chernihiv","tag-chili","tag-chilometri","tag-chilometri-distanza","tag-chiusura","tag-cia","tag-cia-john","tag-cia-john-ratcliffe","tag-cia-proposto","tag-cia-proposto-incontro","tag-civili","tag-colloqui","tag-colloqui-rappresentanti","tag-colpire","tag-colpire-obiettivi","tag-colpiremo","tag-colpito","tag-comando","tag-complesso","tag-conducendo","tag-conflitto","tag-conflitto-ucraina","tag-conseguenze","tag-consigliere","tag-consigliere-putin","tag-continua","tag-continui","tag-cooperazione","tag-corso","tag-cremlino","tag-cremlino-incontro","tag-cremlino-incontro-putin","tag-cronaca","tag-danni","tag-definiti","tag-deliberato","tag-depositi","tag-deposito","tag-deposito-armi","tag-deposito-munizioni","tag-dettagli","tag-dichiarato","tag-difesa","tag-difesa-russo","tag-difficile","tag-diplomatici","tag-diretta","tag-direttore","tag-direttore-cia","tag-direttore-cia-john","tag-disponibili","tag-distanza","tag-distretto","tag-distrutto","tag-diverse","tag-diverse-esplosioni","tag-diversi","tag-diverso","tag-domani","tag-domenica","tag-domenica-agosto","tag-donald","tag-donald-trump","tag-dovuto","tag-dovuto-colpire","tag-drone","tag-drone-russo","tag-droni","tag-droni-propulsione","tag-droni-russi","tag-economica","tag-elettronica","tag-elettronica-intelligence","tag-elettronica-intelligence-elettronica","tag-energetiche","tag-energetiche-ucraine","tag-energetico","tag-erdogan","tag-esplosioni","tag-esplosivo","tag-esteri","tag-europa","tag-febbraio","tag-feriti","tag-fonti","tag-formalmente","tag-forze","tag-forze-armate","tag-germania","tag-grandi","tag-gravi","tag-guerra","tag-halle","tag-headlines","tag-incendi","tag-incendio","tag-incontro","tag-informazioni","tag-infrastrutture","tag-infrastrutture-militari","tag-inizio","tag-intelligence","tag-intelligence-elettronica","tag-invasione","tag-invasione-ucraina","tag-isolare","tag-it","tag-italia","tag-italy","tag-john","tag-john-ratcliffe","tag-kiev","tag-kiev-chernihiv","tag-leningrado","tag-lipsia","tag-lipsia-halle","tag-magazzino","tag-marta","tag-marta-serafini","tag-materiale","tag-merz","tag-militare","tag-militari","tag-ministero","tag-ministero-difesa","tag-ministero-difesa-russo","tag-morte","tag-morti","tag-mosca","tag-munizioni","tag-myla","tag-nato","tag-news","tag-nord","tag-notizie","tag-notizie-di-cronaca","tag-notizie-principali","tag-notiziedicronaca","tag-notizieprincipali","tag-notte","tag-numero","tag-nuova","tag-nuovi","tag-oblast","tag-oblast-leningrado","tag-offensiva","tag-offensiva-terra","tag-offensiva-terra-kiev","tag-orche","tag-orsi","tag-orso","tag-pacchetto","tag-paesi","tag-perdite","tag-peskov","tag-petrolio","tag-piano","tag-politico","tag-porte","tag-porte-kiev","tag-possibile","tag-possibilita","tag-possono","tag-prepara","tag-preparando","tag-presidente","tag-presidente-russo","tag-presidente-ucraino","tag-presidente-ucraino-volodymyr","tag-proposto","tag-proposto-incontro","tag-propulsione","tag-provocando","tag-putin","tag-putin-trump","tag-putin-trump-zelensky","tag-putin-zelensky","tag-raffineria","tag-raid","tag-rappresentanti","tag-ratcliffe","tag-reazione","tag-regione","tag-riferito","tag-riportato","tag-risolvere","tag-russa","tag-russe","tag-russi","tag-russia","tag-russo","tag-sanzioni","tag-serafini","tag-settimana","tag-sicurezza","tag-stampa","tag-telegram","tag-terra","tag-terra-kiev","tag-testata","tag-tipo","tag-titoli","tag-trilaterale","tag-trump","tag-trump-putin","tag-trump-putin-zelensky","tag-trump-zelensky","tag-ucraina","tag-ucraine","tag-ucraini","tag-ucraino","tag-ucraino-volodymyr","tag-ucraino-volodymyr-zelensky","tag-udite","tag-ultime-notizie","tag-ultime-notizie-di-cronaca","tag-ultime-notizie-e-news-di-oggi","tag-ultimenotizie","tag-ultimenotiziedicronaca","tag-ultimenotizieenewsdioggi","tag-uniti","tag-vertice","tag-viene","tag-visita","tag-vittime","tag-vladimir","tag-vladimir-putin","tag-volodymyr","tag-volodymyr-zelensky","tag-zelensky","tag-zelensky-possibile"],"share_on_mastodon":{"url":"","error":"Validation failed: Text character limit of 500 exceeded"},"_links":{"self":[{"href":"https:\/\/www.europesays.com\/it\/wp-json\/wp\/v2\/posts\/656871","targetHints":{"allow":["GET"]}}],"collection":[{"href":"https:\/\/www.europesays.com\/it\/wp-json\/wp\/v2\/posts"}],"about":[{"href":"https:\/\/www.europesays.com\/it\/wp-json\/wp\/v2\/types\/post"}],"author":[{"embeddable":true,"href":"https:\/\/www.europesays.com\/it\/wp-json\/wp\/v2\/users\/3"}],"replies":[{"embeddable":true,"href":"https:\/\/www.europesays.com\/it\/wp-json\/wp\/v2\/comments?post=656871"}],"version-history":[{"count":0,"href":"https:\/\/www.europesays.com\/it\/wp-json\/wp\/v2\/posts\/656871\/revisions"}],"wp:featuredmedia":[{"embeddable":true,"href":"https:\/\/www.europesays.com\/it\/wp-json\/wp\/v2\/media\/656872"}],"wp:attachment":[{"href":"https:\/\/www.europesays.com\/it\/wp-json\/wp\/v2\/media?parent=656871"}],"wp:term":[{"taxonomy":"category","embeddable":true,"href":"https:\/\/www.europesays.com\/it\/wp-json\/wp\/v2\/categories?post=656871"},{"taxonomy":"post_tag","embeddable":true,"href":"https:\/\/www.europesays.com\/it\/wp-json\/wp\/v2\/tags?post=656871"}],"curies":[{"name":"wp","href":"https:\/\/api.w.org\/{rel}","templated":true}]}}