{"id":656885,"date":"2026-08-30T18:45:13","date_gmt":"2026-08-30T18:45:13","guid":{"rendered":"https:\/\/www.europesays.com\/it\/656885\/"},"modified":"2026-08-30T18:45:13","modified_gmt":"2026-08-30T18:45:13","slug":"pier-silvio-berlusconi-lancia-giganti-su-retequattro-pagine-televisive-di-grande-qualita","status":"publish","type":"post","link":"https:\/\/www.europesays.com\/it\/656885\/","title":{"rendered":"Pier Silvio Berlusconi lancia \u201cGiganti\u201d su Retequattro: \u00abPagine televisive di grande qualit\u00e0\u00bb"},"content":{"rendered":"<p>\n                            Moda e Tendenze, ogni marted\u00ec<br \/>\n                            <b>Iscriviti<\/b> e ricevi le notizie via email\n                        <\/p>\n<p>Al via questa sera, domenica 30 agosto, in prima serata su <a href=\"https:\/\/www.ilmessaggero.it\/t\/retequattro\" rel=\"nofollow noopener\" target=\"_blank\">Retequattro<\/a>, \u201c<a href=\"https:\/\/www.ilmessaggero.it\/t\/giganti\" rel=\"nofollow noopener\" target=\"_blank\">Giganti<\/a>\u201d, il nuovo programma firmato da <a href=\"https:\/\/www.ilmessaggero.it\/t\/toni-capuozzo\" rel=\"nofollow noopener\" target=\"_blank\">Toni Capuozzo<\/a> e dedicato ai grandi protagonisti della storia. La prima puntata sar\u00e0 dedicata a Papa Wojty\u0142a, figura centrale del Novecento e protagonista di una stagione storica, religiosa e politica che ha segnato profondamente il mondo contemporaneo.<\/p>\n<p>Le parole di Pier Silvio Berlusconi<\/p>\n<p>In occasione dell\u2019esordio del nuovo programma, <a href=\"https:\/\/www.ilmessaggero.it\/t\/pier-silvio-berlusconi\" rel=\"nofollow noopener\" target=\"_blank\">Pier Silvio Berlusconi<\/a> ha voluto sostenere la partenza di \u201cGiganti\u201d con una dichiarazione. \u00abSono orgoglioso dei prodotti che partono questa sera su Retequattro, firmati da Toni Capuozzo\u00bb, ha detto l\u2019amministratore delegato di Mfe-Mediaset. Poi il riferimento al taglio del programma e alla prima puntata dedicata a Giovanni Paolo II: \u00abLe serate raccontano i pi\u00f9 grandi personaggi della storia, a partire da Papa Wojty\u0142a. <\/p>\n<p>Sono pagine televisive di grande qualit\u00e0, scritte e curate con la consueta schiettezza, lucidit\u00e0 e libert\u00e0 di pensiero dal caro maestro Toni Capuozzo\u00bb.<\/p>\n<p>Il nuovo programma di Toni Capuozzo<\/p>\n<p>\u201cGiganti\u201d si presenta come un racconto televisivo dedicato alle grandi figure che hanno lasciato un segno nella storia. La conduzione e la firma sono di Toni Capuozzo, giornalista e inviato di lungo corso, volto storico dell\u2019informazione Mediaset. Con la puntata su Papa Wojty\u0142a, il programma inaugura un percorso che punta a ricostruire vite, scelte e passaggi decisivi di personalit\u00e0 capaci di incidere sull\u2019immaginario collettivo e sugli equilibri del proprio tempo. L\u2019appuntamento \u00e8 per questa sera, in prima serata, su Retequattro.<\/p>\n<p>&#13;<br \/>\n                            \u00a9 RIPRODUZIONE RISERVATA&#13;<\/p>\n<p>&#13;<\/p>\n","protected":false},"excerpt":{"rendered":"Moda e Tendenze, ogni marted\u00ec Iscriviti e ricevi le notizie via email Al via questa sera, domenica 30&hellip;\n","protected":false},"author":3,"featured_media":656886,"comment_status":"","ping_status":"","sticky":false,"template":"","format":"standard","meta":{"footnotes":"","_share_on_mastodon":"0"},"categories":[1444],"tags":[1518,203,52095,204,1537,90,89,6270,44206,2656,362458,253],"class_list":["post-656885","post","type-post","status-publish","format-standard","has-post-thumbnail","category-tv","tag-anticipazioni","tag-entertainment","tag-giganti","tag-intrattenimento","tag-it","tag-italia","tag-italy","tag-pier-silvio-berlusconi","tag-rete-4","tag-stasera-in-tv","tag-toni-capuozzo","tag-tv"],"share_on_mastodon":{"url":"https:\/\/pubeurope.com\/@it\/117185945524551705","error":""},"_links":{"self":[{"href":"https:\/\/www.europesays.com\/it\/wp-json\/wp\/v2\/posts\/656885","targetHints":{"allow":["GET"]}}],"collection":[{"href":"https:\/\/www.europesays.com\/it\/wp-json\/wp\/v2\/posts"}],"about":[{"href":"https:\/\/www.europesays.com\/it\/wp-json\/wp\/v2\/types\/post"}],"author":[{"embeddable":true,"href":"https:\/\/www.europesays.com\/it\/wp-json\/wp\/v2\/users\/3"}],"replies":[{"embeddable":true,"href":"https:\/\/www.europesays.com\/it\/wp-json\/wp\/v2\/comments?post=656885"}],"version-history":[{"count":0,"href":"https:\/\/www.europesays.com\/it\/wp-json\/wp\/v2\/posts\/656885\/revisions"}],"wp:featuredmedia":[{"embeddable":true,"href":"https:\/\/www.europesays.com\/it\/wp-json\/wp\/v2\/media\/656886"}],"wp:attachment":[{"href":"https:\/\/www.europesays.com\/it\/wp-json\/wp\/v2\/media?parent=656885"}],"wp:term":[{"taxonomy":"category","embeddable":true,"href":"https:\/\/www.europesays.com\/it\/wp-json\/wp\/v2\/categories?post=656885"},{"taxonomy":"post_tag","embeddable":true,"href":"https:\/\/www.europesays.com\/it\/wp-json\/wp\/v2\/tags?post=656885"}],"curies":[{"name":"wp","href":"https:\/\/api.w.org\/{rel}","templated":true}]}}