{"id":656919,"date":"2026-08-30T19:17:12","date_gmt":"2026-08-30T19:17:12","guid":{"rendered":"https:\/\/www.europesays.com\/it\/656919\/"},"modified":"2026-08-30T19:17:12","modified_gmt":"2026-08-30T19:17:12","slug":"simon-the-stars-oroscopo-mese-di-settembre-per-bilancia-e-scorpione-sentimenti-intensi-il-tempo-delle-scelte-concrete","status":"publish","type":"post","link":"https:\/\/www.europesays.com\/it\/656919\/","title":{"rendered":"Simon &#038; the Stars, oroscopo mese di settembre: per Bilancia e Scorpione sentimenti intensi, il tempo delle scelte concrete"},"content":{"rendered":"<p><strong><a href=\"https:\/\/www.leggo.it\/t\/oroscopo\" rel=\"nofollow noopener\" target=\"_blank\">Oroscopo<\/a> di <a href=\"https:\/\/www.leggo.it\/t\/simon-%26-the-stars\" rel=\"nofollow noopener\" target=\"_blank\">Simon &amp; the Stars<\/a> del mese di settembre<\/strong>. Arriva come un mese di ripartenza, propositi e scelte concrete. Nel nuovo <a href=\"https:\/\/www.leggo.it\/t\/oroscopo\" rel=\"nofollow noopener\" target=\"_blank\">oroscopo<\/a> di <strong>Simon &amp; the Stars<\/strong>, il cielo invita a rimettere ordine dove si \u00e8 creato disordine, a trasformare i desideri in progetti possibili e a guardare con maggiore lucidit\u00e0 relazioni, lavoro e priorit\u00e0 personali.<\/p>\n<p><a class=\"link_item\" data-linked_from=\"9733677\" href=\"https:\/\/www.leggo.it\/schede\/29_agosto_2026_oroscopo_mese_settembre_amore_segni_piu_fortunati_classifica_top_flop-9686965.html\" rel=\"nofollow noopener\" target=\"_blank\"> Oroscopo amore di coppia mese settembre, la classifica dei segni: Bilancia protagonista, per Capricorno, Cancro e Scorpione tornano gli ex<\/a><\/p>\n<p> Oroscopo Simon &amp; the Stars settembre <\/p>\n<p>Il segno simbolo del mese \u00e8 la <strong>Vergine<\/strong>, legata al metodo, all\u2019organizzazione e alla capacit\u00e0 di trovare soluzioni. Ma settembre non parla soltanto di liste, scadenze e doveri: dentro questa energia pratica vive anche il bisogno di dare forma a qualcosa che nasce da un\u2019intuizione, da un sogno o da una nuova consapevolezza.<\/p>\n<p>La domanda che accompagna il mese \u00e8 semplice: quale desiderio pu\u00f2 diventare finalmente un progetto concreto? E quali rapporti sono davvero in grado di sostenerlo? Simon ne parla in un nuovo video pubblicato sul suo <strong>canale Youtube. <\/strong><\/p>\n","protected":false},"excerpt":{"rendered":"Oroscopo di Simon &amp; the Stars del mese di settembre. Arriva come un mese di ripartenza, propositi e&hellip;\n","protected":false},"author":3,"featured_media":656920,"comment_status":"","ping_status":"","sticky":false,"template":"","format":"standard","meta":{"footnotes":"","_share_on_mastodon":"0"},"categories":[174],"tags":[203,204,1537,90,89,2660,330084,81205,5065,8868,41046,358032,15126,362480],"class_list":["post-656919","post","type-post","status-publish","format-standard","has-post-thumbnail","category-intrattenimento","tag-entertainment","tag-intrattenimento","tag-it","tag-italia","tag-italy","tag-oroscopo","tag-oroscopo-mese","tag-oroscopo-settembre","tag-previsioni","tag-segni","tag-segni-zodiacali","tag-settembre-2026","tag-simon-and-the-stars","tag-zodiaco"],"share_on_mastodon":{"url":"https:\/\/pubeurope.com\/@it\/117186071381171993","error":""},"_links":{"self":[{"href":"https:\/\/www.europesays.com\/it\/wp-json\/wp\/v2\/posts\/656919","targetHints":{"allow":["GET"]}}],"collection":[{"href":"https:\/\/www.europesays.com\/it\/wp-json\/wp\/v2\/posts"}],"about":[{"href":"https:\/\/www.europesays.com\/it\/wp-json\/wp\/v2\/types\/post"}],"author":[{"embeddable":true,"href":"https:\/\/www.europesays.com\/it\/wp-json\/wp\/v2\/users\/3"}],"replies":[{"embeddable":true,"href":"https:\/\/www.europesays.com\/it\/wp-json\/wp\/v2\/comments?post=656919"}],"version-history":[{"count":0,"href":"https:\/\/www.europesays.com\/it\/wp-json\/wp\/v2\/posts\/656919\/revisions"}],"wp:featuredmedia":[{"embeddable":true,"href":"https:\/\/www.europesays.com\/it\/wp-json\/wp\/v2\/media\/656920"}],"wp:attachment":[{"href":"https:\/\/www.europesays.com\/it\/wp-json\/wp\/v2\/media?parent=656919"}],"wp:term":[{"taxonomy":"category","embeddable":true,"href":"https:\/\/www.europesays.com\/it\/wp-json\/wp\/v2\/categories?post=656919"},{"taxonomy":"post_tag","embeddable":true,"href":"https:\/\/www.europesays.com\/it\/wp-json\/wp\/v2\/tags?post=656919"}],"curies":[{"name":"wp","href":"https:\/\/api.w.org\/{rel}","templated":true}]}}