{"id":656929,"date":"2026-08-30T19:22:16","date_gmt":"2026-08-30T19:22:16","guid":{"rendered":"https:\/\/www.europesays.com\/it\/656929\/"},"modified":"2026-08-30T19:22:16","modified_gmt":"2026-08-30T19:22:16","slug":"incendio-al-largo-di-jesolo-distrutto-yacht-di-20-metri-salvi-per-miracolo-i-10-a-bordo-fiamme-e-colonna-nera-di-fumo-visibili-dai-bagnanti-in-spiaggia-anche-a-chilometri-di-distanza","status":"publish","type":"post","link":"https:\/\/www.europesays.com\/it\/656929\/","title":{"rendered":"Incendio al largo di Jesolo, distrutto yacht di 20 metri. Salvi per miracolo i 10 a bordo. Fiamme e colonna nera di fumo visibili dai bagnanti in spiaggia anche a chilometri di distanza"},"content":{"rendered":"<p>    di<br \/>\n    Antonella Gasparini<\/p>\n<p class=\"summary-art is-line-h-12\">Venezia, l&#8217;episodio \u00e8 successo nel tardo pomeriggio al largo della localit\u00e0 balneare veneta. I dieci occupanti sono stati trasferiti a bordo di una motovedetta della Capitaneria di porto<\/p>\n<p class=\"chapter-paragraph\">Uno <b>yacht <\/b>di 20 metri \u00e8 andato a fuoco verso le 18.30 di oggi, domenica 30 agosto 2026. Le fiamme sono divampate mentre l&#8217;imbarcazione era al largo di Jesolo e subito dopo una colonna densa di fumo scuro si \u00e8 alzata ed \u00e8 stata vista da tutti i bagnanti sulla spiaggia del litorale di <b>Jesolo <\/b>e della vicina localit\u00e0 di <b>Cavallino Treporti<\/b>, nella citt\u00e0 metropolitana di Venezia. Dieci le persone a bordo: tutti i passeggeri e il conducente sono stati messi in salvo da una scialuppa a bordo della quale i militari della capitaneria di porto hanno trasferito tutti i superstiti fino a portarli a terra salvi e incolumi. <b>Nessuno, infatti, \u00e8 rimasto ferito<\/b>.\u00a0<\/p>\n<p class=\"chapter-paragraph\">Il primo intervento di spegnimento dell&#8217;imponente del rogo che c&#8217;\u00e8 stato non lontano dal faro \u00e8 stato eseguito dai vigili del fuoco, arrivati fino alla barca insieme ai sommozzatori del 115. <b>Il salvataggio \u00e8 avvenuto in tempi record<\/b>. Moltissime le foto sui social, i video e i commenti, la richiesta di notizie dai social jesolani. Anche il presidente del Consiglio regionale <b>Luca Zaia<\/b> l&#8217;ha condiviso sui propri canali social. Si temevano feriti o coinvolti, ma dalle prime verifiche sono tutti salvi. Nessuno \u00e8 stato coinvolto dal fuoco o dal fumo. Tra le ipotesi dell&#8217;incendio, un <b>corto circuito<\/b> che avrebbe provocato le fiamme, che si sono poi alimentate con le vernici e le plastiche dell&#8217;imbarcazione. Questo spiegherebbe anche il fumo denso, scurissimo e visibile in abbondante quantit\u00e0. Dopo lo spegnimento il principale problema \u00e8 legato all&#8217;inquinamento del mare provocato dal carburante dello yacht.    &#13;<br \/>\n&#13;<br \/>\n&#13;<br \/>\n&#13;<br \/>\n&#13;<br \/>\n&#13;<br \/>\n&#13;<br \/>\n&#13;<br \/>\n&#13;<br \/>\n&#13;<br \/>\n&#13;<br \/>\n&#13;<br \/>\n&#13;<br \/>\n&#13;<br \/>\n&#13;<br \/>\n&#13;<br \/>\n&#13;<br \/>\n&#13;<br \/>\n&#13;<br \/>\n&#13;<br \/>\n&#13;<br \/>\n&#13;<br \/>\n&#13;<br \/>\n&#13;<br \/>\n&#13;<br \/>\n&#13;<br \/>\n&#13;<br \/>\n&#13;<br \/>\n&#13;<br \/>\n&#13;<br \/>\n&#13;<br \/>\n&#13;<br \/>\n&#13;<br \/>\n&#13;<br \/>\n&#13;<br \/>\n&#13;<br \/>\n&#13;<br \/>\n&#13;<br \/>\n&#13;<br \/>\n&#13;<br \/>\n&#13;<br \/>\n&#13;<br \/>\n&#13;<br \/>\n&#13;<br \/>\n&#13;<br \/>\n&#13;<br \/>\n&#13;<br \/>\n&#13;<br \/>\n&#13;<br \/>\n&#13;<br \/>\n&#13;<br \/>\n&#13;<br \/>\n&#13;\n<\/p>\n<p>    Voli dirottati<\/p>\n<p class=\"chapter-paragraph\">Nella stessa ora al vicino (in linea d&#8217;aria) aeroporto \u00ab<b>Marco Polo<\/b>\u00bb di Venezia Tessera le autorit\u00e0 compenti prendevano la decisione di fermare tutti gli atterraggi per un&#8217;ora. Il provvedimento ha coinvolto dieci aerei: quattro sono stati dirottati a <b>Bologna<\/b>, quattro a <b>Trieste<\/b>. Un volo in arrivo da Varsavia \u00e8 stato dirottato a <b>Lubiana<\/b>. Non \u00e8 stata fornita la motivazione ufficiale ma \u00e8 stato <b>escluso <\/b>che il fumo nero dell&#8217;imbarcazione abbia provocato questa decisione.<\/p>\n<p class=\"is-mr-t-20 is-mr-b-20\"><b><br \/>\n                                    <a href=\"https:\/\/corrieredelveneto.corriere.it\/venezia-mestre\/?intcmp=Notizielocali_nd_010623_corriere_ss_venezia\" target=\"_blank\" rel=\"nofollow noopener\">Vai a tutte le notizie di Venezia Mestre<\/a><br \/>\n                        <\/b><\/p>\n<p class=\"chapter-paragraph\"><b><a href=\"https:\/\/www.corriere.it\/newsletter\/?theme=39&amp;intcmp=NL-artic_nd_060624_corriere_ss_veneto\" target=\"_blank\" rel=\"nofollow noopener\">Iscriviti alla newsletter del Corriere del Veneto<\/a><\/b><\/p>\n<p class=\"is-last-update\" datetime=\"2026-08-30T20:31:42+02:00\">30 agosto 2026 ( modifica il 30 agosto 2026 | 20:31)<\/p>\n<p class=\"is-copyright\">\n            \u00a9 RIPRODUZIONE RISERVATA\n        <\/p>\n","protected":false},"excerpt":{"rendered":"di Antonella Gasparini Venezia, l&#8217;episodio \u00e8 successo nel tardo pomeriggio al largo della localit\u00e0 balneare veneta. I dieci&hellip;\n","protected":false},"author":3,"featured_media":656930,"comment_status":"","ping_status":"","sticky":false,"template":"","format":"standard","meta":{"footnotes":"","_share_on_mastodon":"0"},"categories":[6],"tags":[3119,362481,8650,6166,6167,10811,14,5316,10736,16657,783,8,6169,3411,1537,90,89,5121,7810,362482,7,15,82,9,83,10,79177,1686,13,11,80,84,12,81,85],"class_list":["post-656929","post","type-post","status-publish","format-standard","has-post-thumbnail","category-ultime-notizie","tag-bagnanti","tag-bagnanti-spiaggia","tag-bordo","tag-capitaneria","tag-capitaneria-porto","tag-colonna","tag-cronaca","tag-dieci","tag-fiamme","tag-fumo","tag-fuoco","tag-headlines","tag-imbarcazione","tag-incendio","tag-it","tag-italia","tag-italy","tag-jesolo","tag-largo","tag-largo-jesolo","tag-news","tag-notizie","tag-notizie-di-cronaca","tag-notizie-principali","tag-notiziedicronaca","tag-notizieprincipali","tag-salvi","tag-social","tag-titoli","tag-ultime-notizie","tag-ultime-notizie-di-cronaca","tag-ultime-notizie-e-news-di-oggi","tag-ultimenotizie","tag-ultimenotiziedicronaca","tag-ultimenotizieenewsdioggi"],"share_on_mastodon":{"url":"","error":"Validation failed: Text character limit of 500 exceeded"},"_links":{"self":[{"href":"https:\/\/www.europesays.com\/it\/wp-json\/wp\/v2\/posts\/656929","targetHints":{"allow":["GET"]}}],"collection":[{"href":"https:\/\/www.europesays.com\/it\/wp-json\/wp\/v2\/posts"}],"about":[{"href":"https:\/\/www.europesays.com\/it\/wp-json\/wp\/v2\/types\/post"}],"author":[{"embeddable":true,"href":"https:\/\/www.europesays.com\/it\/wp-json\/wp\/v2\/users\/3"}],"replies":[{"embeddable":true,"href":"https:\/\/www.europesays.com\/it\/wp-json\/wp\/v2\/comments?post=656929"}],"version-history":[{"count":0,"href":"https:\/\/www.europesays.com\/it\/wp-json\/wp\/v2\/posts\/656929\/revisions"}],"wp:featuredmedia":[{"embeddable":true,"href":"https:\/\/www.europesays.com\/it\/wp-json\/wp\/v2\/media\/656930"}],"wp:attachment":[{"href":"https:\/\/www.europesays.com\/it\/wp-json\/wp\/v2\/media?parent=656929"}],"wp:term":[{"taxonomy":"category","embeddable":true,"href":"https:\/\/www.europesays.com\/it\/wp-json\/wp\/v2\/categories?post=656929"},{"taxonomy":"post_tag","embeddable":true,"href":"https:\/\/www.europesays.com\/it\/wp-json\/wp\/v2\/tags?post=656929"}],"curies":[{"name":"wp","href":"https:\/\/api.w.org\/{rel}","templated":true}]}}