{"id":656979,"date":"2026-08-30T20:10:18","date_gmt":"2026-08-30T20:10:18","guid":{"rendered":"https:\/\/www.europesays.com\/it\/656979\/"},"modified":"2026-08-30T20:10:18","modified_gmt":"2026-08-30T20:10:18","slug":"statine-e-demenza-il-cuore-protegge-anche-il-cervello-lo-studio-che-riapre-la-partita-della-prevenzione","status":"publish","type":"post","link":"https:\/\/www.europesays.com\/it\/656979\/","title":{"rendered":"Statine e demenza, il cuore protegge anche il cervello? Lo studio che riapre la partita della prevenzione"},"content":{"rendered":"<p><strong>Abbassare il colesterolo per proteggere il cuore potrebbe avere un dividendo inatteso: proteggere anche il cervello.<\/strong><\/p>\n<p>\u00c8 il messaggio che arriva dall\u2019<strong>ESC Congress 2026 di Monaco<\/strong>. Ricercatori del <strong>Copenhagen University Hospital<\/strong> hanno analizzato <strong>132.585 persone con diabete di tipo 2<\/strong>, seguite in Danimarca tra il <strong>2006 e il 2021<\/strong>. Durante il periodo di osservazione il <strong>2,7% ha sviluppato una demenza<\/strong>. (ESC 365)<\/p>\n<p>Rispetto a chi non aveva iniziato una statina, l\u2019<strong>avvio precoce della terapia<\/strong> \u00e8 risultato associato a un <strong>rischio relativo di demenza inferiore del 15% a dieci anni<\/strong>; iniziandola pi\u00f9 tardi, la <strong>riduzione era intorno al 10%<\/strong>. L\u2019associazione era <strong>simile negli uomini e nelle donne<\/strong>. (The Guardian)<\/p>\n<p><strong>Non \u00e8 ancora una \u201cpillola contro l\u2019Alzheimer\u201d<\/strong><\/p>\n<p>\u00c8 proprio qui che bisogna evitare il titolo facile.<\/p>\n<p>Lo studio \u00e8 <strong>osservazionale<\/strong>: identifica un\u2019associazione ma <strong>non pu\u00f2 dimostrare che sia stata la statina a evitare la demenza<\/strong>. Inoltre riguarda <strong>esclusivamente persone con diabete di tipo 2<\/strong>, quindi quel \u201c<strong>-15%<\/strong>\u201d non pu\u00f2 essere automaticamente applicato a tutta la popolazione.<\/p>\n<p>E \u201c<strong>iniziare presto<\/strong>\u201d non significa <strong>prescrivere statine indiscriminatamente a quarantenni sani<\/strong>: nello studio indica essenzialmente <strong>anticipare il trattamento nel percorso successivo alla diagnosi di diabete<\/strong>.<\/p>\n<p>Le prove complessive restano infatti articolate. Una <strong>meta-analisi del 2025 su 55 studi osservazionali e oltre 7 milioni di persone<\/strong> ha associato <strong>l\u2019uso delle statine a una riduzione del rischio di demenza<\/strong>. Ma una diversa <strong>meta-analisi di trial randomizzati, oltre 139 mila partecipanti<\/strong>, <strong>non ha dimostrato una riduzione statisticamente significativa di demenza o decadimento cognitivo<\/strong>. Le statine appaiono comunque <strong>rassicuranti sul fronte della sicurezza cognitiva<\/strong>. (PubMed)<\/p>\n<p><strong>La vera notizia \u00e8 la prevenzione cardio-cerebrale<\/strong><\/p>\n<p>Il risultato danese \u00e8 per\u00f2 coerente con qualcosa che ormai sappiamo bene: <strong>cuore, arterie e cervello non sono compartimenti separati<\/strong>.<\/p>\n<p><strong>LDL elevato favorisce l\u2019aterosclerosi<\/strong>. Se ad ammalarsi sono le arterie cerebrali aumentano <strong>ischemie, ictus, alterazioni della perfusione e danno del tessuto cerebrale<\/strong>. \u00c8 quindi <strong>biologicamente plausibile<\/strong> che ridurre precocemente il rischio vascolare produca benefici anche a distanza di decenni. (The Guardian)<\/p>\n<p>La <strong>Lancet Commission sulla demenza<\/strong> ha inserito infatti il <strong>colesterolo LDL elevato nella mezza et\u00e0<\/strong> tra i 14 fattori di rischio modificabili. Complessivamente, <strong>intervenire su questi fattori potrebbe prevenire o ritardare circa il 45% delle demenze<\/strong>; all\u2019<strong>LDL elevato<\/strong> viene attribuita una <strong>quota di rischio di popolazione intorno al 7%<\/strong>. (PubMed)<\/p>\n<p><strong>Per il SSN cambia il bersaglio: prevenire prima<\/strong><\/p>\n<p>Per la sanit\u00e0 italiana questa \u00e8 probabilmente la parte pi\u00f9 interessante. <strong>Continuare a pensare alla demenza soltanto quando compaiono perdita di memoria e disturbi cognitivi significa intervenire quando una parte della storia naturale della malattia \u00e8 gi\u00e0 trascorsa<\/strong>.<\/p>\n<p>La prevenzione del cervello passa invece anche attraverso <strong>pressione, LDL, diabete, obesit\u00e0, fumo, attivit\u00e0 fisica, udito, vista, depressione e isolamento sociale<\/strong>.<\/p>\n<p><strong>Le statine non devono quindi essere prescritte oggi come farmaci anti-Alzheimer<\/strong>. Devono essere <strong>utilizzate quando esiste un\u2019indicazione cardiovascolare appropriata<\/strong>.<\/p>\n<p>Ma il <strong>cambio culturale \u00e8 enorme<\/strong>: la <strong>prevenzione cardiovascolare non serve soltanto a evitare infarti e ictus<\/strong>. Potrebbe essere anche uno degli strumenti con cui il <strong>SSN protegge il patrimonio cognitivo della popolazione che invecchia<\/strong>.<\/p>\n<p><strong>Il cervello degli ottantenni, in altre parole, cominciamo a proteggerlo molti anni prima.<\/strong><\/p>\n<p><strong><img loading=\"lazy\" decoding=\"async\" src=\"https:\/\/www.europesays.com\/it\/wp-content\/uploads\/2026\/08\/ChatGPT_Image_30_ago_2026,_12_46_11-1788086786403.webp\" alt=\"\" width=\"1024\" height=\"1536\" caption=\"false\"\/><\/strong><\/p>\n<p><strong>Fonti:<\/strong><\/p>\n<p><strong>European Society of Cardiology, ESC Congress 2026<\/strong>, Timing of statin treatment following diabetes diagnosis on risk of dementia: a nationwide study, 30 agosto 2026. (ESC 365)<\/p>\n<p><strong>The Guardian, 30 agosto 2026.<\/strong> (The Guardian)<\/p>\n<p><strong>Livingston G. et al.<\/strong>, Dementia prevention, intervention, and care: 2024 report of the Lancet standing Commission, The Lancet, 2024. (PubMed)<\/p>\n<p><strong>Westphal Filho F.L. et al.<\/strong>, Statin use and dementia risk: a systematic review and updated meta-analysis, 2025. (PubMed)<\/p>\n<p><strong>Association of lipid-lowering therapy with dementia and cognitive outcomes: a systematic review and meta-analysis, 2025.<\/strong> (PubMed)<\/p>\n","protected":false},"excerpt":{"rendered":"Abbassare il colesterolo per proteggere il cuore potrebbe avere un dividendo inatteso: proteggere anche il cervello. \u00c8 il&hellip;\n","protected":false},"author":3,"featured_media":656980,"comment_status":"","ping_status":"","sticky":false,"template":"","format":"standard","meta":{"footnotes":"","_share_on_mastodon":"0"},"categories":[175],"tags":[362501,5774,362500,239,1537,90,89,121742,362502,20782,329503,240,199098,112164,30142],"class_list":["post-656979","post","type-post","status-publish","format-standard","has-post-thumbnail","category-salute","tag-copenhagen-university-hospital","tag-demenza","tag-esc-congress-2026","tag-health","tag-it","tag-italia","tag-italy","tag-ldl","tag-livingston-g","tag-monaco","tag-pubmed","tag-salute","tag-statine","tag-the-guardian","tag-the-lancet"],"share_on_mastodon":{"url":"https:\/\/pubeurope.com\/@it\/117186280570120443","error":""},"_links":{"self":[{"href":"https:\/\/www.europesays.com\/it\/wp-json\/wp\/v2\/posts\/656979","targetHints":{"allow":["GET"]}}],"collection":[{"href":"https:\/\/www.europesays.com\/it\/wp-json\/wp\/v2\/posts"}],"about":[{"href":"https:\/\/www.europesays.com\/it\/wp-json\/wp\/v2\/types\/post"}],"author":[{"embeddable":true,"href":"https:\/\/www.europesays.com\/it\/wp-json\/wp\/v2\/users\/3"}],"replies":[{"embeddable":true,"href":"https:\/\/www.europesays.com\/it\/wp-json\/wp\/v2\/comments?post=656979"}],"version-history":[{"count":0,"href":"https:\/\/www.europesays.com\/it\/wp-json\/wp\/v2\/posts\/656979\/revisions"}],"wp:featuredmedia":[{"embeddable":true,"href":"https:\/\/www.europesays.com\/it\/wp-json\/wp\/v2\/media\/656980"}],"wp:attachment":[{"href":"https:\/\/www.europesays.com\/it\/wp-json\/wp\/v2\/media?parent=656979"}],"wp:term":[{"taxonomy":"category","embeddable":true,"href":"https:\/\/www.europesays.com\/it\/wp-json\/wp\/v2\/categories?post=656979"},{"taxonomy":"post_tag","embeddable":true,"href":"https:\/\/www.europesays.com\/it\/wp-json\/wp\/v2\/tags?post=656979"}],"curies":[{"name":"wp","href":"https:\/\/api.w.org\/{rel}","templated":true}]}}