{"id":656981,"date":"2026-08-30T20:11:18","date_gmt":"2026-08-30T20:11:18","guid":{"rendered":"https:\/\/www.europesays.com\/it\/656981\/"},"modified":"2026-08-30T20:11:18","modified_gmt":"2026-08-30T20:11:18","slug":"siete-trogloditi-digitali-lo-sfogo-di-alice-de-andre-dopo-la-tempesta-di-commenti-sessisti-sulla-foto-al-festival-il-video","status":"publish","type":"post","link":"https:\/\/www.europesays.com\/it\/656981\/","title":{"rendered":"\u201cSiete trogloditi digitali\u201d. Lo sfogo di Alice De Andr\u00e8 dopo la tempesta di commenti sessisti sulla foto al festival: il video"},"content":{"rendered":"<p>Todi (Perugia), 30 agosto 2026 \u2013\u00a0Una foto in cui lei, l\u2019attrice 27enne <strong>Alice De Andr\u00e8<\/strong>, figlia di Cristiano e nipote del grande Faber, appare sorridente insieme al direttore del Todi Festival, <strong>Silvano Spada<\/strong>. Una foto senza alcuna malizia, postata sui social della rassegna per lo spettacolo di cui \u00e8 stata protagonista nella citt\u00e0 umbra. Ma la fogna social, si s\u00e0, \u00e8 sempre aperta e anche in questo caso non ha mancato di dare bella mostra di s\u00e9 con una valanga di commenti sessisti.<\/p>\n<p>Uomini, mezz\u2019uomini, ominicchi\u00a0e quaquaraqu\u00e0<\/p>\n<p> <img alt=\"Alice De Andr\u00e8\" loading=\"lazy\" width=\"1600\" height=\"900\" decoding=\"async\" data-nimg=\"1\" style=\"color:transparent;max-width:100%;height:auto\"   src=\"https:\/\/www.europesays.com\/it\/wp-content\/uploads\/2026\/08\/alice-de-andre.webp\"\/><\/p>\n<p>Alice De Andr\u00e8<\/p>\n<p>Lo sfogo <\/p>\n<p>Commenti sessisti che l\u2019attrice ha stigmatizzato in una didascalia fulminante (\u201cUomini, mezz\u2019uomini, ominicchi, pigliainculo e quaquaraqu\u00e0\u201d diceva un tale) e\u00a0in un video postato sulla sua pagina Instagram, che ha raccolto quasi 12mila like una valanga di commenti e condivisioni. \u201cLa\u00a0cosa che mi sconvolge di pi\u00f9 non \u00e8 che qualcuno abbia guardato il\u00a0mio seno \u2013\u00a0spiega \u2013\u00a0Quello che invece trovo interessante \u00e8 la velocit\u00e0 con cui, appena compare un corpo femminile, tutto il resto sparisce. Nel giro di qualche minuto non ero pi\u00f9 attrice, una persona che era l\u00ec a lavorare, una donna con qualcosa da dire. Ero diventata due tette con una biografia attaccata dietro\u201d.<\/p>\n<p> <img alt=\"\u201cSiete trogloditi digitali\u201d. Lo sfogo di Alice De Andr\u00e8 dopo la tempesta di commenti sessisti sulla foto al festival: il video\" loading=\"lazy\" width=\"429\" height=\"762\" decoding=\"async\" data-nimg=\"1\" style=\"color:transparent\"  src=\"https:\/\/www.europesays.com\/it\/wp-content\/uploads\/2026\/08\/xb2fe22.jpeg\"\/><br \/>\nIl rispetto che manca <\/p>\n<p>Alice De Andr\u00e8 continua nel suo <strong>video<\/strong>: \u201cMa la cosa davvero pi\u00f9 impressionante \u2013\u00a0afferma \u2013\u00a0\u00e8 il fatto che voi vi sentiate autorizzati a scrivere qualunque cosa, a parlare del corpo di una donna come se dall\u2019altra parte non ci fosse una persona, e non sto\u00a0dicendo che non possiate trovare una donna attraente o sexy: il problema \u00e8 il momento in cui decidete che quel pensiero l\u00ec debba diventare una <strong>volgarit\u00e0 <\/strong>scritta pubblicamente sotto la foto di una persona che non conoscete neanche\u201d.<\/p>\n<p> <img alt=\"Alice De Andr\u00e8\" loading=\"lazy\" width=\"1600\" height=\"900\" decoding=\"async\" data-nimg=\"1\" style=\"color:transparent;max-width:100%;height:auto\"   src=\"https:\/\/www.europesays.com\/it\/wp-content\/uploads\/2026\/08\/1788120678_778_alice-de-andre.webp\"\/><\/p>\n<p>Alice De Andr\u00e8<\/p>\n<p>E continua: \u201cPerch\u00e9\u00a0io lo so che molti di voi sono padri di famiglia, mariti, fratelli di sorelle, zii, figli, persone che, immagino, nella vita reale pretendano un briciolo di rispetto per le donne che amano. E poi entrate su un social e vi sentite in diritto di scrivere a una sconosciuta le peggiori cose che vi passano per la testa. Questa cosa non vi rende pi\u00f9 maschi n\u00e9 spiritosi e nemmeno trasgressivi: vi rende dei <strong>trogloditi digitali<\/strong>\u201d.<\/p>\n","protected":false},"excerpt":{"rendered":"Todi (Perugia), 30 agosto 2026 \u2013\u00a0Una foto in cui lei, l\u2019attrice 27enne Alice De Andr\u00e8, figlia di Cristiano&hellip;\n","protected":false},"author":3,"featured_media":656982,"comment_status":"","ping_status":"","sticky":false,"template":"","format":"standard","meta":{"footnotes":"","_share_on_mastodon":"0"},"categories":[174],"tags":[37492,9534,2715,8792,203,4631,204,1537,90,89,356658,45166,28705,362503,2392],"class_list":["post-656981","post","type-post","status-publish","format-standard","has-post-thumbnail","category-intrattenimento","tag-alice","tag-andre","tag-commenti","tag-digitali","tag-entertainment","tag-festival","tag-intrattenimento","tag-it","tag-italia","tag-italy","tag-sessisti","tag-sfogo","tag-tempesta","tag-trogloditi","tag-video"],"share_on_mastodon":{"url":"https:\/\/pubeurope.com\/@it\/117186284480900974","error":""},"_links":{"self":[{"href":"https:\/\/www.europesays.com\/it\/wp-json\/wp\/v2\/posts\/656981","targetHints":{"allow":["GET"]}}],"collection":[{"href":"https:\/\/www.europesays.com\/it\/wp-json\/wp\/v2\/posts"}],"about":[{"href":"https:\/\/www.europesays.com\/it\/wp-json\/wp\/v2\/types\/post"}],"author":[{"embeddable":true,"href":"https:\/\/www.europesays.com\/it\/wp-json\/wp\/v2\/users\/3"}],"replies":[{"embeddable":true,"href":"https:\/\/www.europesays.com\/it\/wp-json\/wp\/v2\/comments?post=656981"}],"version-history":[{"count":0,"href":"https:\/\/www.europesays.com\/it\/wp-json\/wp\/v2\/posts\/656981\/revisions"}],"wp:featuredmedia":[{"embeddable":true,"href":"https:\/\/www.europesays.com\/it\/wp-json\/wp\/v2\/media\/656982"}],"wp:attachment":[{"href":"https:\/\/www.europesays.com\/it\/wp-json\/wp\/v2\/media?parent=656981"}],"wp:term":[{"taxonomy":"category","embeddable":true,"href":"https:\/\/www.europesays.com\/it\/wp-json\/wp\/v2\/categories?post=656981"},{"taxonomy":"post_tag","embeddable":true,"href":"https:\/\/www.europesays.com\/it\/wp-json\/wp\/v2\/tags?post=656981"}],"curies":[{"name":"wp","href":"https:\/\/api.w.org\/{rel}","templated":true}]}}