{"id":657004,"date":"2026-08-30T20:31:18","date_gmt":"2026-08-30T20:31:18","guid":{"rendered":"https:\/\/www.europesays.com\/it\/657004\/"},"modified":"2026-08-30T20:31:18","modified_gmt":"2026-08-30T20:31:18","slug":"eclissi-di-luna-immortalata-in-nevegal-luogo-eccezionale-per-i-miei-scatti","status":"publish","type":"post","link":"https:\/\/www.europesays.com\/it\/657004\/","title":{"rendered":"Eclissi di luna immortalata in Nevegal \u00abLuogo eccezionale per i miei scatti\u00bb"},"content":{"rendered":"<p><a href=\"https:\/\/www.ilgazzettino.it\/t\/belluno\" rel=\"nofollow noopener\" target=\"_blank\">BELLUNO<\/a> &#8211; Ce l&#8217;ha fatta anche stavolta: dopo il sole, la <a href=\"https:\/\/www.ilgazzettino.it\/t\/luna\" rel=\"nofollow noopener\" target=\"_blank\">luna<\/a>. Mario De Marco solo il 12 agosto scorso era salito in Faverghera (<a href=\"https:\/\/www.ilgazzettino.it\/t\/nevegal\" rel=\"nofollow noopener\" target=\"_blank\">Nevegal<\/a>) per immortalare con il suo obiettivo l&#8217;<a href=\"https:\/\/www.ilgazzettino.it\/t\/eclissi\" rel=\"nofollow noopener\" target=\"_blank\">eclissi<\/a> solare, e il fotografo naturalista voltaghese anche stavolta \u00e8 riuscito nella sua impresa: catturare un&#8217;altra eclisssi, sempre parziale ma in questo caso di luna e sempre nello stesso luogo. Favarghera balcone privilegiato, quindi, non solo da De Marco per osservare i fenomeni del cielo.<\/p>\n<p>    &#13;<\/p>\n<p>APPROFONDIMENTI<\/p>\n<p>&#13;<br \/>\n        &#13;<\/p>\n<p> Lo scatto <\/p>\n<p>De Marco si \u00e8 alzato dal letto alle 3 della notte fra gioved\u00ec e venerd\u00ec lasciandosi alle spalle l&#8217;Agordino per giungere sul colle dei Bellunesi in tempo per avere l&#8217;orizzonte libero, e per documentare un altro evento straordinario: appunto l&#8217;eclissi di luna, che si \u00e8 prolungata fino quasi alle prime luci dell&#8217;alba, ovvero alle 5.45 con oscuramento dell&#8217;85% della superficie. L&#8217;emozione del fotografo agordino \u00e8 palpabile nelle sua breve quanto significativo racconto: \u00abAgosto \u00e8 stato un mese straordinario con il 12 l&#8217;eclissi di sole parziale e a qualche settimana di distanza l&#8217;eclissi di luna parziale, sempre nello stesso luogo del Nevegal. A mente fredda fa un certo che vedere le due eclissi a confronto\u00bb.<\/p>\n<p>Le altre foto <\/p>\n<p>De Marco \u00e8 gi\u00e0 noto per aver immortalato l&#8217;aurora boreale nei cieli agordini lo scorso novembre, gli ampissimi fulmini sulle montagne agordine a inizio estate, e ha una quarantennale esperienza come fotografo naturalista amatoriale, con all&#8217;attivo circa 20mila scatti. Conosce in maniera approfondita la montagna e i suoi ritmi: ne coglie minuziosamente i fenomeni che immortala poi col suo obiettivo. E anche in quest&#8217;ultima occasione non ha fallito.<\/p>\n<p>(Foto di Mario De Marco)<br \/>\u00a0<\/p>\n","protected":false},"excerpt":{"rendered":"BELLUNO &#8211; Ce l&#8217;ha fatta anche stavolta: dopo il sole, la luna. Mario De Marco solo il 12&hellip;\n","protected":false},"author":3,"featured_media":657005,"comment_status":"","ping_status":"","sticky":false,"template":"","format":"standard","meta":{"footnotes":"","_share_on_mastodon":"0"},"categories":[1446],"tags":[1615,1613,1614,1611,1610,431,1612,62924,203,204,1537,90,89,11818,362518],"class_list":["post-657004","post","type-post","status-publish","format-standard","has-post-thumbnail","category-arte-e-design","tag-arte","tag-arte-e-design","tag-arteedesign","tag-arts","tag-arts-and-design","tag-belluno","tag-design","tag-eclissi","tag-entertainment","tag-intrattenimento","tag-it","tag-italia","tag-italy","tag-luna","tag-nevegal"],"share_on_mastodon":{"url":"https:\/\/pubeurope.com\/@it\/117186362494549040","error":""},"_links":{"self":[{"href":"https:\/\/www.europesays.com\/it\/wp-json\/wp\/v2\/posts\/657004","targetHints":{"allow":["GET"]}}],"collection":[{"href":"https:\/\/www.europesays.com\/it\/wp-json\/wp\/v2\/posts"}],"about":[{"href":"https:\/\/www.europesays.com\/it\/wp-json\/wp\/v2\/types\/post"}],"author":[{"embeddable":true,"href":"https:\/\/www.europesays.com\/it\/wp-json\/wp\/v2\/users\/3"}],"replies":[{"embeddable":true,"href":"https:\/\/www.europesays.com\/it\/wp-json\/wp\/v2\/comments?post=657004"}],"version-history":[{"count":0,"href":"https:\/\/www.europesays.com\/it\/wp-json\/wp\/v2\/posts\/657004\/revisions"}],"wp:featuredmedia":[{"embeddable":true,"href":"https:\/\/www.europesays.com\/it\/wp-json\/wp\/v2\/media\/657005"}],"wp:attachment":[{"href":"https:\/\/www.europesays.com\/it\/wp-json\/wp\/v2\/media?parent=657004"}],"wp:term":[{"taxonomy":"category","embeddable":true,"href":"https:\/\/www.europesays.com\/it\/wp-json\/wp\/v2\/categories?post=657004"},{"taxonomy":"post_tag","embeddable":true,"href":"https:\/\/www.europesays.com\/it\/wp-json\/wp\/v2\/tags?post=657004"}],"curies":[{"name":"wp","href":"https:\/\/api.w.org\/{rel}","templated":true}]}}